{"id":131724,"date":"2025-09-22T12:20:26","date_gmt":"2025-09-22T12:20:26","guid":{"rendered":"https:\/\/www.europesays.com\/es\/131724\/"},"modified":"2025-09-22T12:20:26","modified_gmt":"2025-09-22T12:20:26","slug":"san-sebastian-de-los-reyes-y-alcobendas-se-unen-para-rendir-homenaje-a-la-policia-nacional-por-su-bicentenario-la-plaza-de-sanse","status":"publish","type":"post","link":"https:\/\/www.europesays.com\/es\/131724\/","title":{"rendered":"San Sebasti\u00e1n de los Reyes y Alcobendas se unen para rendir homenaje a la Polic\u00eda Nacional por su bicentenario &#8211; La Plaza de Sanse"},"content":{"rendered":"<p>\u2022 El Cuerpo Nacional de Polic\u00eda cuenta con una glorieta que lleva su nombre en la Avenida de Espa\u00f1a, junto a la Comisar\u00eda de Polic\u00eda Nacional que comparten ambas localidades.\u00a0<br \/>\u2022 Tambi\u00e9n se han inaugurado sendos monumentos en las dos aceras de esta v\u00eda que corresponden a cada una de las localidades.<\/p>\n<p>Las vecinas ciudades de San Sebasti\u00e1n de los Reyes y Alcobendas han vuelto a demostrar su buena sinton\u00eda y se han unido para rendir un emotivo homenaje a la Polic\u00eda Nacional con motivo del bicentenario de su fundaci\u00f3n y en reconocimiento a estos dos siglos de entrega, vocaci\u00f3n de servicio y compromiso con la ciudadan\u00eda.<\/p>\n<p>El acto solemne tuvo lugar en la Avenida de Espa\u00f1a, arteria que une a ambas ciudades, frente a la Comisar\u00eda de Polic\u00eda de Alcobendas y San Sebasti\u00e1n de los Reyes y ha estado presidido por la alcaldesa de Alcobendas, Roc\u00edo Garc\u00eda Alc\u00e1ntara, y la alcaldesa de San Sebasti\u00e1n de los Reyes, Luc\u00eda S. Fern\u00e1ndez.<\/p>\n<p>Centenares de vecinos de ambas localidades no quisieron perderse este merecido homenaje que cont\u00f3 con la presencia de la secretaria segunda de le Mesa del Senado, Mar\u00eda del Mar Blanco Garrido; el jefe superior de Polic\u00eda Nacional de Madrid, Javier Mar\u00eda Galv\u00e1n Ruiz; el comisario de Polic\u00eda Nacional de Alcobendas y San Sebasti\u00e1n de los Reyes, Roberto Gonz\u00e1lez de Juli\u00e1n.<\/p>\n<p>Nueva \u2018Glorieta de la Polic\u00eda Nacional\u2019<br \/>Las alcaldesas inauguraron dos monumentos y sendas placas en cada una de las aceras de la Avenida de Espa\u00f1a que corresponden a cada uno de los municipios con la nueva denominaci\u00f3n de \u201cGlorieta de la Polic\u00eda Nacional\u201d como s\u00edmbolo al reconocimiento permanente de ambas localidades hacia este Cuerpo de Seguridad del Estado que ambas comparten.\u00a0<\/p>\n<p>Luc\u00eda S. Fern\u00e1ndez\u00a0\u00a0afirm\u00f3 que \u201cno podemos olvidar que el homenaje que hoy realizamos era una deuda pendiente que ten\u00edamos con nuestra Polic\u00eda Nacional. Un tributo permanente a dos siglos de Historia y un agradecimiento por el servicio impecable en beneficio de todos los espa\u00f1oles\u201d.\u00a0<\/p>\n<p style=\"text-align:center\"><img loading=\"lazy\" decoding=\"async\" alt=\"\" height=\"471\" src=\"https:\/\/www.europesays.com\/es\/wp-content\/uploads\/2025\/09\/3464700c-fd1a-3cc6-2541-956f5f10781c\" width=\"700\"\/><\/p>\n<p>Roc\u00edo Garc\u00eda, por su parte, quiso destacar que \u201ccoincidiendo con su 200 aniversario, las ciudades de Alcobendas y San Sebasti\u00e1n de los Reyes nos unimos para poner en valor la inmaculada trayectoria de la Polic\u00eda Nacional. Nos unimos en defensa de nuestra Constituci\u00f3n, de la democracia y de las libertades p\u00fablicas. Nos unimos para inaugurar un nuevo espacio compartido que rinde homenaje a la entrega y dedicaci\u00f3n de la Polic\u00eda Nacional\u201d.\u00a0<\/p>\n<p>El acto finaliz\u00f3 con un sentido homenaje a los ca\u00eddos del cuerpo y el Himno de la Polic\u00eda Nacional.<\/p>\n<p>\u00a0<\/p>\n<p><strong>La Plaza de Sanse<\/strong><\/p>\n","protected":false},"excerpt":{"rendered":"\u2022 El Cuerpo Nacional de Polic\u00eda cuenta con una glorieta que lleva su nombre en la Avenida de&hellip;\n","protected":false},"author":2,"featured_media":131725,"comment_status":"","ping_status":"","sticky":false,"template":"","format":"standard","meta":{"footnotes":""},"categories":[5],"tags":[42138,17,18,25,24,13,14,42137,11,42136,19,20,9,10,15,16,338,585,23,12,21,22],"class_list":{"0":"post-131724","1":"post","2":"type-post","3":"status-publish","4":"format-standard","5":"has-post-thumbnail","7":"category-titulares","8":"tag-200-anos-policia-nacional","9":"tag-breaking-news","10":"tag-breakingnews","11":"tag-es","12":"tag-espana","13":"tag-featured-news","14":"tag-featurednews","15":"tag-glorieta-avenida-de-espana","16":"tag-headlines","17":"tag-homenaje-policia-nacional","18":"tag-latest-news","19":"tag-latestnews","20":"tag-news","21":"tag-noticias","22":"tag-noticias-destacadas","23":"tag-noticiasdestacadas","24":"tag-portada","25":"tag-seguridad","26":"tag-spain","27":"tag-titulares","28":"tag-ultimas-noticias","29":"tag-ultimasnoticias"},"share_on_mastodon":{"url":"","error":""},"_links":{"self":[{"href":"https:\/\/www.europesays.com\/es\/wp-json\/wp\/v2\/posts\/131724","targetHints":{"allow":["GET"]}}],"collection":[{"href":"https:\/\/www.europesays.com\/es\/wp-json\/wp\/v2\/posts"}],"about":[{"href":"https:\/\/www.europesays.com\/es\/wp-json\/wp\/v2\/types\/post"}],"author":[{"embeddable":true,"href":"https:\/\/www.europesays.com\/es\/wp-json\/wp\/v2\/users\/2"}],"replies":[{"embeddable":true,"href":"https:\/\/www.europesays.com\/es\/wp-json\/wp\/v2\/comments?post=131724"}],"version-history":[{"count":0,"href":"https:\/\/www.europesays.com\/es\/wp-json\/wp\/v2\/posts\/131724\/revisions"}],"wp:featuredmedia":[{"embeddable":true,"href":"https:\/\/www.europesays.com\/es\/wp-json\/wp\/v2\/media\/131725"}],"wp:attachment":[{"href":"https:\/\/www.europesays.com\/es\/wp-json\/wp\/v2\/media?parent=131724"}],"wp:term":[{"taxonomy":"category","embeddable":true,"href":"https:\/\/www.europesays.com\/es\/wp-json\/wp\/v2\/categories?post=131724"},{"taxonomy":"post_tag","embeddable":true,"href":"https:\/\/www.europesays.com\/es\/wp-json\/wp\/v2\/tags?post=131724"}],"curies":[{"name":"wp","href":"https:\/\/api.w.org\/{rel}","templated":true}]}}