{"id":131728,"date":"2025-09-22T12:22:14","date_gmt":"2025-09-22T12:22:14","guid":{"rendered":"https:\/\/www.europesays.com\/es\/131728\/"},"modified":"2025-09-22T12:22:14","modified_gmt":"2025-09-22T12:22:14","slug":"jayro-munoz-finaliza-la-coleccion-matadores-de-toros-en-el-mundo","status":"publish","type":"post","link":"https:\/\/www.europesays.com\/es\/131728\/","title":{"rendered":"Jayro Mu\u00f1oz finaliza la colecci\u00f3n &#8216;Matadores de toros en el Mundo&#8217;"},"content":{"rendered":"<p class=\"v-mdl-ath__p v-mdl-ath__p--6\">\nDomingo, 21 de septiembre 2025, 22:45<\/p>\n<p class=\"v-p\"><strong>El polifac\u00e9tico moralo Jayro Mu\u00f1oz Garc\u00eda acaba de presentar el tomo 0, correspondiente al siglo XIX, de la colecci\u00f3n Matadores de Toros en el Mundo, en colaboraci\u00f3n con el vasco Antonio Picamills. <\/strong><\/p>\n<p class=\"v-p\">\u00abSe trata de una obra que recopila las biograf\u00edas de los toreros que se doctoraron durante la convulsa centuria mencionada, atravesada por conflictos b\u00e9licos, transformaciones pol\u00edticas y el auge del pensamiento liberal\u00bb, explican sus autores.<\/p>\n<p class=\"v-p\">Este nuevo volumen abarca desde 1800 hasta 1900, ofreciendo un retrato \u00abminucioso y apasionante de los toreros que tomaron la alternativa, rito que se afianz\u00f3 durante el siglo XIX\u00bb. <\/p>\n<p class=\"v-p\">Adem\u00e1s, explora la expansi\u00f3n de la corrida a la usanza espa\u00f1ola en Am\u00e9rica, con especial atenci\u00f3n a M\u00e9xico, \u00abdonde la lidia encontr\u00f3 un terreno f\u00e9rtil para florecer con identidad propia. En definitiva, este libro entrelaza historia y toreo, revelando los v\u00ednculos culturales que unieron a ambos lados del Atl\u00e1ntico\u00bb.<\/p>\n<p class=\"v-p\">Uno de los aspectos destacados este tomo es su portada, que reproduce el cuadro &#8216;Patio de cuadra de caballos de la plaza de toros, antes de una corrida&#8217; (1853), obra del pintor Manuel Castellanos, cedida para la ocasi\u00f3n por el Museo Nacional del Prado.<\/p>\n<p class=\"v-p\"><strong>Un referente<\/strong><\/p>\n<p class=\"v-p\">Para terminar, se recuerda que la colecci\u00f3n fue iniciada con los siete tomos dedicados a los siglos XX y XXI por Antonio Picamills, quien desde 2020 cuenta con la colaboraci\u00f3n de Jayro Mu\u00f1oz, que le propuso ampliar el proyecto a los siglos anteriores. <\/p>\n<p class=\"v-p\">Ambos autores trabajan conjuntamente en esta labor de recuperaci\u00f3n hist\u00f3rica que se ha convertido en un \u00abreferente para estudiosos, aficionados y amantes de la tauromaquia\u00bb.<\/p>\n<p class=\"v-p\">El libro est\u00e1 a la venta al precio de 25 euros y puede adquirirse a trav\u00e9s del correo electr\u00f3nico matadoresdetorosenelmundo@gmail.com.<\/p>\n<p>Reporta un error<\/p>\n","protected":false},"excerpt":{"rendered":"Domingo, 21 de septiembre 2025, 22:45 El polifac\u00e9tico moralo Jayro Mu\u00f1oz Garc\u00eda acaba de presentar el tomo 0,&hellip;\n","protected":false},"author":2,"featured_media":131729,"comment_status":"","ping_status":"","sticky":false,"template":"","format":"standard","meta":{"footnotes":""},"categories":[277],"tags":[373,3000,168,25,24,24311,42139,12723,3013,8360,23,167,374,444],"class_list":{"0":"post-131728","1":"post","2":"type-post","3":"status-publish","4":"format-standard","5":"has-post-thumbnail","7":"category-toreo","8":"tag-bullfighting","9":"tag-coleccion","10":"tag-deportes","11":"tag-es","12":"tag-espana","13":"tag-finaliza","14":"tag-jayro","15":"tag-matadores","16":"tag-mundo","17":"tag-munoz","18":"tag-spain","19":"tag-sports","20":"tag-toreo","21":"tag-toros"},"share_on_mastodon":{"url":"","error":""},"_links":{"self":[{"href":"https:\/\/www.europesays.com\/es\/wp-json\/wp\/v2\/posts\/131728","targetHints":{"allow":["GET"]}}],"collection":[{"href":"https:\/\/www.europesays.com\/es\/wp-json\/wp\/v2\/posts"}],"about":[{"href":"https:\/\/www.europesays.com\/es\/wp-json\/wp\/v2\/types\/post"}],"author":[{"embeddable":true,"href":"https:\/\/www.europesays.com\/es\/wp-json\/wp\/v2\/users\/2"}],"replies":[{"embeddable":true,"href":"https:\/\/www.europesays.com\/es\/wp-json\/wp\/v2\/comments?post=131728"}],"version-history":[{"count":0,"href":"https:\/\/www.europesays.com\/es\/wp-json\/wp\/v2\/posts\/131728\/revisions"}],"wp:featuredmedia":[{"embeddable":true,"href":"https:\/\/www.europesays.com\/es\/wp-json\/wp\/v2\/media\/131729"}],"wp:attachment":[{"href":"https:\/\/www.europesays.com\/es\/wp-json\/wp\/v2\/media?parent=131728"}],"wp:term":[{"taxonomy":"category","embeddable":true,"href":"https:\/\/www.europesays.com\/es\/wp-json\/wp\/v2\/categories?post=131728"},{"taxonomy":"post_tag","embeddable":true,"href":"https:\/\/www.europesays.com\/es\/wp-json\/wp\/v2\/tags?post=131728"}],"curies":[{"name":"wp","href":"https:\/\/api.w.org\/{rel}","templated":true}]}}