{"id":131738,"date":"2025-09-22T12:28:13","date_gmt":"2025-09-22T12:28:13","guid":{"rendered":"https:\/\/www.europesays.com\/es\/131738\/"},"modified":"2025-09-22T12:28:13","modified_gmt":"2025-09-22T12:28:13","slug":"leo-fiebich-se-despide-de-la-wnba-pero-no-regresa-aun-a-valencia","status":"publish","type":"post","link":"https:\/\/www.europesays.com\/es\/131738\/","title":{"rendered":"Leo Fiebich se despide de la WNBA pero no regresa a\u00fan a Val\u00e8ncia"},"content":{"rendered":"<p class=\"ft-text\">Acabada ya la pretemporada con pleno de victorias tras el <a class=\"ft-link ft-link--decoration\" href=\"https:\/\/www.superdeporte.es\/valencia-basket\/2025\/09\/21\/awa-fam-kayla-alexander-lideran-victoria-taronja-estudiantes-121803593.html\" rel=\"nofollow noopener\" target=\"_blank\">\u00faltimo triunfo ante el Movistar Estudiantes en Paterna<\/a>, <strong>el Valencia Basket afronta ya la primera semana de competici\u00f3n oficial, con la disputa de la Supercopa LF Endesa<\/strong> el fin de semana en Huesca. Un primer t\u00edtulo en juego para el que Rub\u00e9n Burgos recuperar\u00e1 a Raquel Carrera pese a sus molestias en la rodilla, aunque seguir\u00e1 teniendo las bajas de Cristina Ouvi\u00f1a e incluso de <a class=\"ft-link ft-link--decoration\" href=\"https:\/\/baloncestoenvivo.feb.es\/jugador\/887825\/2532108\" rel=\"nofollow noopener\" target=\"_blank\">Leo Fiebich<\/a> a pesar de haber ca\u00eddo eliminada ya de la WNBA.<\/p>\n<p class=\"ft-text\">La exterior alemana <strong>ha terminado de competir en Estados Unidos un mes antes que el a\u00f1o pasado tras la derrota de las New York Liberty en las semifinales<\/strong>, pero ello no implica que vaya a adelantar en principio su regreso a Val\u00e8ncia, ya que acord\u00f3 con el club un per\u00edodo de descanso antes de incorporarse a la temporada.<\/p>\n<p><img decoding=\"async\" src=\"https:\/\/www.europesays.com\/es\/wp-content\/uploads\/2025\/09\/5cf9aff2-fcac-4069-a611-8714aac28d76_alta-libre-aspect-ratio_default_0.jpg\" width=\"1200\" height=\"800\" alt=\"Leo Fiebich pugna por un bal\u00f3n con la jugadora de Phoenix Mercury Natasha Mack.\" class=\"ft-helper-img-rd\" loading=\"lazy\" hasdataaida=\"true\"\/><\/p>\n<p class=\"ft-helper-fontColor-quaternary ft-helper-fontSize-body-S ft-helper-spacer-t-xxs\">Leo Fiebich pugna por un bal\u00f3n con la jugadora de Phoenix Mercury Natasha Mack.  \/ AP<\/p>\n<p class=\"ft-text\">As\u00ed, <strong>no estar\u00e1 ni en la Supercopa ni en el inicio de la Liga y de la Euroleague Women,<\/strong> empezando ahora el per\u00edodo de descanso que apenas tuvo a final de la temporada pasada, tras ganar la Liga Femenina Endesa en el \u00faltimo partido ante el Casademont en Zaragoza.<\/p>\n<p>Su llegada el a\u00f1o pasado<\/p>\n<p class=\"ft-text\">El a\u00f1o pasado, la germana <a class=\"ft-link ft-link--decoration\" href=\"https:\/\/www.superdeporte.es\/valencia-basket\/2024\/12\/27\/ultimo-fichaje-taronja-leo-fiebich-valencia-basket-112962136.html\" rel=\"nofollow noopener\" target=\"_blank\"><strong>lleg\u00f3 a Val\u00e8ncia el 27 de diciembre<\/strong><\/a> tras oficializarse su fichaje ocho d\u00edas antes y despu\u00e9s de haberse proclamado campeona de la WNBA con las Liberty el 21 de octubre. Eso s\u00ed, no debut\u00f3 con el Valencia Basket hasta enero tras m\u00e1s de dos meses de par\u00f3n entre ambas competiciones.<\/p>\n<p><img decoding=\"async\" src=\"https:\/\/www.europesays.com\/es\/wp-content\/uploads\/2025\/09\/883f681b-f10a-4206-8b60-f7a49c6298be_alta-libre-aspect-ratio_default_0.jpg\" width=\"1200\" height=\"750\" alt=\"Leo Fiebich, a su llegada al aeropuerto de Manises el a\u00f1o pasado tras haber ganado la WNBA.\" class=\"ft-helper-img-rd\" loading=\"lazy\" hasdataaida=\"true\"\/><\/p>\n<p class=\"ft-helper-fontColor-quaternary ft-helper-fontSize-body-S ft-helper-spacer-t-xxs\">Leo Fiebich, a su llegada al aeropuerto de Manises el a\u00f1o pasado tras haber ganado la WNBA.  \/ F. Calabuig<\/p>\n<p class=\"ft-text\">La germana, con contrato hasta 2026 con el Valencia Basket, <strong>ha brillado tambi\u00e9n este verano en una WNBA en la que <\/strong><a class=\"ft-link ft-link--decoration\" href=\"https:\/\/www.superdeporte.es\/valencia-basket\/2025\/07\/14\/leo-fiebich-firma-mejor-actuacion-119694578.html\" rel=\"nofollow noopener\" target=\"_blank\">logr\u00f3 su mejor actuaci\u00f3n el pasado 13 de julio<\/a>, al sumar 21 puntos, capturar 4 rebotes y dar 4 asistencias.<\/p>\n","protected":false},"excerpt":{"rendered":"Acabada ya la pretemporada con pleno de victorias tras el \u00faltimo triunfo ante el Movistar Estudiantes en Paterna,&hellip;\n","protected":false},"author":2,"featured_media":131739,"comment_status":"","ping_status":"","sticky":false,"template":"","format":"standard","meta":{"footnotes":""},"categories":[269],"tags":[299,1918,298,168,8637,25,24,42140,4308,42141,8677,23,167,575,235,2916,4847],"class_list":{"0":"post-131738","1":"post","2":"type-post","3":"status-publish","4":"format-standard","5":"has-post-thumbnail","7":"category-baloncesto","8":"tag-baloncesto","9":"tag-basket","10":"tag-basketball","11":"tag-deportes","12":"tag-eliminacion","13":"tag-es","14":"tag-espana","15":"tag-fiebich","16":"tag-leo","17":"tag-leo-fiebich","18":"tag-planes","19":"tag-spain","20":"tag-sports","21":"tag-tras","22":"tag-valencia","23":"tag-valencia-basket","24":"tag-wnba"},"share_on_mastodon":{"url":"","error":""},"_links":{"self":[{"href":"https:\/\/www.europesays.com\/es\/wp-json\/wp\/v2\/posts\/131738","targetHints":{"allow":["GET"]}}],"collection":[{"href":"https:\/\/www.europesays.com\/es\/wp-json\/wp\/v2\/posts"}],"about":[{"href":"https:\/\/www.europesays.com\/es\/wp-json\/wp\/v2\/types\/post"}],"author":[{"embeddable":true,"href":"https:\/\/www.europesays.com\/es\/wp-json\/wp\/v2\/users\/2"}],"replies":[{"embeddable":true,"href":"https:\/\/www.europesays.com\/es\/wp-json\/wp\/v2\/comments?post=131738"}],"version-history":[{"count":0,"href":"https:\/\/www.europesays.com\/es\/wp-json\/wp\/v2\/posts\/131738\/revisions"}],"wp:featuredmedia":[{"embeddable":true,"href":"https:\/\/www.europesays.com\/es\/wp-json\/wp\/v2\/media\/131739"}],"wp:attachment":[{"href":"https:\/\/www.europesays.com\/es\/wp-json\/wp\/v2\/media?parent=131738"}],"wp:term":[{"taxonomy":"category","embeddable":true,"href":"https:\/\/www.europesays.com\/es\/wp-json\/wp\/v2\/categories?post=131738"},{"taxonomy":"post_tag","embeddable":true,"href":"https:\/\/www.europesays.com\/es\/wp-json\/wp\/v2\/tags?post=131738"}],"curies":[{"name":"wp","href":"https:\/\/api.w.org\/{rel}","templated":true}]}}