{"id":131742,"date":"2025-09-22T12:30:09","date_gmt":"2025-09-22T12:30:09","guid":{"rendered":"https:\/\/www.europesays.com\/es\/131742\/"},"modified":"2025-09-22T12:30:09","modified_gmt":"2025-09-22T12:30:09","slug":"tom-holland-sufre-una-conmocion-cerebral-durante-el-rodaje-de-spider-man-brand-new-day","status":"publish","type":"post","link":"https:\/\/www.europesays.com\/es\/131742\/","title":{"rendered":"Tom Holland sufre una conmoci\u00f3n cerebral durante el rodaje de &#8216;Spider-Man: Brand New Day&#8217;"},"content":{"rendered":"<p class=\"v-mdl-ath__p v-mdl-ath__p--6\">\nLunes, 22 de septiembre 2025, 13:03<\/p>\n<p>| Actualizado 13:46h.<\/p>\n<p class=\"v-p\">El rodaje de &#8216;Spider-Man: Brand New Day&#8217;, el nuevo largometraje del superh\u00e9roe de Marvel, ha tenido que ser suspendido temporalmente despu\u00e9s del incidente sucedido el pasado viernes y que oblig\u00f3 al ingreso hospitalario de su protagonista, el actor Tom Holland, debido a una conmoci\u00f3n cerebral. Seg\u00fan han informado medios brit\u00e1nicos, el accidente se produjo durante la filmaci\u00f3n de una escena de riesgo en la que Holland realizaba una acrobacia. <\/p>\n<p class=\"v-p\">\u00abNos llamaron a las 10:30 horas de la ma\u00f1ana del viernes para atender a un paciente que hab\u00eda sufrido una lesi\u00f3n en Leavesden Studios, en Watford. Se envi\u00f3 una ambulancia al lugar y el paciente fue trasladado al hospital para recibir atenci\u00f3n adicional\u00bb, ha informado a The Sun un portavoz del Servicio de Ambulancias del este de Inglaterra.<\/p>\n<p class=\"v-p\">A pesar del susto, parece que se trat\u00f3 de una conmoci\u00f3n leve que no ha ido a mayores, aunque el actor se tomar\u00e1 unos d\u00edas de descanso por precauci\u00f3n, seg\u00fan han confirmado desde la productora de la pel\u00edcula.<\/p>\n<p class=\"v-p\"> Holland y su prometida, Zendaya, que estaba con \u00e9l en el momento del accidente, han acudido a un acto ben\u00e9fico durante el fin de semana, lo que se ha interpretado como una buena se\u00f1al sobre la evoluci\u00f3n del actor, que, si bien no quiso faltar a la cita solidaria, se retir\u00f3 temprano debido a las molestias que todav\u00eda arrastra. En todo caso, se espera su regreso al set de rodaje en unos d\u00edas. <\/p>\n<p>Comenta<\/p>\n<p>Reporta un error<\/p>\n","protected":false},"excerpt":{"rendered":"Lunes, 22 de septiembre 2025, 13:03 | Actualizado 13:46h. El rodaje de &#8216;Spider-Man: Brand New Day&#8217;, el nuevo&hellip;\n","protected":false},"author":2,"featured_media":131743,"comment_status":"","ping_status":"","sticky":false,"template":"","format":"standard","meta":{"footnotes":""},"categories":[174],"tags":[9624,255,25517,12756,9360,146,147,25,24,256,13499,5866,7206,23,27541,11463,9459],"class_list":{"0":"post-131742","1":"post","2":"type-post","3":"status-publish","4":"format-standard","5":"has-post-thumbnail","7":"category-famosos","8":"tag-brand","9":"tag-celebrities","10":"tag-cerebral","11":"tag-conmocion","12":"tag-day","13":"tag-entertainment","14":"tag-entretenimiento","15":"tag-es","16":"tag-espana","17":"tag-famosos","18":"tag-holland","19":"tag-new","20":"tag-rodaje","21":"tag-spain","22":"tag-spiderman","23":"tag-sufre","24":"tag-tom"},"share_on_mastodon":{"url":"","error":""},"_links":{"self":[{"href":"https:\/\/www.europesays.com\/es\/wp-json\/wp\/v2\/posts\/131742","targetHints":{"allow":["GET"]}}],"collection":[{"href":"https:\/\/www.europesays.com\/es\/wp-json\/wp\/v2\/posts"}],"about":[{"href":"https:\/\/www.europesays.com\/es\/wp-json\/wp\/v2\/types\/post"}],"author":[{"embeddable":true,"href":"https:\/\/www.europesays.com\/es\/wp-json\/wp\/v2\/users\/2"}],"replies":[{"embeddable":true,"href":"https:\/\/www.europesays.com\/es\/wp-json\/wp\/v2\/comments?post=131742"}],"version-history":[{"count":0,"href":"https:\/\/www.europesays.com\/es\/wp-json\/wp\/v2\/posts\/131742\/revisions"}],"wp:featuredmedia":[{"embeddable":true,"href":"https:\/\/www.europesays.com\/es\/wp-json\/wp\/v2\/media\/131743"}],"wp:attachment":[{"href":"https:\/\/www.europesays.com\/es\/wp-json\/wp\/v2\/media?parent=131742"}],"wp:term":[{"taxonomy":"category","embeddable":true,"href":"https:\/\/www.europesays.com\/es\/wp-json\/wp\/v2\/categories?post=131742"},{"taxonomy":"post_tag","embeddable":true,"href":"https:\/\/www.europesays.com\/es\/wp-json\/wp\/v2\/tags?post=131742"}],"curies":[{"name":"wp","href":"https:\/\/api.w.org\/{rel}","templated":true}]}}