{"id":131746,"date":"2025-09-22T12:33:11","date_gmt":"2025-09-22T12:33:11","guid":{"rendered":"https:\/\/www.europesays.com\/es\/131746\/"},"modified":"2025-09-22T12:33:11","modified_gmt":"2025-09-22T12:33:11","slug":"es-hacer-television-a-costa-del-sufrimiento-de-una-persona","status":"publish","type":"post","link":"https:\/\/www.europesays.com\/es\/131746\/","title":{"rendered":"Es hacer televisi\u00f3n a costa del sufrimiento de una persona"},"content":{"rendered":"<p class=\"L6-news-detail__text\">\u00ab<b>Me parece una basura<\/b>. Me parece<b> hacer televisi\u00f3n a costa del sufrimiento de una persona<\/b>. Es un horror\u00bb, suelta<b> Na\u00edm Thomas<\/b>, concursante de la primera edici\u00f3n de <b><a title=\"Operaci\u00f3n Triunfo\" href=\"https:\/\/www.lasexta.com\/programas\/lo-de-evole\/regalo-rosa-lopez-familia-ganar-operacion-triunfo-vivir-como-buenos-andaluces_2025040867f514474d114f0001338cd9.html\" target=\"_blank\" rel=\"nofollow noopener\">Operaci\u00f3n Triunfo<\/a><\/b> en el p\u00f3dcast &#8216;Animales humanos&#8217;.<\/p>\n<p class=\"L6-news-detail__text\">El cantante no tarda en pedir perd\u00f3n por estas duras palabras, que ya forman parte del <b><a title=\"ranking de los &#039;zascas&#039; de Aruser@s\" href=\"https:\/\/www.lasexta.com\/sextometro\/aruseros\/que-video-quieres-que-gane-zasca-semana_2025091868cbc23f1b05386b62a0048e.html\" target=\"_blank\" rel=\"nofollow noopener\">ranking de los &#8216;zascas&#8217; de Aruser@s<\/a><\/b>, y matiza que no se refiere a todo el programa.<\/p>\n<p class=\"L6-news-detail__text\">El int\u00e9rprete de la versi\u00f3n m\u00e1s conocida en Espa\u00f1a de &#8216;<b>Cruel to be Kind<\/b>&#8216; habla de esta manera de las denominadas como <b>&#8216;galas cero&#8217; del famoso &#8216;talent\/reality show&#8217;<\/b>, aunque por suerte, afirma, en su a\u00f1o no tuvieron que hacer frente a nada parecido. \u00abFuimos 16 y fin\u00bb, explica.<\/p>\n<p class=\"L6-news-detail__text\">En el plat\u00f3 del programa de laSexta, <b>Mar\u00eda Moya destaca que se trata de una gala muy dura<\/b>. \u00abQue se queden unos cuantos a las puertas en esta gala cero&#8230;\u00bb, reflexiona la tertuliana.<\/p>\n<p class=\"L6-support-news-video__title\">En ning\u00fan plat\u00f3<\/p>\n<p>            <a href=\"https:\/\/www.lasexta.com\/programas\/arusitys\/recado-belen-esteban-campos-que-mencionen-hija-andrea-llevo-delante-corto-puto-pelo_2025092268d10c4231b8a3479b73b5da.html\" class=\"L6-news__link\" rel=\"nofollow noopener\" target=\"_blank\"><br \/>\n                El recado de Bel\u00e9n Esteban a &#8216;las Campos&#8217; para que no mencionen a su hija Andrea: \u00abOs llevo por delante y no me corto ni un puto pelo\u00bb<\/p>\n<p class=\"recirculation-video-desc\">\u00abDe la m\u00eda, ni esto. La m\u00eda no se ha ido a un plat\u00f3 de televisi\u00f3n ni a hablar de su padre, de &#8216;la&#8217; Campanario ni de su madre\u00bb, dice Bel\u00e9n Esteban a Terelu Campos y Carmen Borrego a trav\u00e9s de su programa en el Canal Quickie. Un &#8216;zasca&#8217; que recoge Aruser@s.<\/p>\n<p>            <\/a><\/p>\n","protected":false},"excerpt":{"rendered":"\u00abMe parece una basura. Me parece hacer televisi\u00f3n a costa del sufrimiento de una persona. Es un horror\u00bb,&hellip;\n","protected":false},"author":2,"featured_media":131747,"comment_status":"","ping_status":"","sticky":false,"template":"","format":"standard","meta":{"footnotes":""},"categories":[171],"tags":[146,147,25,24,23,214],"class_list":{"0":"post-131746","1":"post","2":"type-post","3":"status-publish","4":"format-standard","5":"has-post-thumbnail","7":"category-tv","8":"tag-entertainment","9":"tag-entretenimiento","10":"tag-es","11":"tag-espana","12":"tag-spain","13":"tag-tv"},"share_on_mastodon":{"url":"","error":""},"_links":{"self":[{"href":"https:\/\/www.europesays.com\/es\/wp-json\/wp\/v2\/posts\/131746","targetHints":{"allow":["GET"]}}],"collection":[{"href":"https:\/\/www.europesays.com\/es\/wp-json\/wp\/v2\/posts"}],"about":[{"href":"https:\/\/www.europesays.com\/es\/wp-json\/wp\/v2\/types\/post"}],"author":[{"embeddable":true,"href":"https:\/\/www.europesays.com\/es\/wp-json\/wp\/v2\/users\/2"}],"replies":[{"embeddable":true,"href":"https:\/\/www.europesays.com\/es\/wp-json\/wp\/v2\/comments?post=131746"}],"version-history":[{"count":0,"href":"https:\/\/www.europesays.com\/es\/wp-json\/wp\/v2\/posts\/131746\/revisions"}],"wp:featuredmedia":[{"embeddable":true,"href":"https:\/\/www.europesays.com\/es\/wp-json\/wp\/v2\/media\/131747"}],"wp:attachment":[{"href":"https:\/\/www.europesays.com\/es\/wp-json\/wp\/v2\/media?parent=131746"}],"wp:term":[{"taxonomy":"category","embeddable":true,"href":"https:\/\/www.europesays.com\/es\/wp-json\/wp\/v2\/categories?post=131746"},{"taxonomy":"post_tag","embeddable":true,"href":"https:\/\/www.europesays.com\/es\/wp-json\/wp\/v2\/tags?post=131746"}],"curies":[{"name":"wp","href":"https:\/\/api.w.org\/{rel}","templated":true}]}}