{"id":131750,"date":"2025-09-22T12:35:13","date_gmt":"2025-09-22T12:35:13","guid":{"rendered":"https:\/\/www.europesays.com\/es\/131750\/"},"modified":"2025-09-22T12:35:13","modified_gmt":"2025-09-22T12:35:13","slug":"todos-los-estrenos-y-novedades-de-amazon-prime-video-en-octubre-de-2025","status":"publish","type":"post","link":"https:\/\/www.europesays.com\/es\/131750\/","title":{"rendered":"Todos los estrenos y novedades de Amazon Prime Video en octubre de 2025"},"content":{"rendered":"<p class=\"\">El mes de octubre <a href=\"https:\/\/as.com\/meristation\/series\/todos-los-estrenos-y-novedades-de-amazon-prime-video-en-septiembre-de-2025-n\/\" target=\"_blank\" rel=\"nofollow noopener\" title=\"https:\/\/as.com\/meristation\/series\/todos-los-estrenos-y-novedades-de-amazon-prime-video-en-septiembre-de-2025-n\/\">en Prime Video<\/a> arrancar\u00e1 con fuerza, ya que el primer d\u00eda podremos disfrutar de la nueva pel\u00edcula de acci\u00f3n de <b>Mark Wahlberg<\/b>. Hablamos de <b>\u2018Juego sucio\u2019<\/b>, en la que interpreta a un experto ladr\u00f3n que, junto a su grupo de maleantes, se ver\u00e1 las caras con nada menos que la Mafia de New York. A Wahlberg lo acompa\u00f1an <b>Lakeith Stanfield<\/b> (\u2019D\u00e9jame salir\u2019), <b>Rosa Salazar<\/b> (\u2019Alita: \u00c1ngel de combate\u2019) o <b>Thomas Jane<\/b> (\u2019La niebla\u2019), entre otros, adem\u00e1s de estar dirigida por <b>Shane Black<\/b>. Black es responsable, como productor o guionista, de pel\u00edculas de acci\u00f3n populares como \u2018El \u00faltimo boy scout\u2019 o \u2018Arma letal 2\u2032, contando en su carrera como director con \u2018Iron Man 3\u2032 o \u2018Depredador\u2019 (2018). <\/p>\n<p class=\"\">Adem\u00e1s, llega la tercera y \u00faltima entrega de la trilog\u00eda \u2018Culpables\u2019, \u2018Culpa nuestra\u2019, basada en la obra de Mercedes Ron. Como habitualmente, protagonizada por j\u00f3venes valores del cine espa\u00f1ol como <b>Nicole Wallace<\/b>, <b>Gabriel Guevara<\/b> o <b>Gabriela Andrada<\/b>, pero tambi\u00e9n veteranas como <b>Marta Hazas<\/b> o <b>Goya Toledo<\/b>. <\/p>\n<p>Todas las pel\u00edculas de estreno de <a href=\"https:\/\/www.primevideo.com\/offers\/nonprimehomepage\/ref=dv_web_force_rootnnotimeriqueverseptiembre25\" target=\"_blank\" rel=\"nofollow sponsored noopener\" title=\"https:\/\/www.primevideo.com\/offers\/nonprimehomepage\/ref=dv_web_force_rootnnotimeriqueverseptiembre25\"><b>Prime Video<\/b><\/a><\/p>\n<p class=\"\"><b>1 de octubre<\/b><\/p>\n<p class=\"\"><b>8 de octubre<\/b><\/p>\n<ul>\n<li>\u2018Se requiere mantenimiento\u2019<\/li>\n<\/ul>\n<p class=\"\"><b>10 de octubre<\/b><\/p>\n<ul>\n<li>\u2018John Candy: I like me\u2019<\/li>\n<\/ul>\n<p class=\"\"><b>16 de octubre<\/b><\/p>\n<p class=\"\"><b>29 de octubre<\/b><\/p>\n<p>Todas las series de estreno de <a href=\"https:\/\/www.primevideo.com\/offers\/nonprimehomepage\/ref=dv_web_force_rootnnotimeriqueverseptiembre25\" target=\"_blank\" rel=\"nofollow sponsored noopener\" title=\"https:\/\/www.primevideo.com\/offers\/nonprimehomepage\/ref=dv_web_force_rootnnotimeriqueverseptiembre25\"><b>Prime Video<\/b><\/a><\/p>\n<p class=\"\"><b>3 de octubre<\/b><\/p>\n<p>Noticias relacionadas<\/p>\n<p class=\"\"><b>29 de octubre<\/b><\/p>\n<ul>\n<li>\u2018Hazbin Hotel: El hotel de las viejas glorias\u2019<\/li>\n<\/ul>\n<p class=\"\">Sigue el <a href=\"https:\/\/twitter.com\/MeriStation?s=20\" target=\"_blank\" rel=\"nofollow noopener\">canal de MeriStation en Twitter<\/a>. Tu web de videojuegos y de entretenimiento, para conocer todas las noticias, novedades y \u00faltima hora sobre el mundo del videojuego, cine, series, manga y anime. Avances, an\u00e1lisis, entrevistas, tr\u00e1ileres, gameplays, podcasts y mucho m\u00e1s. \u00a1Suscr\u00edbete!<\/p>\n<p><script async src=\"https:\/\/platform.twitter.com\/widgets.js\" charset=\"utf-8\"><\/script><\/p>\n","protected":false},"excerpt":{"rendered":"El mes de octubre en Prime Video arrancar\u00e1 con fuerza, ya que el primer d\u00eda podremos disfrutar de&hellip;\n","protected":false},"author":2,"featured_media":131751,"comment_status":"","ping_status":"","sticky":false,"template":"","format":"standard","meta":{"footnotes":""},"categories":[169],"tags":[177,146,147,25,24,176,175,23],"class_list":{"0":"post-131750","1":"post","2":"type-post","3":"status-publish","4":"format-standard","5":"has-post-thumbnail","7":"category-cine","8":"tag-cine","9":"tag-entertainment","10":"tag-entretenimiento","11":"tag-es","12":"tag-espana","13":"tag-film","14":"tag-movies","15":"tag-spain"},"share_on_mastodon":{"url":"","error":""},"_links":{"self":[{"href":"https:\/\/www.europesays.com\/es\/wp-json\/wp\/v2\/posts\/131750","targetHints":{"allow":["GET"]}}],"collection":[{"href":"https:\/\/www.europesays.com\/es\/wp-json\/wp\/v2\/posts"}],"about":[{"href":"https:\/\/www.europesays.com\/es\/wp-json\/wp\/v2\/types\/post"}],"author":[{"embeddable":true,"href":"https:\/\/www.europesays.com\/es\/wp-json\/wp\/v2\/users\/2"}],"replies":[{"embeddable":true,"href":"https:\/\/www.europesays.com\/es\/wp-json\/wp\/v2\/comments?post=131750"}],"version-history":[{"count":0,"href":"https:\/\/www.europesays.com\/es\/wp-json\/wp\/v2\/posts\/131750\/revisions"}],"wp:featuredmedia":[{"embeddable":true,"href":"https:\/\/www.europesays.com\/es\/wp-json\/wp\/v2\/media\/131751"}],"wp:attachment":[{"href":"https:\/\/www.europesays.com\/es\/wp-json\/wp\/v2\/media?parent=131750"}],"wp:term":[{"taxonomy":"category","embeddable":true,"href":"https:\/\/www.europesays.com\/es\/wp-json\/wp\/v2\/categories?post=131750"},{"taxonomy":"post_tag","embeddable":true,"href":"https:\/\/www.europesays.com\/es\/wp-json\/wp\/v2\/tags?post=131750"}],"curies":[{"name":"wp","href":"https:\/\/api.w.org\/{rel}","templated":true}]}}