{"id":131756,"date":"2025-09-22T12:38:10","date_gmt":"2025-09-22T12:38:10","guid":{"rendered":"https:\/\/www.europesays.com\/es\/131756\/"},"modified":"2025-09-22T12:38:10","modified_gmt":"2025-09-22T12:38:10","slug":"festival-de-san-sebastian-2025-critica-de-maspalomas-de-jose-mari-goenaga-y-aitor-arregi-competencia-oficial","status":"publish","type":"post","link":"https:\/\/www.europesays.com\/es\/131756\/","title":{"rendered":"Festival de San Sebasti\u00e1n 2025: cr\u00edtica de \u201cMaspalomas\u201d, de Jose Mari Goenaga y Aitor Arregi (Competencia Oficial)"},"content":{"rendered":"<blockquote>\n<p>Los directores vascos de films como <strong>La trinchera infinita<\/strong> (2019) jugaron de locales y estrenaron su m\u00e1s reciente largometraje en la secci\u00f3n principal del festival.\u00a0<\/p>\n<\/blockquote>\n<p>\t\t\t\t\t\t\t\t\t<a href=\"#\">Violeta Kovacsics, desde San Sebasti\u00e1n<\/a><\/p>\n<p>\n\t\t\t\t\t\t\t\t\tPublicada el 22\/09\/2025\n\t\t\t\t\t\t\t\t<\/p>\n<ul class=\"clearlist content-slider\">\n<li>\n\t\t\t\t\t\t\t\t\t\t\t<img decoding=\"async\" src=\"https:\/\/www.europesays.com\/es\/wp-content\/uploads\/2025\/09\/maspalomas-critica.jpg\" alt=\"\"\/>\n\t\t\t\t\t\t\t\t\t\t\t\t\t\t\t\t\t\t\t\t\t<\/li>\n<\/ul>\n<p><strong>Maspalomas<\/strong> (Espa\u00f1a\/2025): Direcci\u00f3n: Jose Mari Goenaga y Aitor Arregi. Elenco: Jose Ramon Soroiz, Nagore Aranburu y Kandido Uranga. Guion: Jose Mari Goenaga. Fotograf\u00eda: Javier Agirre. Edici\u00f3n: Maialen Sarasua. M\u00fasica: Ar\u00e1nzazu Calleja. Duraci\u00f3n: 115 minutos. <strong>Estreno mundial en la Competencia Oficial. <\/strong><\/p>\n<p>Al comienzo de <strong>Maspalomas<\/strong>, la c\u00e1mara sigue a Vicente (Jose Ramon Soroiz) por el paisaje asalvajado de una playa. Con \u00e9l, de pelo te\u00f1ido y bigotito, vamos descubriendo el lugar, propicio para los encuentros sexuales de un grupo de hombres. Todo es luminoso y festivo; de hecho, el recorrido no solo desvela los placeres carnales sino el hedonismo de <strong>Maspalomas<\/strong>: la playa es como una gran discoteca.<\/p>\n<p>De la fiesta bajo el sol pasamos a la penumbra de los pasillos de un local donde discurren diversos encuentros que la c\u00e1mara filma con la misma curiosidad que tiene el protagonista.<\/p>\n<p>Hasta aqu\u00ed, esto podr\u00eda ser una derivada de <strong>El desconocido del lago<\/strong>, del franc\u00e9s Alain Guiraudie; solo que Maspalomas no va a tratar tanto de los espacios de libertad para las sexualidades disidentes, sino de su reverso. Vicente, que tiene 76 a\u00f1os, sufre un contratiempo de salud, y del sol, la playa y el libertinaje, pasamos por corte a las estancias de una residencia.<\/p>\n<p>Del hombre rejuvenecido por el tinte y la ropa ligera, pasamos a un rostro envejecido por las canas. Esto sucede nada m\u00e1s comenzar, as\u00ed que claramente Jose Mari Goenaga y Aitor Arregi quieren concentrarse en ese reverso.<\/p>\n<p>En la residencia, Vicente padecer\u00e1 la opresi\u00f3n de una estructura social que le obliga a esconder su homosexualidad. La audacia del comienzo, con un tr\u00e1nsito de lo c\u00e1lido a lo fr\u00edo, de lo libre a lo constrictivo, contrasta con un cierto costumbrismo de la parte central, en la que no faltan los comentarios sobre temas de actualidad.<\/p>\n","protected":false},"excerpt":{"rendered":"Los directores vascos de films como La trinchera infinita (2019) jugaron de locales y estrenaron su m\u00e1s reciente&hellip;\n","protected":false},"author":2,"featured_media":131757,"comment_status":"","ping_status":"","sticky":false,"template":"","format":"standard","meta":{"footnotes":""},"categories":[91],"tags":[146,147,25,24,23],"class_list":{"0":"post-131756","1":"post","2":"type-post","3":"status-publish","4":"format-standard","5":"has-post-thumbnail","7":"category-entretenimiento","8":"tag-entertainment","9":"tag-entretenimiento","10":"tag-es","11":"tag-espana","12":"tag-spain"},"share_on_mastodon":{"url":"","error":""},"_links":{"self":[{"href":"https:\/\/www.europesays.com\/es\/wp-json\/wp\/v2\/posts\/131756","targetHints":{"allow":["GET"]}}],"collection":[{"href":"https:\/\/www.europesays.com\/es\/wp-json\/wp\/v2\/posts"}],"about":[{"href":"https:\/\/www.europesays.com\/es\/wp-json\/wp\/v2\/types\/post"}],"author":[{"embeddable":true,"href":"https:\/\/www.europesays.com\/es\/wp-json\/wp\/v2\/users\/2"}],"replies":[{"embeddable":true,"href":"https:\/\/www.europesays.com\/es\/wp-json\/wp\/v2\/comments?post=131756"}],"version-history":[{"count":0,"href":"https:\/\/www.europesays.com\/es\/wp-json\/wp\/v2\/posts\/131756\/revisions"}],"wp:featuredmedia":[{"embeddable":true,"href":"https:\/\/www.europesays.com\/es\/wp-json\/wp\/v2\/media\/131757"}],"wp:attachment":[{"href":"https:\/\/www.europesays.com\/es\/wp-json\/wp\/v2\/media?parent=131756"}],"wp:term":[{"taxonomy":"category","embeddable":true,"href":"https:\/\/www.europesays.com\/es\/wp-json\/wp\/v2\/categories?post=131756"},{"taxonomy":"post_tag","embeddable":true,"href":"https:\/\/www.europesays.com\/es\/wp-json\/wp\/v2\/tags?post=131756"}],"curies":[{"name":"wp","href":"https:\/\/api.w.org\/{rel}","templated":true}]}}