{"id":131758,"date":"2025-09-22T12:39:07","date_gmt":"2025-09-22T12:39:07","guid":{"rendered":"https:\/\/www.europesays.com\/es\/131758\/"},"modified":"2025-09-22T12:39:07","modified_gmt":"2025-09-22T12:39:07","slug":"la-fuerte-demanda-del-iphone-17-obliga-a-la-compania-a-reajustar-toda-su-produccion","status":"publish","type":"post","link":"https:\/\/www.europesays.com\/es\/131758\/","title":{"rendered":"la fuerte demanda del iPhone 17 obliga a la compa\u00f1\u00eda a reajustar toda su producci\u00f3n"},"content":{"rendered":"<p>El ambiente que se ha vivido este primer fin de semana de lanzamiento no se ve\u00eda desde hac\u00eda mucho tiempo. <strong>Las tiendas principales de Apple<\/strong>, como la de Puerta del Sol en Madrid o la de Paseo de Gracia en Barcelona,<strong> han tenido colas que llegaban a durar cerca de una hora<\/strong>. Incluso gente que iba con su cita de reserva ha tenido que esperar m\u00e1s de 40 minutos para recoger su nuevo dispositivo.<\/p>\n<p>La imagen se ha repetido en toda Espa\u00f1a. Yo mismo me acerqu\u00e9 el viernes por la tarde a la Apple Store de Zaragoza, que suele ser m\u00e1s tranquila, y hab\u00eda una cola considerable. Es m\u00e1s,<strong> el s\u00e1bado, ya sin stock <\/strong>para comprar directamente, todav\u00eda hab\u00eda gente esperando para las recogidas.<\/p>\n<p>Hablando con varios empleados, nos confirmaron lo que ya se intu\u00eda: ha sido uno de los lanzamientos con m\u00e1s movimiento de los \u00faltimos a\u00f1os. Y es normal, con una gama tan potente en la que el nuevo <a class=\"text-outboundlink\" href=\"https:\/\/www.applesfera.com\/analisis\/apple-iphone-air-analisis-caracteristicas-precio-especificaciones\" data-vars-post-title=\"iPhone Air, an\u00e1lisis: el iPhone que llega del futuro\" data-vars-post-url=\"https:\/\/www.applesfera.com\/analisis\/apple-iphone-air-analisis-caracteristicas-precio-especificaciones\" rel=\"nofollow noopener\" target=\"_blank\">iPhone Air<\/a> y el <a class=\"text-outboundlink\" href=\"https:\/\/www.applesfera.com\/analisis\/apple-iphone-17-pro-analisis-caracteristicas-precio-especificaciones\" data-vars-post-title=\"iPhone 17 Pro, an\u00e1lisis: potencia, c\u00e1mara de vapor y ocho lentes en el bolsillo. Todo un iPhone Ultra en esencia\" data-vars-post-url=\"https:\/\/www.applesfera.com\/analisis\/apple-iphone-17-pro-analisis-caracteristicas-precio-especificaciones\" rel=\"nofollow noopener\" target=\"_blank\">iPhone 17 Pro<\/a> se han llevado casi todos los focos. Pero,<strong> entre tanto ruido, hay otro protagonista que est\u00e1 brillando con luz propia<\/strong>: el <a class=\"text-outboundlink\" href=\"https:\/\/www.applesfera.com\/analisis\/apple-iphone-17-analisis-caracteristicas-precio-especificaciones\" data-vars-post-title=\"iPhone 17, an\u00e1lisis: Apple refina su joya\" data-vars-post-url=\"https:\/\/www.applesfera.com\/analisis\/apple-iphone-17-analisis-caracteristicas-precio-especificaciones\" rel=\"nofollow noopener\" target=\"_blank\">iPhone 17<\/a>.<\/p>\n<p>El modelo de entrada, sin cambiar apenas de dise\u00f1o, parece estar encantando a los compradores. Y no es solo una sensaci\u00f3n. Seg\u00fan ha adelantado The Information, su acogida ha sido tan buena que <strong>Apple ya ha tenido que mover ficha y pedir a sus f\u00e1bricas que produzcan m\u00e1s <\/strong>para poder seguir el ritmo.<\/p>\n<p>Apple pisa el acelerador con el iPhone 17<\/p>\n<p>Tal y como desgrana <a rel=\"noopener, noreferrer nofollow\" href=\"https:\/\/www.theinformation.com\/articles\/apple-rushes-boost-production-cheaper-iphone-17\" target=\"_blank\">The Information<\/a>, Apple habr\u00eda pedido a sus socios que <strong>aumenten la fabricaci\u00f3n diaria del iPhone 17 entre un 30% y un 40%<\/strong>. Y este dato es m\u00e1s interesante de lo que parece a simple vista. Para empezar, la cifra en s\u00ed: un 30-40% de aumento son muchos cientos de miles de iPhone 17 m\u00e1s. Pero lo que de verdad sorprende es el cu\u00e1ndo y el porqu\u00e9.<\/p>\n<p>Que durante un lanzamiento los plazos de entrega se alarguen una o dos semanas es completamente normal. A lo que no estamos acostumbrados es a que Apple tome una decisi\u00f3n de <strong>aumentar la producci\u00f3n de forma tan dr\u00e1stica y tan pronto<\/strong>. Es una medida importante, porque sus efectos no son inmediatos. Impacta en toda la planificaci\u00f3n de la cadena de suministro para las pr\u00f3ximas semanas y meses.<\/p>\n<p>Y, sobre todo, sorprende el modelo. Hist\u00f3ricamente, los que estamos ah\u00ed el primer d\u00eda (los early adopters o, si me permites, los m\u00e1s fanboys) solemos ir directamente a por los <a class=\"text-outboundlink\" href=\"https:\/\/www.applesfera.com\/analisis\/apple-iphone-17-pro-analisis-caracteristicas-precio-especificaciones\" data-vars-post-title=\"iPhone 17 Pro, an\u00e1lisis: potencia, c\u00e1mara de vapor y ocho lentes en el bolsillo. Todo un iPhone Ultra en esencia\" data-vars-post-url=\"https:\/\/www.applesfera.com\/analisis\/apple-iphone-17-pro-analisis-caracteristicas-precio-especificaciones\" rel=\"nofollow noopener\" target=\"_blank\">modelos Pro<\/a>. Los iPhone de entrada, como el <a class=\"text-outboundlink\" href=\"https:\/\/www.applesfera.com\/analisis\/apple-iphone-16-analisis-caracteristicas-precio-especificaciones\" data-vars-post-title=\"iPhone 16 y iPhone 16 Plus, an\u00e1lisis: un desaf\u00edo a los Pro\" data-vars-post-url=\"https:\/\/www.applesfera.com\/analisis\/apple-iphone-16-analisis-caracteristicas-precio-especificaciones\" rel=\"nofollow noopener\" target=\"_blank\">iPhone 16<\/a> el a\u00f1o pasado, siempre tienen ventas muy buenas y estables a lo largo del a\u00f1o, pero su gran momento no suele ser el arranque. Que Apple reaccione as\u00ed ahora significa que <strong>han detectado algo diferente, un comportamiento del consumidor <\/strong>que rompe con la tendencia habitual. Y como vamos a ver, razones para ello no les faltan.<\/p>\n<p>                   <img class=\"centro_sinmarco\" height=\"2372\" width=\"4230\" loading=\"lazy\" decoding=\"async\"  fetchpriority=\"high\"  src=\"https:\/\/i.blogs.es\/4be555\/diseno-iphone-17\/450_1000.webp\" alt=\"Diseno Iphone 17\" onerror=\"this.src=\" https:=\"\" false=\"\"\/><\/p>\n<p>Un iPhone 17 que es perfecto (y muy Pro)<\/p>\n<p>Siendo sincero, aunque la noticia pueda parecer una sorpresa, para m\u00ed, que <a class=\"text-outboundlink\" href=\"https:\/\/www.applesfera.com\/iphone\/no-sabia-decidirme-iphone-air-pro-max-asi-que-me-compre-dos-esta-mi-guia-para-ayudarte-a-decidir\" data-vars-post-title=\"No sab\u00eda decidirme entre el iPhone Air y el Pro Max\u2026 as\u00ed que me compr\u00e9 los dos. Esta es mi gu\u00eda para ayudarte a decidir\" data-vars-post-url=\"https:\/\/www.applesfera.com\/iphone\/no-sabia-decidirme-iphone-air-pro-max-asi-que-me-compre-dos-esta-mi-guia-para-ayudarte-a-decidir\" rel=\"nofollow noopener\" target=\"_blank\">tengo los tres nuevos modelos de iPhone en casa<\/a>, tiene todo el sentido del mundo. Desde que se present\u00f3, he pensado que el iPhone 17 es la compra m\u00e1s inteligente de este a\u00f1o para much\u00edsima gente. Y creo que hay varias razones muy claras que explican por qu\u00e9 est\u00e1 funcionando tan bien.<\/p>\n<p>                   <img class=\"centro_sinmarco\" height=\"2362\" width=\"4222\" loading=\"lazy\" decoding=\"async\"  fetchpriority=\"high\"  src=\"https:\/\/i.blogs.es\/cea618\/iphone-17-\/450_1000.webp\" alt=\"iPhone 17\" onerror=\"this.src=\" https:=\"\" false=\"\"\/><\/p>\n<ul>\n<li value=\"1\"><strong>Ya tiene pantalla Pro<\/strong>: por primera vez, el iPhone \u00abnormal\u00bb trae la tecnolog\u00eda ProMotion de 120 Hz y la pantalla Always-On. Este era el gran motivo para gastarse m\u00e1s dinero en un Pro, y ahora ya no hace falta. La experiencia es igual de fluida.<\/li>\n<li value=\"2\"><strong>Las c\u00e1maras son m\u00e1s que suficientes<\/strong>: el sistema de doble c\u00e1mara ha mejorado, contando ya con dos sensores de 48 megap\u00edxeles. Para la gran mayor\u00eda de la gente, esto es m\u00e1s que suficiente para las fotos del d\u00eda a d\u00eda. No todo el mundo necesita un teleobjetivo avanzado.<\/li>\n<li value=\"3\"><strong>M\u00e1s por el mismo precio<\/strong>: Apple ha tomado una buena decisi\u00f3n manteniendo el precio del a\u00f1o pasado pero subiendo el almacenamiento base a 256 GB. Es un gesto que se agradece y que hace que la oferta sea mucho mejor. Te dan m\u00e1s por el mismo dinero.<\/li>\n<\/ul>\n<p>    <a href=\"https:\/\/www.applesfera.com\/aplicaciones-ios\/te-has-quedado-iphone-17-esta-app-gratuita-te-avisa-tiempo-real-instante-que-vuelve-a-haber-stock\" class=\"pivot-outboundlink\" data-vars-post-title=\"\u00bfTe has quedado sin iPhone 17? Esta app gratuita te avisa en tiempo real en el mismo instante en que vuelve a haber stock\" rel=\"nofollow noopener\" target=\"_blank\"><br \/>\n     <img loading=\"lazy\" decoding=\"async\" alt=\"\u00bfTe has quedado sin iPhone 17? Esta app gratuita te avisa en tiempo real en el mismo instante en que vuelve a haber stock\" width=\"375\" height=\"142\" src=\"https:\/\/i.blogs.es\/7a2400\/gama-iphone-17--11\/375_142.webp\" onerror=\"this.src=\" https:=\"\"\/><br \/>\n    <\/a><\/p>\n<p>Si a todo esto le sumas la situaci\u00f3n particular de China, donde el Air no ha salido y hay ayudas que benefician al 17, tienes la explicaci\u00f3n completa. Salvo que necesites de manera espec\u00edfica el zoom x8 del iPhone 17 Pro, la compra inteligente es esta: el iPhone 17. Y por eso no es de extra\u00f1ar que est\u00e9 arrasando en ventas.<\/p>\n<p>En Applesfera | <a class=\"text-outboundlink\" href=\"https:\/\/www.applesfera.com\/analisis\/apple-iphone-17-analisis-caracteristicas-precio-especificaciones\" data-vars-post-title=\"iPhone 17, an\u00e1lisis: Apple refina su joya\" data-vars-post-url=\"https:\/\/www.applesfera.com\/analisis\/apple-iphone-17-analisis-caracteristicas-precio-especificaciones\" rel=\"nofollow noopener\" target=\"_blank\">iPhone 17, an\u00e1lisis: Apple refina su joya<\/a><\/p>\n<p>En Applesfera | <a class=\"text-outboundlink\" href=\"https:\/\/www.applesfera.com\/analisis\/apple-iphone-17-pro-analisis-caracteristicas-precio-especificaciones\" data-vars-post-title=\"iPhone 17 Pro, an\u00e1lisis: potencia, c\u00e1mara de vapor y ocho lentes en el bolsillo. Todo un iPhone Ultra en esencia\" data-vars-post-url=\"https:\/\/www.applesfera.com\/analisis\/apple-iphone-17-pro-analisis-caracteristicas-precio-especificaciones\" rel=\"nofollow noopener\" target=\"_blank\">iPhone 17 Pro, an\u00e1lisis: potencia, c\u00e1mara de vapor y ocho lentes en el bolsillo. Todo un iPhone Ultra en esencia<\/a><\/p>\n","protected":false},"excerpt":{"rendered":"El ambiente que se ha vivido este primer fin de semana de lanzamiento no se ve\u00eda desde hac\u00eda&hellip;\n","protected":false},"author":2,"featured_media":131759,"comment_status":"","ping_status":"","sticky":false,"template":"","format":"standard","meta":{"footnotes":""},"categories":[81],"tags":[119,123,124,25,24,117,121,122,23,118,120],"class_list":{"0":"post-131758","1":"post","2":"type-post","3":"status-publish","4":"format-standard","5":"has-post-thumbnail","7":"category-ciencia-y-tecnologia","8":"tag-ciencia","9":"tag-ciencia-y-tecnologia","10":"tag-cienciaytecnologia","11":"tag-es","12":"tag-espana","13":"tag-science","14":"tag-science-and-technology","15":"tag-scienceandtechnology","16":"tag-spain","17":"tag-technology","18":"tag-tecnologia"},"share_on_mastodon":{"url":"","error":""},"_links":{"self":[{"href":"https:\/\/www.europesays.com\/es\/wp-json\/wp\/v2\/posts\/131758","targetHints":{"allow":["GET"]}}],"collection":[{"href":"https:\/\/www.europesays.com\/es\/wp-json\/wp\/v2\/posts"}],"about":[{"href":"https:\/\/www.europesays.com\/es\/wp-json\/wp\/v2\/types\/post"}],"author":[{"embeddable":true,"href":"https:\/\/www.europesays.com\/es\/wp-json\/wp\/v2\/users\/2"}],"replies":[{"embeddable":true,"href":"https:\/\/www.europesays.com\/es\/wp-json\/wp\/v2\/comments?post=131758"}],"version-history":[{"count":0,"href":"https:\/\/www.europesays.com\/es\/wp-json\/wp\/v2\/posts\/131758\/revisions"}],"wp:featuredmedia":[{"embeddable":true,"href":"https:\/\/www.europesays.com\/es\/wp-json\/wp\/v2\/media\/131759"}],"wp:attachment":[{"href":"https:\/\/www.europesays.com\/es\/wp-json\/wp\/v2\/media?parent=131758"}],"wp:term":[{"taxonomy":"category","embeddable":true,"href":"https:\/\/www.europesays.com\/es\/wp-json\/wp\/v2\/categories?post=131758"},{"taxonomy":"post_tag","embeddable":true,"href":"https:\/\/www.europesays.com\/es\/wp-json\/wp\/v2\/tags?post=131758"}],"curies":[{"name":"wp","href":"https:\/\/api.w.org\/{rel}","templated":true}]}}