{"id":131761,"date":"2025-09-22T12:41:08","date_gmt":"2025-09-22T12:41:08","guid":{"rendered":"https:\/\/www.europesays.com\/es\/131761\/"},"modified":"2025-09-22T12:41:08","modified_gmt":"2025-09-22T12:41:08","slug":"donald-trump-y-elon-musk-se-reencuentran-y-se-dan-la-mano-en-el-funeral-de-charlie-kirk-casi-tres-meses-despues-de-su-disputa-publica","status":"publish","type":"post","link":"https:\/\/www.europesays.com\/es\/131761\/","title":{"rendered":"Donald Trump y Elon Musk se reencuentran y se dan la mano en el funeral de Charlie Kirk casi tres meses despu\u00e9s de su disputa p\u00fablica"},"content":{"rendered":"<p class=\"L6-news-detail__text\">El presidente de Estados Unidos, Donald Trump, y el empresario Elon Musk se reencontraron p\u00fablicamente este domingo en el funeral de Charlie Kirk, <b><a title=\"activista de ultraderecha asesinado el pasado 10 de septiembre\" href=\"https:\/\/www.lasexta.com\/noticias\/internacional\/miles-personas-acuden-glendale-dar-ultimo-adios-charlie-kirk-fuertes-medidas-seguridad_2025092168d0172d394a81387395049f.html\" target=\"_blank\" rel=\"nofollow noopener\">activista de ultraderecha asesinado el pasado 10 de septiembre<\/a><\/b>, <b>casi tres meses despu\u00e9s de su confrontaci\u00f3n p\u00fablica<\/b>.<\/p>\n<p class=\"L6-news-detail__text\">El mandatario presenci\u00f3 el acto acompa\u00f1ado por el multimillonario, en la que fue su primera aparici\u00f3n juntos desde la sonada salida del propietario de Tesla y X como asesor de la Casa Blanca por su oposici\u00f3n al paquete fiscal de Trump, y los<b> posteriores cruce de acusaciones y discusiones<\/b> que protagonizaron ambos en redes sociales.<\/p>\n<p class=\"L6-news-detail__text\">Preguntado por el asesinato de Kirk, <b>Elon Musk <\/b>consider\u00f3 que \u00ablo mataron porque sus palabras marcaron la diferencia, porque <b>estaba mostrando la luz a la gente<\/b>, y lo mat\u00f3 la oscuridad\u00bb.<\/p>\n<p class=\"L6-news-detail__text\">Por su parte, el presidente de Estados Unidos <b><a title=\"describi\u00f3 al activista conservador como un &quot;m\u00e1rtir&quot; \" href=\"https:\/\/www.lasexta.com\/noticias\/internacional\/trump-vuelve-culpar-izquierda-radical-asesinato-charlie-kirk-multitudinario-funeral-arizona_2025092268d0d8cb5f87ee0831f48cca.html\" target=\"_blank\" rel=\"nofollow noopener\">describi\u00f3 al activista conservador como un \u00abm\u00e1rtir\u00bb <\/a><\/b>ante la multitud congregada en Arizona para su funeral, en una intervenci\u00f3n en la que consider\u00f3 el asesinato de Kirk como un ataque a \u00abtodo\u00bb el pa\u00eds.<\/p>\n<p class=\"L6-news-detail__text\">\u00abEn ese terrible d\u00eda, el 10 de septiembre de 2025, nuestro mayor evangelista de la libertad estadounidense <b>se convirti\u00f3 en inmortal<\/b>. Ahora es<b> un m\u00e1rtir de la libertad estadounidense<\/b>. S\u00e9 que hablo en nombre de todos los aqu\u00ed presentes cuando digo que ninguno de nosotros olvidar\u00e1 jam\u00e1s a Charlie Kirk, y tampoco lo har\u00e1 la historia\u00bb, expres\u00f3 el l\u00edder de EEUU, a lo que a\u00f1adi\u00f3: \u00abEl asesinato de Charlie no fue solo un ataque contra un hombre o un movimiento, sino contra toda nuestra naci\u00f3n\u00bb.<\/p>\n<p class=\"L6-support-news-video__title\">Pol\u00e9micas pulseras<\/p>\n<p>            <a href=\"https:\/\/www.lasexta.com\/noticias\/nacional\/audiencias-provinciales-alertaron-fallos-tecnicos-pulseras-antimaltrato-revisen-corrijan-disfunciones_2025092268d108266b16e40392d78a2f.html\" class=\"L6-news__link\" rel=\"nofollow noopener\" target=\"_blank\"><br \/>\n                Las audiencias provinciales alertaron sobre los \u00abfallos t\u00e9cnicos\u00bb de las pulseras antimaltrato: \u00abRevisen y corrijan las disfunciones\u00bb<\/p>\n<p class=\"recirculation-video-desc\">El contexto Los presidentes de las audiencias provinciales emitieron un informe remitido al CGPJ en el que hablaban de \u00ablocalizaciones err\u00f3neas o incluso por manipulaciones de los investigados\u00bb de las pulseras antimaltrato, pidiendo que fuesen revisadas \u00aba fin de evitar la desprotecci\u00f3n de las v\u00edctimas\u00bb.<\/p>\n<p>            <\/a><\/p>\n","protected":false},"excerpt":{"rendered":"El presidente de Estados Unidos, Donald Trump, y el empresario Elon Musk se reencontraron p\u00fablicamente este domingo en&hellip;\n","protected":false},"author":2,"featured_media":131762,"comment_status":"","ping_status":"","sticky":false,"template":"","format":"standard","meta":{"footnotes":""},"categories":[42],"tags":[17,18,13,14,11,61,62,63,64,19,20,9,10,15,16,12,21,22,65,66,67],"class_list":{"0":"post-131761","1":"post","2":"type-post","3":"status-publish","4":"format-standard","5":"has-post-thumbnail","7":"category-internacional","8":"tag-breaking-news","9":"tag-breakingnews","10":"tag-featured-news","11":"tag-featurednews","12":"tag-headlines","13":"tag-internacional","14":"tag-international","15":"tag-international-news","16":"tag-internationalnews","17":"tag-latest-news","18":"tag-latestnews","19":"tag-news","20":"tag-noticias","21":"tag-noticias-destacadas","22":"tag-noticiasdestacadas","23":"tag-titulares","24":"tag-ultimas-noticias","25":"tag-ultimasnoticias","26":"tag-world","27":"tag-world-news","28":"tag-worldnews"},"share_on_mastodon":{"url":"","error":""},"_links":{"self":[{"href":"https:\/\/www.europesays.com\/es\/wp-json\/wp\/v2\/posts\/131761","targetHints":{"allow":["GET"]}}],"collection":[{"href":"https:\/\/www.europesays.com\/es\/wp-json\/wp\/v2\/posts"}],"about":[{"href":"https:\/\/www.europesays.com\/es\/wp-json\/wp\/v2\/types\/post"}],"author":[{"embeddable":true,"href":"https:\/\/www.europesays.com\/es\/wp-json\/wp\/v2\/users\/2"}],"replies":[{"embeddable":true,"href":"https:\/\/www.europesays.com\/es\/wp-json\/wp\/v2\/comments?post=131761"}],"version-history":[{"count":0,"href":"https:\/\/www.europesays.com\/es\/wp-json\/wp\/v2\/posts\/131761\/revisions"}],"wp:featuredmedia":[{"embeddable":true,"href":"https:\/\/www.europesays.com\/es\/wp-json\/wp\/v2\/media\/131762"}],"wp:attachment":[{"href":"https:\/\/www.europesays.com\/es\/wp-json\/wp\/v2\/media?parent=131761"}],"wp:term":[{"taxonomy":"category","embeddable":true,"href":"https:\/\/www.europesays.com\/es\/wp-json\/wp\/v2\/categories?post=131761"},{"taxonomy":"post_tag","embeddable":true,"href":"https:\/\/www.europesays.com\/es\/wp-json\/wp\/v2\/tags?post=131761"}],"curies":[{"name":"wp","href":"https:\/\/api.w.org\/{rel}","templated":true}]}}