{"id":131766,"date":"2025-09-22T12:44:27","date_gmt":"2025-09-22T12:44:27","guid":{"rendered":"https:\/\/www.europesays.com\/es\/131766\/"},"modified":"2025-09-22T12:44:27","modified_gmt":"2025-09-22T12:44:27","slug":"balonmano-divison-de-honor-plata-33-30","status":"publish","type":"post","link":"https:\/\/www.europesays.com\/es\/131766\/","title":{"rendered":"BALONMANO DIVIS\u00d3N DE HONOR PLATA 33-30"},"content":{"rendered":"<p class=\"ft-text\">San Francisco Javier ya sabe lo que es saborear la miel de la victoria en la Divisi\u00f3n de Honor Plata. El<strong> Attica 21 Hoteles OAR Coru\u00f1a<\/strong>, con car\u00e1cter y valent\u00eda, se impuso en casa a un <strong>San Pablo Burgos<\/strong> que se desplazaba como l\u00edder de la tabla (33-30).<\/p>\n<p class=\"ft-text\">El partido fue un intercambio de golpes constante. La igualdad qued\u00f3 reflejada en la primera mitad, donde ambos tomaron la delantera en varias ocasiones, pero ninguno fue capaz de alejarse en el luminoso. <strong>Pepe Mora<\/strong> golpe\u00f3 primero y el <strong>Burgos <\/strong>tuvo que esperar m\u00e1s de diez minutos para verse con ventaja sobre el equipo de<strong> Nando Gonz\u00e1lez<\/strong>. Aun as\u00ed, el <strong>OAR <\/strong>no se desesper\u00f3. Este a\u00f1o, el coru\u00f1\u00e9s es un bloque dise\u00f1ado para saber sufrir y esperar su momento.<\/p>\n<p class=\"ft-text\">Y as\u00ed lo hizo. Se fue al descanso perdiendo por la m\u00ednima (14-15) y en la segunda parte pis\u00f3 el acelerador a fondo. Con intensidad, trabajo colectivo y car\u00e1cter, empat\u00f3 tras la reanudaci\u00f3n, pero, a falta de cinco minutos para el final, iba dos abajo. Ah\u00ed fue cuando <strong>San Francisco Javier<\/strong> rugi\u00f3. Y revivi\u00f3 al <strong>OAR<\/strong>. Apret\u00f3 los dientes, redobl\u00f3 los esfuerzos y encontr\u00f3 la porter\u00eda rival. Como ya hiciera en su \u00faltima cita en casa hasta el momento, en el play off de ascenso, se abon\u00f3 a la \u00e9pica y gan\u00f3. En quince segundos,<strong> Sergio Tor\u00edo<\/strong> empat\u00f3 (28-28) y <strong>Alberto Rold\u00e1n<\/strong> dio la vuelta al electr\u00f3nico (29-28). Los oaristas templaron los nervios y <strong>Tor\u00edo<\/strong>, de nuevo, y <strong>\u00c1lex Chan en tres ocasiones<\/strong> pusieron el 33-30 final y sellaron la segunda victoria en dos jornadas.<\/p>\n<p class=\"ft-text\">En Primera Nacional, por su parte, el <strong>Culleredo <\/strong>volvi\u00f3 a ganar tras remontar en Tenerife frente a Tacoronte (29-30) y se sit\u00faa en lo m\u00e1s alto de la clasificaci\u00f3n.<\/p>\n","protected":false},"excerpt":{"rendered":"San Francisco Javier ya sabe lo que es saborear la miel de la victoria en la Divisi\u00f3n de&hellip;\n","protected":false},"author":2,"featured_media":131767,"comment_status":"","ping_status":"","sticky":false,"template":"","format":"standard","meta":{"footnotes":""},"categories":[278],"tags":[1881,6416,41561,376,35504,168,8656,4096,25,24,375,5967,5972,23,167],"class_list":{"0":"post-131766","1":"post","2":"type-post","3":"status-publish","4":"format-standard","5":"has-post-thumbnail","7":"category-balonmano","8":"tag-1881","9":"tag-6416","10":"tag-abona","11":"tag-balonmano","12":"tag-club-balonmano-culleredo","13":"tag-deportes","14":"tag-division-de-honor-plata","15":"tag-epica","16":"tag-es","17":"tag-espana","18":"tag-handball","19":"tag-oar","20":"tag-oar-coruna","21":"tag-spain","22":"tag-sports"},"share_on_mastodon":{"url":"","error":""},"_links":{"self":[{"href":"https:\/\/www.europesays.com\/es\/wp-json\/wp\/v2\/posts\/131766","targetHints":{"allow":["GET"]}}],"collection":[{"href":"https:\/\/www.europesays.com\/es\/wp-json\/wp\/v2\/posts"}],"about":[{"href":"https:\/\/www.europesays.com\/es\/wp-json\/wp\/v2\/types\/post"}],"author":[{"embeddable":true,"href":"https:\/\/www.europesays.com\/es\/wp-json\/wp\/v2\/users\/2"}],"replies":[{"embeddable":true,"href":"https:\/\/www.europesays.com\/es\/wp-json\/wp\/v2\/comments?post=131766"}],"version-history":[{"count":0,"href":"https:\/\/www.europesays.com\/es\/wp-json\/wp\/v2\/posts\/131766\/revisions"}],"wp:featuredmedia":[{"embeddable":true,"href":"https:\/\/www.europesays.com\/es\/wp-json\/wp\/v2\/media\/131767"}],"wp:attachment":[{"href":"https:\/\/www.europesays.com\/es\/wp-json\/wp\/v2\/media?parent=131766"}],"wp:term":[{"taxonomy":"category","embeddable":true,"href":"https:\/\/www.europesays.com\/es\/wp-json\/wp\/v2\/categories?post=131766"},{"taxonomy":"post_tag","embeddable":true,"href":"https:\/\/www.europesays.com\/es\/wp-json\/wp\/v2\/tags?post=131766"}],"curies":[{"name":"wp","href":"https:\/\/api.w.org\/{rel}","templated":true}]}}