{"id":131768,"date":"2025-09-22T12:45:17","date_gmt":"2025-09-22T12:45:17","guid":{"rendered":"https:\/\/www.europesays.com\/es\/131768\/"},"modified":"2025-09-22T12:45:17","modified_gmt":"2025-09-22T12:45:17","slug":"el-temple-toledano-y-la-espada-de-tomas-rufo-se-imponen-a-la-escasa-raza-de-los-toros-de-zalduendo","status":"publish","type":"post","link":"https:\/\/www.europesays.com\/es\/131768\/","title":{"rendered":"El temple toledano y la espada de Tom\u00e1s Rufo se imponen a la escasa raza de los toros de Zalduendo"},"content":{"rendered":"<p class=\"paragraph\">Concluye la Feria de Guadalajara con un cartel interesante, que esta vez s\u00ed re\u00fane variedad de estilos. Curiosamente, los tres diestros vienen de torear en la Feria de Nimes: <b>Pablo Aguado<\/b> y <b>Tom\u00e1s Rufo<\/b> triunfaron all\u00ed, cortando orejas; menor fortuna tuvo <b>Castella<\/b>, que sufri\u00f3 una fuerte voltereta. La inc\u00f3gnita son los toros de <b>Zalduendo<\/b>, los que fueron de Fernando Domecq , que pasaron luego a manos del empresario mejicano <b>Bailleres <\/b>y tienen ahora menor presencia en las Ferias.<\/p>\n<p class=\"paragraph\">Esta tarde, los de Zalduendo, justos de presentaci\u00f3n, flojos en el caballo, han dado un juego muy variado: muy mansos, los dos primeros; excelente, el cuarto. <b>Castella <\/b>ha malogrado con la espada una buena faena a ese toro. Pablo Aguado no lo ha visto claro en ninguno de los suyos y ha fallado demasiado con el descabello. Con buena t\u00e9cnica, mucho temple y una gran espada, Tom\u00e1s Rufo ha cortado una oreja a cada uno de sus toros y ha salido en hombros.<\/p>\n<p class=\"paragraph\">Parar alg\u00fan tiempo le vino bien al franc\u00e9s Sebasti\u00e1n Castella, que volvi\u00f3 a los ruedos con m\u00e1s ilusi\u00f3n. (Cuando un diestro est\u00e1 atorado, \u00e9sta suele ser una buena receta). Mantiene su valor seco y su oficio, dentro de su estilo. Sus puntos flacos siguen siendo la excesiva <b>duraci\u00f3n <\/b>de sus faenas y la <b>espada<\/b>.<\/p>\n<p class=\"paragraph\">El primero es un toro muy manso, con una clar\u00edsima querencia a toriles. (La querencia es esa misteriosa tendencia que empuja a un toro en una direcci\u00f3n y que <b>Miguel Hern\u00e1ndez<\/b> utilizaba como met\u00e1fora de su amor). Al comienzo de la faena, Castella intenta torearlo en toriles, donde el toro quer\u00eda estar: es lo adecuado, como siempre defendi\u00f3 <b>Marcial Lalanda<\/b>. Luego, pretende sacarlo de all\u00ed y no lo consigue: se equivoca. El toro era muy inc\u00f3modo pero los mansos tambi\u00e9n tienen su lidia, que puede ser meritoria y hasta brillante. Castella desiste.<\/p>\n<p class=\"paragraph\">La suerte le compensa con el toro mejor, el cuarto, y lo aprovecha bien. El toro humilla, embiste con codicia. Sebasti\u00e1n logra buenos muletazos , largos y lentos. Con el toro ya apagado, alarga la faena sin necesidad, con el <b>circular invertido<\/b> y <b>manoletinas<\/b>. El toro est\u00e1 entregado pero pincha y pierde los trofeos. Un toro tan noble y al que ha toreado tan a gusto, ten\u00eda que haberlo matado bien.<\/p>\n<p class=\"paragraph\"><b>Pablo Aguado<\/b> representa ahora, junto con <b>Juan Ortega<\/b>, esa escuela sevillana que tanto ha gustado siempre en Madrid. Lleva una buena racha. He visto en v\u00eddeo la faena de su triunfo en Nimes. Tiene personalidad, naturalidad y una fragilidad que resulta muy atractiva, por estar en las ant\u00edpodas de tantos pegapases. Le sigue faltando dominar m\u00e1s al toro, cuando presenta dificultades, y mejorar con la espada.<\/p>\n<p class=\"paragraph\">El segundo toro compite en mansedumbre con el primero. Huye, escarba, prueba, embiste desordenado. Pablo Aguado lo intenta, en series muy cortas, pero no consigue imponer su dominio. Y falla estrepitosamente con el descabello: varias veces, el toro no le deja ni intentarlo. Se queda al borde del tercer aviso.<\/p>\n<p class=\"paragraph\">El quinto, <b>acapachado <\/b>de pitones, es menos complicado pero tampoco logra Pablo lucirse con el capote, una de sus especialidades. En la muleta, el toro protesta mugiendo, se para, hay que llamarlo tres veces para que embista. No logra el diestro estar a gusto en ning\u00fan momento. Mata perpendicular y vuelve a fallar con el descabello. No ha sido su tarde.<\/p>\n<p class=\"c-detail__media__subtitle composite_image\">\n<p>        Tom\u00e1s Rufo, este domingo en GuadalajaraInstagram: @tomasrufotorer<\/p>\n<p class=\"paragraph\">No es un prejuicio localista recordar que <b>Tom\u00e1s Rufo<\/b> es toledano, sigue esa l\u00ednea taurina: la de <b>Domingo Ortega<\/b> (una de las cumbres de la Tauromaquia de todos los tiempos), <b>Luis Miguel Domingu\u00edn, Pablo Lozano, Gregorio S\u00e1nchez<\/b>\u2026 En resumen, el clasicismo, el dominio basado en el temple.<\/p>\n<p class=\"paragraph\">Mete bien en el capote Rufo al tercero, terciado, manejable. Saludan <b>Revuelta <\/b>y <b>Fernando S\u00e1nchez<\/b>, con los palos. Con el temple de la escuela toledana, Tom\u00e1s conduce suavemente las embestidas, mimando al toro, a media altura, sin agobiarlo. Logra al final buenos naturales, mandando mucho, llev\u00e1ndolo lejos. Se adorna con <b>monde\u00f1inas <\/b>(manoletinas de perfil, que puso de moda el original torero <b>Monde\u00f1o<\/b>). Agarra una gran estocada, entrando muy recto: ella sola ya val\u00eda la oreja y el trasteo, otra, pero el Presidente lo deja en una.<\/p>\n<p class=\"paragraph\">Recibe al \u00faltimo Rufo con una larga cambiada de rodillas. Se luce con una preciosa larga, de verdad muy larga, enrosc\u00e1ndoselo a la cintura. Brinda a su mozo de espadas. El toro est\u00e1 justo de fuerza y raza pero es manejable. Desde el primer muletazo, sin preparativos, conduce con temple las embestidas, logra buenos naturales. Al final, en corto, baja mucho la mano, con acierto. Logra otra estocada rotunda; esta vez, desprendida: justa oreja y salida en hombros.<\/p>\n<p class=\"paragraph\">Rufo ha vuelto a mostrar sus grandes cualidades como muletero. Como a eso ha unido la cabeza clara y la espada certera, la imagen que deja ha sido muy buena. Hoy por hoy, es el representante de la gran escuela toledana. Espero con inter\u00e9s verlo en <b>Las Ventas el 3 de octubre<\/b>.<\/p>\n<p class=\"c-detail__media__subtitle composite_image\">\n<p>        Tom\u00e1s Rufo cruza la Puerta Grande \u00abIv\u00e1n Fandi\u00f1o\u00bb, del Coso de las CrucesX: @InfoTomasRufo<\/p>\n<p class=\"paragraph\">Acaba esta Feria de Guadalajara, en la que hemos visto faenas importantes; para m\u00ed, sobre todo, las de <b>Borja Jim\u00e9nez, Gin\u00e9s Mar\u00edn, Daniel Luque<\/b> y <b>Tom\u00e1s Rufo<\/b>. A eso hay que a\u00f1adir la gran asistencia de p\u00fablico, todas las tardes; aqu\u00ed, tambi\u00e9n, con la presencia de muchos j\u00f3venes: el ministro <b>Urtasun<\/b>, con su campa\u00f1a antitaurina, contin\u00faa triunfando clamorosamente\u2026<\/p>\n<p class=\"paragraph\"><b>POSTDATA<\/b>: Lamento mucho la grave cornada que ha sufrido esta tarde en Las Ventas el diestro catal\u00e1n <b>Seraf\u00edn Mar\u00edn<\/b>, al recibir por ver\u00f3nicas a su primer toro, de Monteviejo: una cornada de <b>30 cent\u00edmetros<\/b> en el muslo derecho, de pron\u00f3stico grave. Seraf\u00edn actu\u00f3 en las \u00faltimas corridas que se celebraron en la Plaza de Barcelona, antes de su cierre. La ma\u00f1ana de la \u00faltima, lo entrevist\u00e9 y me cont\u00f3 su esperanza de que volvieran los toros a esa Plaza. Aunque el Tribunal Constitucional anul\u00f3 la prohibici\u00f3n del Parlamento catal\u00e1n, no ha sido as\u00ed, por el miedo que all\u00ed existe al ambiente antiespa\u00f1ol. En protesta contra la prohibici\u00f3n, Seraf\u00edn tore\u00f3 en Las Ventas con barretina. Ha sido tambi\u00e9n el \u00faltimo torero que indult\u00f3 un toro en la Plaza de Barcelona. Por eso, es uno de los s\u00edmbolos \u2013no el \u00fanico\u2013 de esa Catalu\u00f1a amante de los toros y de Espa\u00f1a que sigue existiendo, aunque algunos se empe\u00f1en en negarlo.<\/p>\n<p class=\"c-detail__media__subtitle composite_image\">\n<p>        El torero catal\u00e1n Seraf\u00edn Mar\u00edn, con se\u00f1era y barretina, en Madrid durante la Feria de San Isidro de 2010EFE<\/p>\n<p class=\"c-detail__media__subtitle composite_image\">\n<p>        Mar\u00edn, a hombros tras una de las \u00faltimas corridas de la Monumental de Barcelona, en septiembre de 2010. La pancarta posterior rezaba: \u00abLibertad para nuestra cultura\u00bbEFE<\/p>\n<p>    FICHA<\/p>\n<ul class=\"c-detail__box__list c-detail__box__list-bullet\">\n<li class=\"c-detail__box__list__item\"><b>Guadalajara<\/b>. Coso de las Cruces. Feria de la Antigua. Domingo, 21 de septiembre. Buena entrada.<\/li>\n<li class=\"c-detail__box__list__item\"><b>Toros de Zalduendo<\/b>, justos de presentaci\u00f3n y de juego variado: muy mansos, los dos primeros; muy bueno, el cuarto.<\/li>\n<li class=\"c-detail__box__list__item\"><b>SEBASTI\u00c1N CASTELLA<\/b>, de tabaco y oro, estocada (silencio). En el cuarto, dos pinchazos y estocada trasera (aviso, palmas).<\/li>\n<li class=\"c-detail__box__list__item\"><b>PABLO AGUADO<\/b>, de sangre de toro y oro, estocada y ocho descabellos (dos avisos, silencio). En el quinto, estocada corta perpendicular y cuatro descabellos (silencio).<\/li>\n<li class=\"c-detail__box__list__item\"><b>TOM\u00c1S RUFO<\/b>, de nazareno y oro, gran estocada y descabello (oreja y petici\u00f3n de la segunda). En el sexto, estocada desprendida (oreja y salida en hombros).<\/li>\n<\/ul>\n","protected":false},"excerpt":{"rendered":"Concluye la Feria de Guadalajara con un cartel interesante, que esta vez s\u00ed re\u00fane variedad de estilos. Curiosamente,&hellip;\n","protected":false},"author":2,"featured_media":131769,"comment_status":"","ping_status":"","sticky":false,"template":"","format":"standard","meta":{"footnotes":""},"categories":[277],"tags":[373,168,25,24,23,167,374],"class_list":{"0":"post-131768","1":"post","2":"type-post","3":"status-publish","4":"format-standard","5":"has-post-thumbnail","7":"category-toreo","8":"tag-bullfighting","9":"tag-deportes","10":"tag-es","11":"tag-espana","12":"tag-spain","13":"tag-sports","14":"tag-toreo"},"share_on_mastodon":{"url":"","error":""},"_links":{"self":[{"href":"https:\/\/www.europesays.com\/es\/wp-json\/wp\/v2\/posts\/131768","targetHints":{"allow":["GET"]}}],"collection":[{"href":"https:\/\/www.europesays.com\/es\/wp-json\/wp\/v2\/posts"}],"about":[{"href":"https:\/\/www.europesays.com\/es\/wp-json\/wp\/v2\/types\/post"}],"author":[{"embeddable":true,"href":"https:\/\/www.europesays.com\/es\/wp-json\/wp\/v2\/users\/2"}],"replies":[{"embeddable":true,"href":"https:\/\/www.europesays.com\/es\/wp-json\/wp\/v2\/comments?post=131768"}],"version-history":[{"count":0,"href":"https:\/\/www.europesays.com\/es\/wp-json\/wp\/v2\/posts\/131768\/revisions"}],"wp:featuredmedia":[{"embeddable":true,"href":"https:\/\/www.europesays.com\/es\/wp-json\/wp\/v2\/media\/131769"}],"wp:attachment":[{"href":"https:\/\/www.europesays.com\/es\/wp-json\/wp\/v2\/media?parent=131768"}],"wp:term":[{"taxonomy":"category","embeddable":true,"href":"https:\/\/www.europesays.com\/es\/wp-json\/wp\/v2\/categories?post=131768"},{"taxonomy":"post_tag","embeddable":true,"href":"https:\/\/www.europesays.com\/es\/wp-json\/wp\/v2\/tags?post=131768"}],"curies":[{"name":"wp","href":"https:\/\/api.w.org\/{rel}","templated":true}]}}