{"id":131770,"date":"2025-09-22T12:46:10","date_gmt":"2025-09-22T12:46:10","guid":{"rendered":"https:\/\/www.europesays.com\/es\/131770\/"},"modified":"2025-09-22T12:46:10","modified_gmt":"2025-09-22T12:46:10","slug":"la-casa-blanca-se-alista-para-la-ufc","status":"publish","type":"post","link":"https:\/\/www.europesays.com\/es\/131770\/","title":{"rendered":"La Casa Blanca se alista para la UFC"},"content":{"rendered":"<p class=\"\"><b>La Casa Blanca se prepara para recibir un evento hist\u00f3rico<\/b>. El hogar del presidente de los Estados Unidos, Donald Trump, <a href=\"https:\/\/as.com\/us\/masdeporte\/ufc-en-la-casa-blanca-lo-que-sabemos-del-plan-historico-con-donald-trump-n\/\" target=\"_self\" rel=\"nofollow noopener\" title=\"https:\/\/as.com\/us\/masdeporte\/ufc-en-la-casa-blanca-lo-que-sabemos-del-plan-historico-con-donald-trump-n\/\">se prepara para la UFC<\/a>, que prepara una cartelera imperdible para el 2026. A trav\u00e9s de su cuenta de \u2018X\u2019, el gobierno poste\u00f3 una imagen de c\u00f3mo se ver\u00eda el oct\u00e1gono.<\/p>\n<p class=\"\"><b>\u201cNos vemos en el Jard\u00edn Sur\u201d<\/b> fue lo que escribi\u00f3 en sus redes sociales la \u2018Casa Blanca\u2019 de cara a lo que ser\u00e1 el magno evento que se va a celebrar en junio del 2026, es decir en el marco de la Copa del Mundo.<\/p>\n<p class=\"\">Est\u00e1 previsto que el oct\u00e1gono de UFC <b>\u201cse coloque en el jard\u00edn sur, rodeado de asientos para no m\u00e1s de 5.000 personas\u201d<\/b>. Un \u201cgran arco cubrir\u00e1 la jaula para soportar las plataformas de iluminaci\u00f3n\u201d.<\/p>\n<p class=\"\"><b>La configuraci\u00f3n \u201cpermitir\u00e1 que los \u00e1ngulos de la c\u00e1mara capturen la Casa Blanca<\/b> centrada en el fondo en un lado\u201d, mientras que el \u201c\u00e1ngulo inverso capturar\u00e1 el Monumento a Washington como tel\u00f3n de fondo\u201d.<\/p>\n<p>Una cartelera brutal<\/p>\n<p class=\"\"><b>La apuesta de Dana White es total<\/b>. El propio CEO de la UFC dio indicios de que se espera una cartelera \u201cbrutal\u201d y que piensa poner a grandes peleadores de las artes marciales mixtas, entre los que destacar\u00eda <a href=\"https:\/\/as.com\/masdeporte\/polideportivo\/mcgregor-elige-su-proximo-rival-para-el-ufc-casa-blanca-n\/\" target=\"_self\" rel=\"nofollow noopener\" title=\"https:\/\/as.com\/masdeporte\/polideportivo\/mcgregor-elige-su-proximo-rival-para-el-ufc-casa-blanca-n\/\">el regreso de Conor McGregor.<\/a><\/p>\n<p class=\"\"><b>\u201cVamos a construir la mejor cartelera de todos los tiempos <\/b>para la Casa Blanca\u201d, dijo White en Special Report with Bret Baier en Fox News. \u201cConor y yo hemos estado hablando de manera constante. \u00c9l quiere mucho esta pelea. A su nivel, necesita nuevas motivaciones, y el evento en la Casa Blanca lo ha motivado por completo\u201d.<\/p>\n<p>Noticias relacionadas<a href=\"https:\/\/as.com\/us\/masdeporte\/ufc-en-la-casa-blanca-lo-que-sabemos-del-plan-historico-con-donald-trump-n\/\" class=\"s_m_w\" title=\"La hist\u00f3rica cartelera en el Jard\u00edn Sur, no se realizar\u00e1 el 4 de julio como se pretend\u00eda\" data-tb-link=\"\" rel=\"nofollow noopener\" target=\"_blank\"><img decoding=\"async\" src=\"https:\/\/www.europesays.com\/es\/wp-content\/uploads\/2025\/09\/1758545169_786_YDYMRI3WLV55I2HZFV3STZDEBU.jpg\" alt=\"UFC en la Casa Blanca: lo que sabemos del plan hist\u00f3rico con Donald Trump\" class=\"\" height=\"1\" width=\"1\"   loading=\"lazy\" data-tb-thumbnail=\"\"\/><\/a><a href=\"https:\/\/as.com\/us\/masdeporte\/derrames-y-una-boca-aplastada-los-estragos-de-khamzat-chimaev-la-mayor-bestia-de-la-ufc-n\/\" class=\"s_m_w\" title=\"Kevin Holland confes\u00f3 que la estrangulaci\u00f3n que le hizo le provoc\u00f3 un sangrado ocular. El pasado mes de febrero destroz\u00f3 la boca de Whittaker con otra llave.\" data-tb-link=\"\" rel=\"nofollow noopener\" target=\"_blank\"><img decoding=\"async\" src=\"https:\/\/www.europesays.com\/es\/wp-content\/uploads\/2025\/09\/RBZ5ZD23JRCPTNICWMPC2DY2XA.jpg\" alt=\"Derrames y una boca aplastada: los estragos de Khamzat Chimaev, la mayor bestia de la UFC\" class=\"\" height=\"1\" width=\"1\"   loading=\"lazy\" data-tb-thumbnail=\"\"\/><\/a><\/p>\n<p class=\"\">El irland\u00e9s confirm\u00f3 que volver\u00e1 al oct\u00e1gono para medirse a Michael Chandler. Adem\u00e1s, <b>Daniel Cormier le pidi\u00f3 a Dana White que Jon Jones est\u00e9 en la cartelera. <\/b>Tambi\u00e9n Khamzat Chimaev se quiere sumar.<\/p>\n<p class=\"\"><b>\u00a1Tus opiniones importan!<\/b> Comenta en los art\u00edculos y suscr\u00edbete gratis a nuestra <a href=\"https:\/\/asfan.as.com\/newsletters\/\" target=\"_blank\" rel=\"nofollow noopener\" title=\"https:\/\/asfan.as.com\/newsletters\/\">newsletter<\/a> y a las alertas informativas en la <a href=\"https:\/\/as.com\/aplicacion-de-as-n\/\" target=\"_blank\" rel=\"nofollow noopener\" title=\"https:\/\/as.com\/aplicacion-de-as-n\/\">App<\/a> o el canal de <a href=\"https:\/\/www.whatsapp.com\/channel\/0029VaAasdA7j6g745nz9M10\" target=\"_blank\" rel=\"nofollow noopener\" title=\"https:\/\/www.whatsapp.com\/channel\/0029VaAasdA7j6g745nz9M10\">WhatsApp<\/a>. \u00bfBuscas licenciar contenido? Haz clic <a href=\"https:\/\/profesional.elpais.com\/soluciones-sindicacion?utm_medium=interno&amp;utm_source=crosslinking&amp;utm_campaign=sindicacion_as_pie_articulos\" target=\"_blank\" rel=\"nofollow noopener\" title=\"https:\/\/profesional.elpais.com\/soluciones-sindicacion?utm_medium=interno&amp;utm_source=crosslinking&amp;utm_campaign=sindicacion_as_pie_articulos\">aqu\u00ed<\/a><\/p>\n","protected":false},"excerpt":{"rendered":"La Casa Blanca se prepara para recibir un evento hist\u00f3rico. El hogar del presidente de los Estados Unidos,&hellip;\n","protected":false},"author":2,"featured_media":131771,"comment_status":"","ping_status":"","sticky":false,"template":"","format":"standard","meta":{"footnotes":""},"categories":[276],"tags":[168,25,24,23,167,343],"class_list":{"0":"post-131770","1":"post","2":"type-post","3":"status-publish","4":"format-standard","5":"has-post-thumbnail","7":"category-ufc","8":"tag-deportes","9":"tag-es","10":"tag-espana","11":"tag-spain","12":"tag-sports","13":"tag-ufc"},"share_on_mastodon":{"url":"","error":""},"_links":{"self":[{"href":"https:\/\/www.europesays.com\/es\/wp-json\/wp\/v2\/posts\/131770","targetHints":{"allow":["GET"]}}],"collection":[{"href":"https:\/\/www.europesays.com\/es\/wp-json\/wp\/v2\/posts"}],"about":[{"href":"https:\/\/www.europesays.com\/es\/wp-json\/wp\/v2\/types\/post"}],"author":[{"embeddable":true,"href":"https:\/\/www.europesays.com\/es\/wp-json\/wp\/v2\/users\/2"}],"replies":[{"embeddable":true,"href":"https:\/\/www.europesays.com\/es\/wp-json\/wp\/v2\/comments?post=131770"}],"version-history":[{"count":0,"href":"https:\/\/www.europesays.com\/es\/wp-json\/wp\/v2\/posts\/131770\/revisions"}],"wp:featuredmedia":[{"embeddable":true,"href":"https:\/\/www.europesays.com\/es\/wp-json\/wp\/v2\/media\/131771"}],"wp:attachment":[{"href":"https:\/\/www.europesays.com\/es\/wp-json\/wp\/v2\/media?parent=131770"}],"wp:term":[{"taxonomy":"category","embeddable":true,"href":"https:\/\/www.europesays.com\/es\/wp-json\/wp\/v2\/categories?post=131770"},{"taxonomy":"post_tag","embeddable":true,"href":"https:\/\/www.europesays.com\/es\/wp-json\/wp\/v2\/tags?post=131770"}],"curies":[{"name":"wp","href":"https:\/\/api.w.org\/{rel}","templated":true}]}}