{"id":131778,"date":"2025-09-22T12:51:10","date_gmt":"2025-09-22T12:51:10","guid":{"rendered":"https:\/\/www.europesays.com\/es\/131778\/"},"modified":"2025-09-22T12:51:10","modified_gmt":"2025-09-22T12:51:10","slug":"los-harlem-globetrotters-celebran-los-100-en-espana","status":"publish","type":"post","link":"https:\/\/www.europesays.com\/es\/131778\/","title":{"rendered":"Los Harlem Globetrotters celebran los 100 en Espa\u00f1a"},"content":{"rendered":"<p class=\"\">Los <b>Harlem Globetrotters<\/b> cumplen 100 a\u00f1os y para celebrarlo regresar\u00e1n a <b>Espa\u00f1a <\/b>en 2026 como parte de la gira mundial para conmemorar su centenario, del 14 al 24 de mayo del pr\u00f3ximo a\u00f1o, con <b>Madrid<\/b>, <b>Barcelona, Vitoria, Valladolid, Zaragoza y Tarragona<\/b> como primeras ciudades confirmadas, seg\u00fan un comunicado.<\/p>\n<p class=\"\">En <b>La Gira de los 100 a\u00f1os<\/b>, los espectadores ser\u00e1n testigos de la celebraci\u00f3n del centenario de los <b>Harlem Globetrotters<\/b>. Los aficionados disfrutar\u00e1n de mates, trucos, canastas de 4 puntos y lanzamientos lejanos desde la grada, adem\u00e1s de tener la oportunidad de conocer a los jugadores en persona y vivir una experiencia inolvidable gracias al \u2018<b>Magic Pass<\/b>\u2019 y al \u2018<b>Celebrity Court Pass<\/b>\u2019 o con las entradas exclusivas <b>Globetrotters VIP Bench<\/b> y<b> Generals VIP Bench<\/b>.<\/p>\n<p class=\"\">En este tour, el equipo estrenar\u00e1 por primera vez sus nuevas camisetas del centenario en sus tradicionales enfrentamientos contra los <b>Washington Generals<\/b>. Una muestra del alcance y notoriedad de los <b>Harlem Globetrotters<\/b> est\u00e1 en que sus miembros poseen m\u00e1s de 60 r\u00e9cords mundiales <b>Guinness<\/b>. Asimismo, su reconocida trayectoria a nivel mundial les ha permitido ser nombrados \u2018<b>Embajadores de la buena voluntad<\/b>\u2019 para promover dietas saludables y un estilo de vida activo.<\/p>\n<p class=\"\">Los m\u00edticos<b> Harlem Globetrotters<\/b> han protagonizado ya 10 giras con <b>Proactiv Entertainment<\/b> en <b>Espa\u00f1a<\/b>, y en la gira del centenario visitar\u00e1n <b>Valladolid <\/b>(14 de mayo a las 19.00 horas, en el Pabell\u00f3n de Deportes), <b>Zaragoza <\/b>(15 de mayo a las 19.30 horas en el Pr\u00edncipe Felipe), <b>Madrid <\/b>(19 de mayo a las 19.30 horas en el Movistar Arena), <b>Vitoria <\/b>(20 de mayo a las 19.00 horas en el Buesa Arena), Tarragona (22 de mayo a las 19.30 horas en la Plaza de Toros) y <b>Barcelona <\/b>(23 de mayo a las 19.00 horas en el Ol\u00edmpic Arena).<\/p>\n<p>Noticias relacionadas<a href=\"https:\/\/as.com\/baloncesto\/acb\/el-nuevo-madrid-es-mas-profundo-fisico-y-tactico-n\/\" class=\"s_m_w\" title=\"La pretemporada muestra algunas claves del libreto de Sergio Scariolo para el equipo blanco. Okeke, Lyles y Procida, buenas noticias.\" data-tb-link=\"\" rel=\"nofollow noopener\" target=\"_blank\"><img decoding=\"async\" src=\"https:\/\/www.europesays.com\/es\/wp-content\/uploads\/2025\/09\/1758545469_150_NOIGALDX3NPPLLSNQMFG6AAKBA.jpg\" alt=\"Muchas luces y una sombra en el nuevo Real Madrid de Scariolo\" class=\"\" height=\"1\" width=\"1\"   loading=\"lazy\" data-tb-thumbnail=\"\"\/><\/a><a href=\"https:\/\/as.com\/baloncesto\/mas_baloncesto\/los-retos-de-mateo-en-la-seleccion-n\/\" class=\"s_m_w\" title=\"La peliaguda clasificaci\u00f3n para el Mundial 2027, la configuraci\u00f3n de un nuevo bloque con nuevos roles y la creaci\u00f3n de nuevas din\u00e1micas con los jugadores en EE UU, sobre la mesa.\" data-tb-link=\"\" rel=\"nofollow noopener\" target=\"_blank\"><img decoding=\"async\" src=\"https:\/\/www.europesays.com\/es\/wp-content\/uploads\/2025\/09\/XHAO36OBW4EC5CS4UEFVDESD44.JPG\" alt=\"Los retos de Mateo en la Selecci\u00f3n\" class=\"\" height=\"1\" width=\"1\"   loading=\"lazy\" data-tb-thumbnail=\"\"\/><\/a><\/p>\n<p class=\"\"><b>\u00a1Tus opiniones importan!<\/b><\/p>\n<p class=\"\">Comenta en los art\u00edculos y suscr\u00edbete gratis a nuestra <a href=\"https:\/\/asfan.as.com\/newsletters\/\" target=\"_blank\" rel=\"nofollow noopener\" title=\"https:\/\/asfan.as.com\/newsletters\/\">newsletter<\/a> y a las alertas informativas en la <a href=\"https:\/\/as.com\/aplicacion-de-as-n\/\" target=\"_blank\" rel=\"nofollow noopener\" title=\"https:\/\/as.com\/aplicacion-de-as-n\/\">App<\/a> o el canal de <a href=\"https:\/\/www.whatsapp.com\/channel\/0029VaAasdA7j6g745nz9M10\" target=\"_blank\" rel=\"nofollow noopener\" title=\"https:\/\/www.whatsapp.com\/channel\/0029VaAasdA7j6g745nz9M10\">WhatsApp<\/a>. \u00bfBuscas licenciar contenido? Haz clic <a href=\"https:\/\/profesional.elpais.com\/soluciones-sindicacion?utm_medium=interno&amp;utm_source=crosslinking&amp;utm_campaign=sindicacion_as_pie_articulos\" target=\"_blank\" rel=\"nofollow noopener\" title=\"https:\/\/profesional.elpais.com\/soluciones-sindicacion?utm_medium=interno&amp;utm_source=crosslinking&amp;utm_campaign=sindicacion_as_pie_articulos\">aqu\u00ed<\/a><\/p>\n","protected":false},"excerpt":{"rendered":"Los Harlem Globetrotters cumplen 100 a\u00f1os y para celebrarlo regresar\u00e1n a Espa\u00f1a en 2026 como parte de la&hellip;\n","protected":false},"author":2,"featured_media":131779,"comment_status":"","ping_status":"","sticky":false,"template":"","format":"standard","meta":{"footnotes":""},"categories":[269],"tags":[299,298,168,25,24,23,167],"class_list":{"0":"post-131778","1":"post","2":"type-post","3":"status-publish","4":"format-standard","5":"has-post-thumbnail","7":"category-baloncesto","8":"tag-baloncesto","9":"tag-basketball","10":"tag-deportes","11":"tag-es","12":"tag-espana","13":"tag-spain","14":"tag-sports"},"share_on_mastodon":{"url":"","error":""},"_links":{"self":[{"href":"https:\/\/www.europesays.com\/es\/wp-json\/wp\/v2\/posts\/131778","targetHints":{"allow":["GET"]}}],"collection":[{"href":"https:\/\/www.europesays.com\/es\/wp-json\/wp\/v2\/posts"}],"about":[{"href":"https:\/\/www.europesays.com\/es\/wp-json\/wp\/v2\/types\/post"}],"author":[{"embeddable":true,"href":"https:\/\/www.europesays.com\/es\/wp-json\/wp\/v2\/users\/2"}],"replies":[{"embeddable":true,"href":"https:\/\/www.europesays.com\/es\/wp-json\/wp\/v2\/comments?post=131778"}],"version-history":[{"count":0,"href":"https:\/\/www.europesays.com\/es\/wp-json\/wp\/v2\/posts\/131778\/revisions"}],"wp:featuredmedia":[{"embeddable":true,"href":"https:\/\/www.europesays.com\/es\/wp-json\/wp\/v2\/media\/131779"}],"wp:attachment":[{"href":"https:\/\/www.europesays.com\/es\/wp-json\/wp\/v2\/media?parent=131778"}],"wp:term":[{"taxonomy":"category","embeddable":true,"href":"https:\/\/www.europesays.com\/es\/wp-json\/wp\/v2\/categories?post=131778"},{"taxonomy":"post_tag","embeddable":true,"href":"https:\/\/www.europesays.com\/es\/wp-json\/wp\/v2\/tags?post=131778"}],"curies":[{"name":"wp","href":"https:\/\/api.w.org\/{rel}","templated":true}]}}