{"id":131780,"date":"2025-09-22T12:52:09","date_gmt":"2025-09-22T12:52:09","guid":{"rendered":"https:\/\/www.europesays.com\/es\/131780\/"},"modified":"2025-09-22T12:52:09","modified_gmt":"2025-09-22T12:52:09","slug":"sergio-se-queda-con-solo-dos-centrales","status":"publish","type":"post","link":"https:\/\/www.europesays.com\/es\/131780\/","title":{"rendered":"\u00a1Sergio se queda con s\u00f3lo dos centrales!"},"content":{"rendered":"<p data-mrf-recirculation=\"Links P\u00e1rrafos\" class=\"ue-c-article__paragraph paragraph ue-c-article--first-letter-highlighted\">La <strong>convocatoria de Jon Mart\u00edn para el mundial sub 20 <\/strong>de Chile, a donde viajaba hoy con el resto de los seleccionados, <strong>y la lesi\u00f3n de Aritz Elustondo<\/strong>, que sufri\u00f3 un golpe en una costilla que apunta a tener fracturada, <strong>deja a Sergio Francisco con solamente dos centrales<\/strong> a su disposici\u00f3n, los habitualmente titulares <strong>Igor Zubeldia y Duje Caleta-Car<\/strong>. Adem\u00e1s, <strong>el prometedor Luken Beitia del filial tambi\u00e9n est\u00e1 de baja <\/strong>por un problema f\u00edsico y el fichado Kazunari Kita ha sido citado tambi\u00e9n por Jap\u00f3n para el campeonato del mundo, con lo que el problema para el centro de la defensa es muy grave en la Real Sociedad.<\/p>\n<p data-mrf-recirculation=\"Links P\u00e1rrafos\" class=\"ue-c-article__paragraph paragraph\"><strong>Aritz disput\u00f3 los \u00faltimos 15 minutos del partido del viernes<\/strong> en La Cartuja <strong>y el s\u00e1bado particip\u00f3 en el ensayo<\/strong> del d\u00eda despu\u00e9s para los no titulares, con aparente normalidad por lo que se vio en las im\u00e1genes que public\u00f3 la Real del mismo, pero al parecer <strong>en alguna acci\u00f3n sufri\u00f3 un golpe en una costilla<\/strong> que parece est\u00e1 fracturada, lo que le tendr\u00eda un tiempo en reposo.<\/p>\n<p data-mrf-recirculation=\"Links P\u00e1rrafos\" class=\"ue-c-article__paragraph paragraph\"><strong>La lesi\u00f3n del 6 llega justo cuando Jon Mart\u00edn<\/strong>, el otro central suplente en este inicio de temporada 2025-26, <strong>se va con la selecci\u00f3n sub 20<\/strong> al Mundial de Chile, con lo que Sergio Francisco se quedar\u00eda tan s\u00f3lo con dos futbolistas para ese puesto, Igor Zubeldia y Duje Caleta-Car.<\/p>\n<p>El Sanse tambi\u00e9n tiene problemas en ese puesto<\/p>\n<p data-mrf-recirculation=\"Links P\u00e1rrafos\" class=\"ue-c-article__paragraph paragraph\"><strong>Lo normal en la Real, cuando hay bajas, es mirar al filial<\/strong>, pero da la casualidad de que <strong>Luken Beitia<\/strong>, que es el jugador que m\u00e1s y mejor viene apuntando para poder llegar al primer equipo, <strong>est\u00e1 de baja<\/strong> por un problema f\u00edsico que, como suele ser habitual con los chavales, no se ha dado a conocer. Como quiera que <strong>el japon\u00e9s Kazunari Kita tambi\u00e9n ha sido citado para el campeonato del mundo<\/strong>, <strong>Peru Rodr\u00edguez se quedar\u00eda como la \u00fanica opci\u00f3n<\/strong> para ayudar a la Real, a cambio de dejarle al Sanse sin futbolistas para esa demarcaci\u00f3n, porque al tener 23 a\u00f1os si subiese ya no podr\u00eda bajar.<\/p>\n","protected":false},"excerpt":{"rendered":"La convocatoria de Jon Mart\u00edn para el mundial sub 20 de Chile, a donde viajaba hoy con el&hellip;\n","protected":false},"author":2,"featured_media":131781,"comment_status":"","ping_status":"","sticky":false,"template":"","format":"standard","meta":{"footnotes":""},"categories":[268],"tags":[168,25,24,280,282,281,23,167],"class_list":{"0":"post-131780","1":"post","2":"type-post","3":"status-publish","4":"format-standard","5":"has-post-thumbnail","7":"category-futbol","8":"tag-deportes","9":"tag-es","10":"tag-espana","11":"tag-football","12":"tag-futbol","13":"tag-soccer","14":"tag-spain","15":"tag-sports"},"share_on_mastodon":{"url":"","error":""},"_links":{"self":[{"href":"https:\/\/www.europesays.com\/es\/wp-json\/wp\/v2\/posts\/131780","targetHints":{"allow":["GET"]}}],"collection":[{"href":"https:\/\/www.europesays.com\/es\/wp-json\/wp\/v2\/posts"}],"about":[{"href":"https:\/\/www.europesays.com\/es\/wp-json\/wp\/v2\/types\/post"}],"author":[{"embeddable":true,"href":"https:\/\/www.europesays.com\/es\/wp-json\/wp\/v2\/users\/2"}],"replies":[{"embeddable":true,"href":"https:\/\/www.europesays.com\/es\/wp-json\/wp\/v2\/comments?post=131780"}],"version-history":[{"count":0,"href":"https:\/\/www.europesays.com\/es\/wp-json\/wp\/v2\/posts\/131780\/revisions"}],"wp:featuredmedia":[{"embeddable":true,"href":"https:\/\/www.europesays.com\/es\/wp-json\/wp\/v2\/media\/131781"}],"wp:attachment":[{"href":"https:\/\/www.europesays.com\/es\/wp-json\/wp\/v2\/media?parent=131780"}],"wp:term":[{"taxonomy":"category","embeddable":true,"href":"https:\/\/www.europesays.com\/es\/wp-json\/wp\/v2\/categories?post=131780"},{"taxonomy":"post_tag","embeddable":true,"href":"https:\/\/www.europesays.com\/es\/wp-json\/wp\/v2\/tags?post=131780"}],"curies":[{"name":"wp","href":"https:\/\/api.w.org\/{rel}","templated":true}]}}