{"id":131782,"date":"2025-09-22T12:53:10","date_gmt":"2025-09-22T12:53:10","guid":{"rendered":"https:\/\/www.europesays.com\/es\/131782\/"},"modified":"2025-09-22T12:53:10","modified_gmt":"2025-09-22T12:53:10","slug":"maquillarte-no-alarga-la-vida","status":"publish","type":"post","link":"https:\/\/www.europesays.com\/es\/131782\/","title":{"rendered":"Maquillarte no alarga la vida"},"content":{"rendered":"<p data-journey-content=\"true\" data-node-id=\"3\" class=\"css-6wxqfj emevuu60\">Las declaraciones de <strong data-node-id=\"3.1\">Mar\u00eda Pombo<\/strong> opinando sobre los h\u00e1bitos de lectura y diciendo que \u00ab<strong data-node-id=\"3.3\">hay que superar a la gente que no sabe leer<\/strong>\u00bb todav\u00eda siguen en el punto de mira de muchos famosos que nada est\u00e1n de acuerdo con la empresaria e influencer. \u00abLo voy a decir: creo que hay que empezar a aceptar que hay gente a la que no le gusta leer. <strong data-node-id=\"3.5\">Y no por eso sois mejores los que s\u00ed disfrut\u00e1is leyendo<\/strong>. A todos nos inculcaron la lectura en alg\u00fan momento y todos tuvimos que probar, pero <strong data-node-id=\"3.7\">hay quienes la disfrutan y quienes no<\/strong>\u00ab, fueron las palabras de la joven. \u00abYo, por ejemplo, <strong data-node-id=\"3.9\">tengo una hermana que devora libros y otra que creo que no se ha le\u00eddo ni uno en su vida;<\/strong> y yo <strong data-node-id=\"3.11\">estoy en un punto intermedio<\/strong>\u00ab.<\/p>\n<p data-journey-content=\"true\" data-node-id=\"6\" class=\"css-6wxqfj emevuu60\">Ante las pol\u00e9micas declaraciones, ya han sido varios los celebrities que opinaron al respecto, como <a href=\"https:\/\/www.diezminutos.es\/famosos-corazon\/famosos-espanoles\/a66121082\/brays-efe-polemica-declaraciones-maria-pombo-lectura\/\" target=\"_blank\" data-vars-ga-outbound-link=\"https:\/\/www.diezminutos.es\/famosos-corazon\/famosos-espanoles\/a66121082\/brays-efe-polemica-declaraciones-maria-pombo-lectura\/\" data-vars-ga-ux-element=\"Hyperlink\" data-vars-ga-call-to-action=\"Brays Efe\" data-node-id=\"6.1\" class=\"body-link css-177bzfx emevuu60\" rel=\"nofollow noopener\"><strong data-node-id=\"6.1.0\">Brays Efe<\/strong><\/a>, que asegur\u00f3 que \u00ab<strong data-node-id=\"6.3\">es m\u00e1s humillante estar orgulloso de no leer<\/strong>\u00ab. Por lo general, Mar\u00eda Pombo no tiene problemas en hablar abiertamente de cualquier cosa que le suceda, desde su <a href=\"https:\/\/www.diezminutos.es\/famosos-corazon\/famosos-espanoles\/a60586955\/maria-pombo-habla-mala-relacion-dulceida-no-estare-momentos-importantes\/\" target=\"_blank\" data-vars-ga-outbound-link=\"https:\/\/www.diezminutos.es\/famosos-corazon\/famosos-espanoles\/a60586955\/maria-pombo-habla-mala-relacion-dulceida-no-estare-momentos-importantes\/\" data-vars-ga-ux-element=\"Hyperlink\" data-vars-ga-call-to-action=\"enemistad con Dulceida\" data-node-id=\"6.5\" class=\"body-link css-177bzfx emevuu60\" rel=\"nofollow noopener\">enemistad con Dulceida<\/a> hasta los <a href=\"https:\/\/www.diezminutos.es\/famosos-corazon\/famosos-espanoles\/a62802695\/maria-pombo-crisis-matrimonio-pablo-castellano-terapia\/\" target=\"_blank\" data-vars-ga-outbound-link=\"https:\/\/www.diezminutos.es\/famosos-corazon\/famosos-espanoles\/a62802695\/maria-pombo-crisis-matrimonio-pablo-castellano-terapia\/\" data-vars-ga-ux-element=\"Hyperlink\" data-vars-ga-call-to-action=\"rumores de una posible crisis en su matrimonio\" data-node-id=\"6.7\" class=\"body-link css-177bzfx emevuu60\" rel=\"nofollow noopener\">rumores de una posible crisis en su matrimonio<\/a>; pero esta vez <strong data-node-id=\"6.9\">sus palabras hicieron saltar todas las alarmas.<\/strong><\/p>\n<p><img draggable=\"true\" alt=\"maria pombo\" title=\"maria pombo\" loading=\"lazy\" width=\"2080\" height=\"2773\" decoding=\"async\" data-nimg=\"1\" style=\"color:transparent;width:100%;height:auto;\"   src=\"https:\/\/www.europesays.com\/es\/wp-content\/uploads\/2025\/09\/maria-pombo-68d0f64c6502c.jpg\" class=\"css-0 e1g79fud0\"\/><\/p>\n<p>Instagram \/ @mariapombo<\/p>\n<p>Luc\u00eda Etxebarr\u00eda se pronuncia sobre Mar\u00eda Pombo: \u00abMaquillarte no alarga la vida\u00bb<\/p>\n<p data-journey-content=\"true\" data-node-id=\"10\" class=\"css-6wxqfj emevuu60\">Siguiendo con los famosos que han decidido responder a la influencer, la \u00faltima ha sido la escritora <strong data-node-id=\"10.1\">Luc\u00eda Etxebarr\u00eda<\/strong>. \u00abYo le hice todo un v\u00eddeo a Mar\u00eda Pombo dici\u00e9ndole que en realidad <strong data-node-id=\"10.3\">leer alarga la vida<\/strong>, la neurociencia lo prueba\u00bb, comentaba la que fue ganadora del Premio Planeta en 2004. \u00abSon ejercicios mentales que son fundamentales. Ahora, <strong data-node-id=\"10.5\">yo no voy a la gente forz\u00e1ndole a que lean<\/strong>, creo que es lo peor que le puedes pedir\u00bb.<\/p>\n<p><img draggable=\"true\" alt=\"lucia etxebarria habla de maria pombo\" title=\"Lucia Etxebarria habla de Maria Pombo\" loading=\"lazy\" width=\"2136\" height=\"1405\" decoding=\"async\" data-nimg=\"1\" style=\"color:transparent;width:100%;height:auto;\"   src=\"https:\/\/www.europesays.com\/es\/wp-content\/uploads\/2025\/09\/lucia-etxebarria-habla-de-maria-pombo-jpg-68d0f516e0fea.jpg\" class=\"css-0 e1g79fud0\"\/><\/p>\n<p>Europa Press<\/p>\n<p data-journey-content=\"true\" data-node-id=\"15\" class=\"css-6wxqfj emevuu60\"><strong data-node-id=\"15.0\">\u00abMaquillarte no alarga la vida\u00bb<\/strong>, asegura la escritora. Luc\u00eda se lamenta por lo que implican las declaraciones de Pombo: \u00abLa verdad que es muy triste porque en circunstancias tan sumamente fr\u00edvolas, en que <strong data-node-id=\"15.2\">la gente se mata por ponerse b\u00f3tox, pintarse, maquillarse<\/strong>&#8230; Al final ponerte b\u00f3tox, pintarte o maquillarte <strong data-node-id=\"15.4\">no alarga la vida<\/strong>; pero la neurociencia te ha demostrado que <strong data-node-id=\"15.6\">leer s\u00ed la alarga<\/strong>\u00ab. Adem\u00e1s, explica que tener un h\u00e1bito de lectura \u00abestablece conexiones neuronales y retrasa el Alzheimer\u00bb. Pese a no estar de acuerdo con lo que dec\u00eda la influencer, Luc\u00eda Etxebarr\u00eda tambi\u00e9n quer\u00eda dejar claro que las formas en que se ha reaccionado contra ella no son las correctas. \u00ab<strong data-node-id=\"15.8\">Si una mujer no quiere leer, pues yo intentar\u00e9 seducirla<\/strong> o persuadirla\u00bb, dec\u00eda. \u00abYo creo que <strong data-node-id=\"15.10\">insultarle no es la manera, desde lueg<\/strong><strong data-node-id=\"15.11\">o<\/strong>\u00ab.<\/p>\n","protected":false},"excerpt":{"rendered":"Las declaraciones de Mar\u00eda Pombo opinando sobre los h\u00e1bitos de lectura y diciendo que \u00abhay que superar a&hellip;\n","protected":false},"author":2,"featured_media":131783,"comment_status":"","ping_status":"","sticky":false,"template":"","format":"standard","meta":{"footnotes":""},"categories":[174],"tags":[255,253,146,147,25,24,256,23],"class_list":{"0":"post-131782","1":"post","2":"type-post","3":"status-publish","4":"format-standard","5":"has-post-thumbnail","7":"category-famosos","8":"tag-celebrities","9":"tag-discover","10":"tag-entertainment","11":"tag-entretenimiento","12":"tag-es","13":"tag-espana","14":"tag-famosos","15":"tag-spain"},"share_on_mastodon":{"url":"","error":""},"_links":{"self":[{"href":"https:\/\/www.europesays.com\/es\/wp-json\/wp\/v2\/posts\/131782","targetHints":{"allow":["GET"]}}],"collection":[{"href":"https:\/\/www.europesays.com\/es\/wp-json\/wp\/v2\/posts"}],"about":[{"href":"https:\/\/www.europesays.com\/es\/wp-json\/wp\/v2\/types\/post"}],"author":[{"embeddable":true,"href":"https:\/\/www.europesays.com\/es\/wp-json\/wp\/v2\/users\/2"}],"replies":[{"embeddable":true,"href":"https:\/\/www.europesays.com\/es\/wp-json\/wp\/v2\/comments?post=131782"}],"version-history":[{"count":0,"href":"https:\/\/www.europesays.com\/es\/wp-json\/wp\/v2\/posts\/131782\/revisions"}],"wp:featuredmedia":[{"embeddable":true,"href":"https:\/\/www.europesays.com\/es\/wp-json\/wp\/v2\/media\/131783"}],"wp:attachment":[{"href":"https:\/\/www.europesays.com\/es\/wp-json\/wp\/v2\/media?parent=131782"}],"wp:term":[{"taxonomy":"category","embeddable":true,"href":"https:\/\/www.europesays.com\/es\/wp-json\/wp\/v2\/categories?post=131782"},{"taxonomy":"post_tag","embeddable":true,"href":"https:\/\/www.europesays.com\/es\/wp-json\/wp\/v2\/tags?post=131782"}],"curies":[{"name":"wp","href":"https:\/\/api.w.org\/{rel}","templated":true}]}}