{"id":131792,"date":"2025-09-22T12:59:10","date_gmt":"2025-09-22T12:59:10","guid":{"rendered":"https:\/\/www.europesays.com\/es\/131792\/"},"modified":"2025-09-22T12:59:10","modified_gmt":"2025-09-22T12:59:10","slug":"gavi-pasara-por-el-quirofano-por-su-lesion-en-el-menisco","status":"publish","type":"post","link":"https:\/\/www.europesays.com\/es\/131792\/","title":{"rendered":"Gavi pasar\u00e1 por el quir\u00f3fano por su lesi\u00f3n en el menisco"},"content":{"rendered":"<p>El centrocampista del Barcelona Pablo P\u00e1ez Gavira, &#8216;Gavi&#8217;, se someter\u00e1 este martes a <strong>una artroscopia para revisar la lesi\u00f3n radial que padece en el menisco interno de la rodilla derecha<\/strong>, seg\u00fan ha anunciado este lunes el equipo azulgrana. <\/p>\n<p>As\u00ed lo han determinado los servicios m\u00e9dicos del club despu\u00e9s de que el jugador efectuara este domingo \u00abintensas pruebas de estr\u00e9s deportivo\u00bb tras finalizar el tratamiento conservador que realiz\u00f3 en las \u00faltimas semanas para superar dicha dolencia.  \u00ab<strong>Con tal de garantizar la mejor recuperaci\u00f3n y regreso a la din\u00e1mica competitiva,<\/strong> Gavi se someter\u00e1 a una revisi\u00f3n artrosc\u00f3pica por parte del doctor Joan Carles Monllau, bajo la supervisi\u00f3n de los servicios m\u00e9dicos del club\u00bb, reza el comunicado del club azulgrana. <\/p>\n<p>Monllau ya oper\u00f3 en noviembre de 2023 al futbolista andaluz de una rotura completa del ligamento cruzado y una lesi\u00f3n asociada al menisco externo en la misma rodilla y que lo dej\u00f3 348 d\u00edas en el dique seco. En este ocasi\u00f3n, <strong>Gavi padece una lesi\u00f3n en el menisco interno,<\/strong> que no qued\u00f3 afectado en la grave lesi\u00f3n que sufri\u00f3 con la selecci\u00f3n espa\u00f1ola hace casi dos a\u00f1os. <\/p>\n<p>El centrocampista de Los Palacios y Villafranca sufri\u00f3 dicha dolencia el pasado 29 de agosto en un entrenamiento con el primer equipo azulgrana. Los servicios m\u00e9dicos del club le aconsejaron que realizara primero un tratamiento conservador, pero finalmente se han decantado por llevar a cabo una artroscopia al ver que las molestias persist\u00edan.<\/p>\n<p>Ferm\u00edn L\u00f3pez, tres semanas de baja por una lesi\u00f3n en el psoas il\u00edaco<\/p>\n<p>Por su parte, Fem\u00edn L\u00f3pez estar\u00e1 tres semanas de baja, a causa de una lesi\u00f3n muscular en el psoas il\u00edaco izquierdo. El andaluz<strong> se lesion\u00f3 pr\u00e1cticamente en la \u00faltima acci\u00f3n del partido de este domingo ante el Getafe (3-0),<\/strong> en un encuentro en el que particip\u00f3 la \u00faltima media hora en sustituci\u00f3n de Ferran Torres.<\/p>\n<p>Ferm\u00edn, seg\u00fan el pron\u00f3stico de los m\u00e9dicos del Barcelona, <strong>se perder\u00e1 cuatro partidos (Oviedo, Real Sociedad, Paris Saint-Germain y Sevilla)<\/strong> y podr\u00eda estar listo para el choque del pr\u00f3ximo 18 de octubre ante el Girona despu\u00e9s del par\u00f3n de selecciones.<\/p>\n<p>Con la baja de Ferm\u00edn son cinco los lesionados que tiene en la actualidad el equipo de Hansi Flick: Marc-Andre ter Stegen, Alejando Balde, Lamine Yamal y el mencionado Gavi. <\/p>\n","protected":false},"excerpt":{"rendered":"El centrocampista del Barcelona Pablo P\u00e1ez Gavira, &#8216;Gavi&#8217;, se someter\u00e1 este martes a una artroscopia para revisar la&hellip;\n","protected":false},"author":2,"featured_media":131793,"comment_status":"","ping_status":"","sticky":false,"template":"","format":"standard","meta":{"footnotes":""},"categories":[93],"tags":[168,25,24,23,167],"class_list":{"0":"post-131792","1":"post","2":"type-post","3":"status-publish","4":"format-standard","5":"has-post-thumbnail","7":"category-deportes","8":"tag-deportes","9":"tag-es","10":"tag-espana","11":"tag-spain","12":"tag-sports"},"share_on_mastodon":{"url":"","error":""},"_links":{"self":[{"href":"https:\/\/www.europesays.com\/es\/wp-json\/wp\/v2\/posts\/131792","targetHints":{"allow":["GET"]}}],"collection":[{"href":"https:\/\/www.europesays.com\/es\/wp-json\/wp\/v2\/posts"}],"about":[{"href":"https:\/\/www.europesays.com\/es\/wp-json\/wp\/v2\/types\/post"}],"author":[{"embeddable":true,"href":"https:\/\/www.europesays.com\/es\/wp-json\/wp\/v2\/users\/2"}],"replies":[{"embeddable":true,"href":"https:\/\/www.europesays.com\/es\/wp-json\/wp\/v2\/comments?post=131792"}],"version-history":[{"count":0,"href":"https:\/\/www.europesays.com\/es\/wp-json\/wp\/v2\/posts\/131792\/revisions"}],"wp:featuredmedia":[{"embeddable":true,"href":"https:\/\/www.europesays.com\/es\/wp-json\/wp\/v2\/media\/131793"}],"wp:attachment":[{"href":"https:\/\/www.europesays.com\/es\/wp-json\/wp\/v2\/media?parent=131792"}],"wp:term":[{"taxonomy":"category","embeddable":true,"href":"https:\/\/www.europesays.com\/es\/wp-json\/wp\/v2\/categories?post=131792"},{"taxonomy":"post_tag","embeddable":true,"href":"https:\/\/www.europesays.com\/es\/wp-json\/wp\/v2\/tags?post=131792"}],"curies":[{"name":"wp","href":"https:\/\/api.w.org\/{rel}","templated":true}]}}