{"id":131796,"date":"2025-09-22T13:01:09","date_gmt":"2025-09-22T13:01:09","guid":{"rendered":"https:\/\/www.europesays.com\/es\/131796\/"},"modified":"2025-09-22T13:01:09","modified_gmt":"2025-09-22T13:01:09","slug":"drag-race-espana-5-muestra-la-llegada-de-sus-reinas-y-desvela-su-primera-jueza-invitada","status":"publish","type":"post","link":"https:\/\/www.europesays.com\/es\/131796\/","title":{"rendered":"&#8216;Drag Race Espa\u00f1a 5&#8217; muestra la llegada de sus reinas y desvela su primera jueza invitada"},"content":{"rendered":"<p class=\"article-text\">\n        La quinta temporada de <strong>Drag Race Espa\u00f1a<\/strong> est\u00e1 a punto de arrancar en <strong>Atresplayer<\/strong>. Con un estreno programado para el domingo 28 de septiembre, el talent show de <strong>Atresmedia <\/strong>ha presentado a su nueva hornada de participantes. El <strong>tr\u00e1iler <\/strong>ha mostrado los primeros minutos de la competici\u00f3n, avanzando nervios, rivalidad y hasta su primera jueza invitada: <strong>Amaia Romero<\/strong>.\n    <\/p>\n<p>    <a href=\"https:\/\/www.eldiario.es\/noticias\/drag-race-fija-estreno-atresmedia-mensaje-reinas-ultraderecha-ojala-vayan-culo_1_12580262.html\" data-mrf-recirculation=\"saber-mas\" data-dl-event=\"saber-mas\" rel=\"nofollow noopener\" target=\"_blank\"><\/p>\n<p class=\"know-more__title\">&#8216;Drag Race&#8217; fija su estreno en Atresmedia, con mensaje de sus reinas a la ultraderecha: \u00abOjal\u00e1 se vayan a tomar por culo\u00bb<\/p>\n<p>            <img decoding=\"async\" class=\"lazy\" loading=\"lazy\" data-src=\"https:\/\/static.eldiario.es\/clip\/2b4d5d4c-3188-4ba9-8b0d-02b0bf977734_16-9-aspect-ratio_default_0.jpg\" src=\"data:image\/svg+xml,%3Csvg xmlns=\" http:=\"\" viewbox=\"0 0 880 495\" alt=\"'Drag Race' fija su estreno en Atresmedia, con mensaje de sus reinas a la ultraderecha: &quot;Ojal\u00e1 se vayan a tomar por culo&quot;\"\/><\/p>\n<p>                        <\/a><\/p>\n<p class=\"article-text\">\n        Capitaneado por <strong>Supremme De Luxe<\/strong>,<strong> <\/strong>Drag Race Espa\u00f1a 5 buscar\u00e1 a su nueva reina entre <strong>Alexandra del Raval<\/strong>, <strong>Dafne Mugler<\/strong>, <strong>Den\u00e9bola Murnau<\/strong>, <strong>Eva Harrington<\/strong>, <strong>Ferrxn<\/strong>, <strong>Krystal Forever<\/strong>,<strong> Laca Udilla<\/strong>, <strong>La Esc\u00e1ndalo<\/strong>, <strong>Margarita Kalifata<\/strong>, <strong>Nix<\/strong>, <strong>Nori <\/strong>y<strong> Sat\u00edn Greco<\/strong>. Y en esta ocasi\u00f3n, la competici\u00f3n se volver\u00e1 m\u00e1s dif\u00edcil que nunca.\n    <\/p>\n<p class=\"article-text\">\n        En la mesa del jurado repiten <strong>Javier Calvo<\/strong>, <strong>Javier Ambrossi<\/strong> y <strong>Ana Locking<\/strong>, recibiendo a un miembro invitado en cada entrega del programa. Atresmedia ha desvelado que la primera persona en ocupar esa silla rotativa ser\u00e1 <strong>Amaia Romero<\/strong>. De todos ellos depende la gran decisi\u00f3n: elegir a la ganadora que se embolsar\u00e1 <strong>50.000 euros<\/strong>.\n    <\/p>\n<p class=\"article-text\">\n        El premio final aumenta en 20.000 euros con relaci\u00f3n a temporadas anteriores, al igual que <strong>crece la dificultad<\/strong> en los retos propuestos a las reinas. Incluso se ha dado a conocer que el primer programa contar\u00e1 con una gran novedad que marcar\u00e1 el destino del casting. Lo que no cambia es la combinaci\u00f3n de costura, talento, baile e interpretaci\u00f3n.\n    <\/p>\n<p>    <a href=\"https:\/\/www.eldiario.es\/vertele\/audiencias-tv\/domingo-21-septiembre-2025-supervivientes-all-stars-firma-mejor-edicion-gana-primera-vez-la-pelicula-de-la-semana_1_12620990.html\" data-mrf-recirculation=\"saber-mas-abajo\" data-dl-event=\"saber-mas-abajo\" rel=\"nofollow noopener\" target=\"_blank\"><\/p>\n<p class=\"know-more__title\">&#8216;Supervivientes All Stars&#8217; (14.1%) firma su mejor domingo de la edici\u00f3n y gana por primera vez a &#8216;La pel\u00edcula de la semana&#8217;<\/p>\n<p>            <img decoding=\"async\" class=\"lazy\" loading=\"lazy\" data-src=\"https:\/\/static.eldiario.es\/clip\/74986589-1f6a-4855-9e58-8be11f2a8a9f_16-9-aspect-ratio_default_0.jpg\" src=\"data:image\/svg+xml,%3Csvg xmlns=\" http:=\"\" viewbox=\"0 0 880 495\" alt=\"'Supervivientes All Stars' (14.1%) firma su mejor domingo de la edici\u00f3n y gana por primera vez a 'La pel\u00edcula de la semana'\"\/><\/p>\n<p>                        <\/a><\/p>\n<p class=\"article-text\">\n        M\u00e1s all\u00e1 del tr\u00e1iler que nos ocupa, Atresmedia ha dado a conocer un dato que eleva las expectativas para Drag Race Espa\u00f1a 5. El <strong>Meet the Queens<\/strong><strong> <\/strong>emitido el pasado 7 de septiembre se convirti\u00f3 en el <strong>m\u00e1s visto de toda la franquicia<\/strong> desde que arranc\u00f3 sus emisiones en Atresplayer. Sea como fuere, el taller ya est\u00e1 preparado para que sus nuevas reinas hagan todo lo posible por brillar.\n    <\/p>\n","protected":false},"excerpt":{"rendered":"La quinta temporada de Drag Race Espa\u00f1a est\u00e1 a punto de arrancar en Atresplayer. Con un estreno programado&hellip;\n","protected":false},"author":2,"featured_media":131797,"comment_status":"","ping_status":"","sticky":false,"template":"","format":"standard","meta":{"footnotes":""},"categories":[91],"tags":[1153,18069,42143,146,147,25,24,6060,9864,5808,3154,35519,23],"class_list":{"0":"post-131796","1":"post","2":"type-post","3":"status-publish","4":"format-standard","5":"has-post-thumbnail","7":"category-entretenimiento","8":"tag-1153","9":"tag-atresplayer","10":"tag-drag","11":"tag-entertainment","12":"tag-entretenimiento","13":"tag-es","14":"tag-espana","15":"tag-invitada","16":"tag-jueza","17":"tag-llegada","18":"tag-race","19":"tag-reinas","20":"tag-spain"},"share_on_mastodon":{"url":"","error":""},"_links":{"self":[{"href":"https:\/\/www.europesays.com\/es\/wp-json\/wp\/v2\/posts\/131796","targetHints":{"allow":["GET"]}}],"collection":[{"href":"https:\/\/www.europesays.com\/es\/wp-json\/wp\/v2\/posts"}],"about":[{"href":"https:\/\/www.europesays.com\/es\/wp-json\/wp\/v2\/types\/post"}],"author":[{"embeddable":true,"href":"https:\/\/www.europesays.com\/es\/wp-json\/wp\/v2\/users\/2"}],"replies":[{"embeddable":true,"href":"https:\/\/www.europesays.com\/es\/wp-json\/wp\/v2\/comments?post=131796"}],"version-history":[{"count":0,"href":"https:\/\/www.europesays.com\/es\/wp-json\/wp\/v2\/posts\/131796\/revisions"}],"wp:featuredmedia":[{"embeddable":true,"href":"https:\/\/www.europesays.com\/es\/wp-json\/wp\/v2\/media\/131797"}],"wp:attachment":[{"href":"https:\/\/www.europesays.com\/es\/wp-json\/wp\/v2\/media?parent=131796"}],"wp:term":[{"taxonomy":"category","embeddable":true,"href":"https:\/\/www.europesays.com\/es\/wp-json\/wp\/v2\/categories?post=131796"},{"taxonomy":"post_tag","embeddable":true,"href":"https:\/\/www.europesays.com\/es\/wp-json\/wp\/v2\/tags?post=131796"}],"curies":[{"name":"wp","href":"https:\/\/api.w.org\/{rel}","templated":true}]}}