{"id":131810,"date":"2025-09-22T13:08:32","date_gmt":"2025-09-22T13:08:32","guid":{"rendered":"https:\/\/www.europesays.com\/es\/131810\/"},"modified":"2025-09-22T13:08:32","modified_gmt":"2025-09-22T13:08:32","slug":"gerpe-y-partido-de-resina-de-sevillanas-maneras-en-madrid-por-el-piton-derecho","status":"publish","type":"post","link":"https:\/\/www.europesays.com\/es\/131810\/","title":{"rendered":"&#039;Gerpe y Partido de Resina, de sevillanas maneras en Madrid&#039; &#8211; Por el piton derecho"},"content":{"rendered":"<ol>\n<li><a href=\"https:\/\/news.google.com\/rss\/articles\/CBMioAFBVV95cUxOT0kxcVlxRmtIN05WMFZ5YVhmWlEzX2N5alN0NTEtdkRTbHJnWFVoWWVJcFcyWGp6MmN3X1FBOXBXREd1eVQxNlp2TW9yenpKeHJDV1dabm4zQzJQRXB1MFMyUjVCSUxHRk4zMmE2WWhuRlBiWVI2RDVqNDhNQk5NbThKWklKMTg2U0R2UlJDLXhodHBRSmFJbDA3N1BIZWpq?oc=5\" target=\"_blank\" rel=\"nofollow noopener\">&#8216;Gerpe y Partido de Resina, de sevillanas maneras en Madrid&#8217;<\/a>&nbsp;&nbsp;Por el piton derecho<\/li>\n<li><a href=\"https:\/\/news.google.com\/rss\/articles\/CBMigwFBVV95cUxQazhaUUV4ZnNLclpuM3lROXkzNWZjczU2di1DeWNfeTlzMjJtV01zdUpWUkdxcFc3MEtXTlhacTRHb2NudGRtLWpNQ2Z5VEtBN3B2U1NzRnpZLTZyTHVubmdqbFkxbGRQeEVsQWFRdzhFMC0zdDYxY2pnM3k1czNVT25la9IBgwFBVV95cUxQMzdHQy1vRGxVOTRWcE5naXlZUHpjZXdHZkhmX29EOHJ1YTlVOW9TNTQwMVhBMmVrakpudU5aclFEXzZTTWxDaS1VTkYtblM5dGNDZW50cjA1QW1hY2I3dmxsbGhINjRRT1ZyNlZfWkVfakZNMEYtQjg5bzBYQ1JReElKSQ?oc=5\" target=\"_blank\" rel=\"nofollow noopener\">Grave cornada de 30 cent\u00edmetros a Seraf\u00edn Mar\u00edn en Las Ventas<\/a>&nbsp;&nbsp;El Mundo<\/li>\n<li><a href=\"https:\/\/news.google.com\/rss\/articles\/CBMinwFBVV95cUxOQURpVjFmbzRaY2RIdnVNMkszOGIyMjI0aWJuLUIzbTNJdXV0MkFIVjFjbmFXT21WelJFcjFPb2tPc3NaVDBDT2NobTdxQzE5c3U1ekQ4WXRzdFlXcHpIaTVmZ0JiYkxxNDN5UWJxVHlHSEcxX1VVQnJsRGtnSGdKLW5JYi03MWNVLWR2ajRYMFRiZDhmZlo4VWpBYjU4RU0?oc=5\" target=\"_blank\" rel=\"nofollow noopener\">Desaf\u00edo torista en Las Ventas: Seraf\u00edn Mar\u00edn, herido grave tras una cogida espectacular | Cultura<\/a>&nbsp;&nbsp;EL PA\u00cdS<\/li>\n<li><a href=\"https:\/\/news.google.com\/rss\/articles\/CBMipwFBVV95cUxQQ2ZnbmY4dGF6c2VkN1ZucmRXWmxmd2lyZUdBak5NcVRpMGRzRlJFcjBQc005clpSMUlfVmVBYi10WWtuLVU2X1BnN0NnX2doanpsdGhNUklYd3VaOVprRkNUd0FEcFBTMi1pV05ka1FXZHpKZktVYkhTQWc0SFR3M21Jei1Wdlp1S3VCR2NDeUtjSF9RLVZEdmlIREN3NzQ0bUJpRXA3SdIBrAFBVV95cUxQeHVPMGltNUVyaXlHQTJhaVQ3Q1MxRWtocmd0U0hJTzJaMThROHZmSUNVTkF1VVVWOUgyZzZTeVZ5YzNqc2p3Q292dFhrSmMwWUxISE9UakRLX3ZhVTRNUXM2R1IyRG44bmN0emxnaC1DMXNFM19RRUVDdXp1QWVMR0VrZ3hfeEwxQVVDc2wyeElBN3UwenBWZ1ZuZnNMU1drZW5jSjVmWVFmQ0wy?oc=5\" target=\"_blank\" rel=\"nofollow noopener\">El torero Seraf\u00edn Mar\u00edn, cogido por un toro en Las Ventas<\/a>&nbsp;&nbsp;La Vanguardia<\/li>\n<li><a href=\"https:\/\/news.google.com\/rss\/articles\/CBMisAFBVV95cUxOZzlOaWJTbExUX2t6VnhlOEM5N1IxaV94ZktuTk80Ukw1bnRXc0tmSkJUeDdtWjRHcmM1RVR3WG56Q0ZpLW9uUDFQcDdBd3pRdDA4MXhnOFpFMU8yWDF0V0ZWc3FTeW1RaEdYZDA2dWVlOExjNm1od3FHMWwwM3daRmg4NjhDXy1tSWJCY3dtOE56SjVMamQzWWN3dUxFWko3NU5kVDJkWGxseTBKYmlfbA?oc=5\" target=\"_blank\" rel=\"nofollow noopener\">Seraf\u00edn Mar\u00edn sufre una cornada de 30 cm en Las Ventas y Luis Gerpe se reivindica en un complicado desaf\u00edo<\/a>&nbsp;&nbsp;ABC<\/li>\n<\/ol>\n","protected":false},"excerpt":{"rendered":"&#8216;Gerpe y Partido de Resina, de sevillanas maneras en Madrid&#8217;&nbsp;&nbsp;Por el piton derecho Grave cornada de 30 cent\u00edmetros&hellip;\n","protected":false},"author":2,"featured_media":131811,"comment_status":"","ping_status":"","sticky":false,"template":"","format":"standard","meta":{"footnotes":""},"categories":[277],"tags":[373,42149,168,25,24,23,167,374],"class_list":{"0":"post-131810","1":"post","2":"type-post","3":"status-publish","4":"format-standard","5":"has-post-thumbnail","7":"category-toreo","8":"tag-bullfighting","9":"tag-cronica-las-ventas","10":"tag-deportes","11":"tag-es","12":"tag-espana","13":"tag-spain","14":"tag-sports","15":"tag-toreo"},"share_on_mastodon":{"url":"","error":""},"_links":{"self":[{"href":"https:\/\/www.europesays.com\/es\/wp-json\/wp\/v2\/posts\/131810","targetHints":{"allow":["GET"]}}],"collection":[{"href":"https:\/\/www.europesays.com\/es\/wp-json\/wp\/v2\/posts"}],"about":[{"href":"https:\/\/www.europesays.com\/es\/wp-json\/wp\/v2\/types\/post"}],"author":[{"embeddable":true,"href":"https:\/\/www.europesays.com\/es\/wp-json\/wp\/v2\/users\/2"}],"replies":[{"embeddable":true,"href":"https:\/\/www.europesays.com\/es\/wp-json\/wp\/v2\/comments?post=131810"}],"version-history":[{"count":0,"href":"https:\/\/www.europesays.com\/es\/wp-json\/wp\/v2\/posts\/131810\/revisions"}],"wp:featuredmedia":[{"embeddable":true,"href":"https:\/\/www.europesays.com\/es\/wp-json\/wp\/v2\/media\/131811"}],"wp:attachment":[{"href":"https:\/\/www.europesays.com\/es\/wp-json\/wp\/v2\/media?parent=131810"}],"wp:term":[{"taxonomy":"category","embeddable":true,"href":"https:\/\/www.europesays.com\/es\/wp-json\/wp\/v2\/categories?post=131810"},{"taxonomy":"post_tag","embeddable":true,"href":"https:\/\/www.europesays.com\/es\/wp-json\/wp\/v2\/tags?post=131810"}],"curies":[{"name":"wp","href":"https:\/\/api.w.org\/{rel}","templated":true}]}}