{"id":131812,"date":"2025-09-22T13:12:12","date_gmt":"2025-09-22T13:12:12","guid":{"rendered":"https:\/\/www.europesays.com\/es\/131812\/"},"modified":"2025-09-22T13:12:12","modified_gmt":"2025-09-22T13:12:12","slug":"andre-agassi-sobre-su-aprendizaje-en-la-laver-cup-dejar-fluir-y-hablar-menos-atp-tour","status":"publish","type":"post","link":"https:\/\/www.europesays.com\/es\/131812\/","title":{"rendered":"Andre Agassi sobre su aprendizaje en la Laver Cup\u2026 dejar fluir y hablar menos | ATP Tour"},"content":{"rendered":"<p>        Laver Cup<br \/>\n    Agassi sobre su aprendizaje en la Laver Cup\u2026 dejar fluir y hablar menos<\/p>\n<p>El Team Mundial derrot\u00f3 al Team Europa por 15-9 en San Francisco<\/p>\n<p>September 22, 2025<\/p>\n<p>            <img decoding=\"async\" src=\"https:\/\/www.europesays.com\/es\/wp-content\/uploads\/2025\/09\/agassi-lc-2025-sunday-reaction.jpg\" alt=\"Andre Agassi capitane\u00f3 al Team World en la Laver Cup por primera vez. \"\/><\/p>\n<p>Getty Images<\/p>\n<p>        Andre Agassi capitane\u00f3 al Team World en la Laver Cup por primera vez.<br \/>\n        By Redacci\u00f3n ATP <\/p>\n<p><a href=\"https:\/\/www.atptour.com\/es\/players\/andre-agassi\/a092\/overview\" rel=\"nofollow noopener\" target=\"_blank\">Andre Agassi<\/a> ha disfrutado de grandes momentos en la pista de tenis. El estadounidense lleg\u00f3 a ser el No. 1 del PIF ATP Rankings y levant\u00f3 60 t\u00edtulos a lo largo de su carrera, entre ellas ocho coronas de Grand Slam.<\/p>\n<p>Casi 20 a\u00f1os despu\u00e9s de colgar la raqueta como profesional, Agassi escribi\u00f3 un nuevo cap\u00edtulo en este deporte. Esta vez lo hizo desde el banquillo como capit\u00e1n del Team Mundial, tras la conquista este domingo de la <a href=\"https:\/\/www.atptour.com\/es\/tournaments\/laver-cup\/9210\/overview\" rel=\"nofollow noopener\" target=\"_blank\">Laver Cup<\/a> en San Francisco. Este fin de semana quedar\u00e1 para siempre guardado en su recuerdo.<\/p>\n<p> \u201cTodo el mundo desempe\u00f1\u00f3 un papel para que haya sido una de las semanas m\u00e1s memorables que he pasado en una pista de tenis\u201d, advirti\u00f3 Agassi este domingo por la noche tras la victoria ante el Team Europa. \u201cY eso ya es decir, porque pas\u00e9 muchos a\u00f1os en los que, de una forma u otra, con algo que se percib\u00eda como equipo, pero este fue un verdadero equipo. Estoy muy orgulloso de vosotros. Nunca dejasteis de creer\u201d.<\/p>\n<p><a rel=\"noopener noreferrer nofollow\" href=\"https:\/\/www.atptour.com\/es\/news\/it-all-adds-up-hub\/\" target=\"_blank\"><img decoding=\"async\" alt=\"\" style=\"height:90px; width:728px;\" src=\"https:\/\/www.europesays.com\/es\/wp-content\/uploads\/2025\/09\/1758546732_354_it-all-adds-up-banner.jpg\"\/><\/a><\/p>\n<p>Cerca de sus jugadores, Agassi, junto al vicecapit\u00e1n <a href=\"https:\/\/www.atptour.com\/es\/players\/patrick-rafter\/r255\/overview\" rel=\"nofollow noopener\" target=\"_blank\">Patrick Rafter<\/a>, ayud\u00f3 a <a href=\"https:\/\/www.atptour.com\/es\/players\/taylor-fritz\/fb98\/overview\" rel=\"nofollow noopener\" target=\"_blank\">Taylor Fritz<\/a>, <a href=\"https:\/\/www.atptour.com\/es\/players\/joao-fonseca\/f0fv\/overview\" rel=\"nofollow noopener\" target=\"_blank\">Joao Fonseca<\/a>, Alex de Minaur y <a href=\"https:\/\/www.atptour.com\/es\/players\/francisco-cerundolo\/c0au\/overview\" rel=\"nofollow noopener\" target=\"_blank\">Francisco Cerundolo<\/a> a conseguir victorias individuales, adem\u00e1s del triunfo que consiguieron De Minaur y Michelsen en la prueba de dobles durante los tres d\u00edas de competici\u00f3n. M\u00e1s all\u00e1 de sus d\u00e9cadas de experiencia en el circuito, Agassi sac\u00f3 un aprendizaje de esta nueva experiencia.<\/p>\n<p> \u201cCreo que con lo que me quedo de este grupo es la confianza que tienen en lo que pueden lograr en la pista. No es un autoenga\u00f1o. Quiero decir, puede serlo, pero fue incre\u00edble ver la calma que tuvieron en mitad de la tormenta\u201d, reconoci\u00f3 Agassi. \u201cLo que aprend\u00ed o lo que sigo aprendiendo, es intentar escuchar m\u00e1s que hablar y dejarles fluir\u201d.<\/p>\n<p>Tambi\u00e9n Podr\u00eda Interesarle: <a href=\"https:\/\/www.atptour.com\/es\/news\/laver-cup-2025-domingo-final\" rel=\"nofollow noopener\" target=\"_blank\">Fritz vence a Zverev para sellar la victoria del Team Mundial en la Laver Cup<\/a><\/p>\n<p>Fritz asumi\u00f3 los galones en San Francisco. Consigui\u00f3 la primera victoria en el Lexus ATP Head2Head frente a <a href=\"https:\/\/www.atptour.com\/es\/players\/carlos-alcaraz\/a0e2\/overview\" rel=\"nofollow noopener\" target=\"_blank\">Carlos Alcaraz<\/a> el s\u00e1bado y un d\u00eda m\u00e1s tarde hizo lo propio frente a <a href=\"https:\/\/www.atptour.com\/es\/players\/alexander-zverev\/z355\/overview\" rel=\"nofollow noopener\" target=\"_blank\">Alexander Zverev<\/a>, asegurando decisivos puntos para el Team Mundial.<\/p>\n<p> \u201cEra dif\u00edcil volver y jugar como lo hice el s\u00e1bado. Cuando sal\u00ed del hotel pas\u00f3 algo divertido. Vi a Roddick, con quien no hab\u00eda hablado mucho antes, y me dijo: \u201cNo te preocupes, vas a jugar mejor hoy\u201d, brome\u00f3 sobre lo bien que jugu\u00e9 contra Carlos\u201d, confes\u00f3 Fritz.<\/p>\n<p> \u201cTuvimos que elegir qui\u00e9n jugaba hoy, nos sentamos todo el equipo y yo era uno de los que quer\u00edan estar en la situaci\u00f3n que estuve. As\u00ed que cuando lleg\u00f3 el momento, ten\u00eda que actuar. Es un partido en el que obviamente me siento relativamente c\u00f3modo. No importa lo que pase, voy a competir todo lo duro que pueda para el equipo y darlo todo\u201d.<\/p>\n<p>Los locales se impusieron finalmente por 15-9 en San Francisco, pero despu\u00e9s de ocho ediciones es el Team Europa quien domina con 5 t\u00edtulos a 3 en la <a href=\"https:\/\/www.atptour.com\/es\/tournaments\/laver-cup\/9210\/overview\" rel=\"nofollow noopener\" target=\"_blank\">Laver Cup<\/a> ante el Team Mundial.<\/p>\n","protected":false},"excerpt":{"rendered":"Laver Cup Agassi sobre su aprendizaje en la Laver Cup\u2026 dejar fluir y hablar menos El Team Mundial&hellip;\n","protected":false},"author":2,"featured_media":131813,"comment_status":"","ping_status":"","sticky":false,"template":"","format":"standard","meta":{"footnotes":""},"categories":[274],"tags":[168,25,24,23,167,327,326],"class_list":{"0":"post-131812","1":"post","2":"type-post","3":"status-publish","4":"format-standard","5":"has-post-thumbnail","7":"category-tenis","8":"tag-deportes","9":"tag-es","10":"tag-espana","11":"tag-spain","12":"tag-sports","13":"tag-tenis","14":"tag-tennis"},"share_on_mastodon":{"url":"","error":""},"_links":{"self":[{"href":"https:\/\/www.europesays.com\/es\/wp-json\/wp\/v2\/posts\/131812","targetHints":{"allow":["GET"]}}],"collection":[{"href":"https:\/\/www.europesays.com\/es\/wp-json\/wp\/v2\/posts"}],"about":[{"href":"https:\/\/www.europesays.com\/es\/wp-json\/wp\/v2\/types\/post"}],"author":[{"embeddable":true,"href":"https:\/\/www.europesays.com\/es\/wp-json\/wp\/v2\/users\/2"}],"replies":[{"embeddable":true,"href":"https:\/\/www.europesays.com\/es\/wp-json\/wp\/v2\/comments?post=131812"}],"version-history":[{"count":0,"href":"https:\/\/www.europesays.com\/es\/wp-json\/wp\/v2\/posts\/131812\/revisions"}],"wp:featuredmedia":[{"embeddable":true,"href":"https:\/\/www.europesays.com\/es\/wp-json\/wp\/v2\/media\/131813"}],"wp:attachment":[{"href":"https:\/\/www.europesays.com\/es\/wp-json\/wp\/v2\/media?parent=131812"}],"wp:term":[{"taxonomy":"category","embeddable":true,"href":"https:\/\/www.europesays.com\/es\/wp-json\/wp\/v2\/categories?post=131812"},{"taxonomy":"post_tag","embeddable":true,"href":"https:\/\/www.europesays.com\/es\/wp-json\/wp\/v2\/tags?post=131812"}],"curies":[{"name":"wp","href":"https:\/\/api.w.org\/{rel}","templated":true}]}}