{"id":131814,"date":"2025-09-22T13:13:09","date_gmt":"2025-09-22T13:13:09","guid":{"rendered":"https:\/\/www.europesays.com\/es\/131814\/"},"modified":"2025-09-22T13:13:09","modified_gmt":"2025-09-22T13:13:09","slug":"una-ruta-ciclista-sin-participantes-que-se-quedo-en-una-foto-noticias-de-benavente-y-comarca-24-horas","status":"publish","type":"post","link":"https:\/\/www.europesays.com\/es\/131814\/","title":{"rendered":"Una ruta ciclista sin participantes, que se qued\u00f3 en una foto | Noticias de Benavente y Comarca 24 horas"},"content":{"rendered":"<p><img decoding=\"async\" alt=\"[Img #225708]\" class=\"RichTextAlignCenter\" src=\"https:\/\/www.europesays.com\/es\/wp-content\/uploads\/2025\/09\/6097_imagen-de-whatsapp-2025-09-21-a-las-173613_e0ecc54f.jpg\"\/><\/p>\n<p>\u00a0<\/p>\n<p>La ruta cicloturista programada para esta ma\u00f1ana dentro de los actos de la Semana Europea de la Movilidad fue suspendida por la escasa participaci\u00f3n. A pesar de la convocatoria realizada por la Concejal\u00eda de Juventud y Deportes del Ayuntamiento de Benavente, apenas cuatro ciclistas se dieron cita a las 10:00 horas en la Plaza Mayor, punto de partida inicial.<\/p>\n<p>\u00a0<\/p>\n<p>La prueba, dise\u00f1ada para combinar tramos urbanos con rutas cercanas a Benavente, ten\u00eda como objetivo promover el transporte sostenible y los h\u00e1bitos de vida saludables. Ante la imposibilidad de llevar a cabo el evento oficial, los miembros del\u00a0<strong>Club Ciclista Lopenta<\/strong>, que se hab\u00edan prestado a acompa\u00f1ar y guiar la marcha, comunicaron la suspensi\u00f3n de la prueba, se hicieron una foto con los participantes, y emprendieron ruta hasta Navianos de Valverde<\/p>\n<p>\u00a0<\/p>\n<p>\u00a0<\/p>\n<p><strong>Pr\u00f3ximos eventos: Marcha Nocturna\u00a0<\/strong><\/p>\n<p>Aprovechando la ocasi\u00f3n, desde el Club Lopenta recordaron a la ciudadan\u00eda que la agenda de eventos deportivos contin\u00faa el\u00a0pr\u00f3ximo sabado\u00a0<strong>27\u00a0de septiembre.<\/strong><\/p>\n<p>\u00a0<\/p>\n<p>La salida est\u00e1 fijada a las\u00a0<strong>20:30\u00a0horas<\/strong>\u00a0desde la Plaza de la Madera.<\/p>\n<p>La Concejal\u00eda de Juventud y Deportes agradece la comprensi\u00f3n y anima a la participaci\u00f3n en las pr\u00f3ximas actividades, reforzando su compromiso con la promoci\u00f3n del deporte y la movilidad sostenible entre los benaventanos.<\/p>\n","protected":false},"excerpt":{"rendered":"\u00a0 La ruta cicloturista programada para esta ma\u00f1ana dentro de los actos de la Semana Europea de la&hellip;\n","protected":false},"author":2,"featured_media":131815,"comment_status":"","ping_status":"","sticky":false,"template":"","format":"standard","meta":{"footnotes":""},"categories":[273],"tags":[4071,4075,4066,313,4068,312,168,1819,1639,4076,2308,4072,25,24,43,244,4070,4074,4077,10,1925,4069,23,167,807,913,4067,4073,2338,2946],"class_list":{"0":"post-131814","1":"post","2":"type-post","3":"status-publish","4":"format-standard","5":"has-post-thumbnail","7":"category-ciclismo","8":"tag-agenda","9":"tag-autobus","10":"tag-benavente","11":"tag-ciclismo","12":"tag-comarca","13":"tag-cycling","14":"tag-deportes","15":"tag-diario","16":"tag-digital","17":"tag-diseno-web","18":"tag-empresas","19":"tag-enmaromado","20":"tag-es","21":"tag-espana","22":"tag-fiestas","23":"tag-fotografia","24":"tag-guia","25":"tag-horarios","26":"tag-lopd","27":"tag-noticias","28":"tag-opinion","29":"tag-periodico","30":"tag-spain","31":"tag-sports","32":"tag-television","33":"tag-toro","34":"tag-ultimas","35":"tag-veguilla","36":"tag-video","37":"tag-zamora"},"share_on_mastodon":{"url":"","error":""},"_links":{"self":[{"href":"https:\/\/www.europesays.com\/es\/wp-json\/wp\/v2\/posts\/131814","targetHints":{"allow":["GET"]}}],"collection":[{"href":"https:\/\/www.europesays.com\/es\/wp-json\/wp\/v2\/posts"}],"about":[{"href":"https:\/\/www.europesays.com\/es\/wp-json\/wp\/v2\/types\/post"}],"author":[{"embeddable":true,"href":"https:\/\/www.europesays.com\/es\/wp-json\/wp\/v2\/users\/2"}],"replies":[{"embeddable":true,"href":"https:\/\/www.europesays.com\/es\/wp-json\/wp\/v2\/comments?post=131814"}],"version-history":[{"count":0,"href":"https:\/\/www.europesays.com\/es\/wp-json\/wp\/v2\/posts\/131814\/revisions"}],"wp:featuredmedia":[{"embeddable":true,"href":"https:\/\/www.europesays.com\/es\/wp-json\/wp\/v2\/media\/131815"}],"wp:attachment":[{"href":"https:\/\/www.europesays.com\/es\/wp-json\/wp\/v2\/media?parent=131814"}],"wp:term":[{"taxonomy":"category","embeddable":true,"href":"https:\/\/www.europesays.com\/es\/wp-json\/wp\/v2\/categories?post=131814"},{"taxonomy":"post_tag","embeddable":true,"href":"https:\/\/www.europesays.com\/es\/wp-json\/wp\/v2\/tags?post=131814"}],"curies":[{"name":"wp","href":"https:\/\/api.w.org\/{rel}","templated":true}]}}