{"id":131818,"date":"2025-09-22T13:15:12","date_gmt":"2025-09-22T13:15:12","guid":{"rendered":"https:\/\/www.europesays.com\/es\/131818\/"},"modified":"2025-09-22T13:15:12","modified_gmt":"2025-09-22T13:15:12","slug":"estudiantes-tres-cantos-uros-y-baloncesto-alcala-a-semifinales-portada-noticias","status":"publish","type":"post","link":"https:\/\/www.europesays.com\/es\/131818\/","title":{"rendered":"Estudiantes, Tres Cantos, Uros y Baloncesto Alcal\u00e1, a semifinales &#8211; PORTADA &#8211; NOTICIAS"},"content":{"rendered":"<p>El XVI Torneo de Tercera FEB Memorial Juan Mart\u00edn Ca\u00f1o ya tiene su primer corte, de los doce equipos que lo comenzaron a cuatro. La \u00faltima jornada de la fase de grupos fij\u00f3 las semifinales del pr\u00f3ximo fin de semana en Torrej\u00f3n de Ardoz, donde el Movistar Estudiantes se medir\u00e1 al Baloncesto Alcal\u00e1 y el CB Tres Cantos al Uros de Rivas.<\/p>\n<p><strong>DPTO. DE COMUNICACI\u00d3N FBM<br \/>Fotos: Roc\u00edo Ben\u00edtez<\/strong><\/p>\n<p><strong>\u00daltima\u00a0jornada<\/strong><\/p>\n<p><strong>Grupo A<\/strong><\/p>\n<p><strong>Cesur Distrito Ol\u00edmpico 63 &#8211; Movistar Estudiantes 101<\/strong><\/p>\n<p>Tras rozar el centenar de puntos ante el Probasketlab Fuenlabrada, el Movistar Estudiantes los super\u00f3 frente al Distrito Ol\u00edmpico. Los colegiales tomaron el mando en el primer cuarto (12-22) y ya no lo cedieron en el resto del partido. <strong>Vicent Negre<\/strong> (23) y<strong> Felipe D\u00edaz <\/strong>(22) se repartieron casi la mitad de los puntos del Estu. A destacar tambi\u00e9n los 24 de valoraci\u00f3n de <strong>Pedro Robles<\/strong>.<\/p>\n<p>&#13;<br \/>\n    <strong>Grupo B<\/strong>&#13;\n<\/p>\n<p><strong>Zentro Basket Madrid 72 &#8211; CB Tres Cantos 79<\/strong><\/p>\n<p>Uno de los partidos m\u00e1s igualados de la \u00faltima jornada estuvo en el D\u00edaz Miguel, donde el CB Tres Cantos logr\u00f3 el pasaporte para la fase final en los \u00faltimos cuatro minutos (de 67-67 al definitivo 72-79). <strong>Jorge Dom\u00ednguez<\/strong> (15 puntos) y <strong>Fidel G\u00f3mez de Enterr\u00ed<\/strong><strong>a <\/strong>(14) fueron los m\u00e1ximos anotadores del Tres Cantos, sin olvidar la aportaci\u00f3n bajo los aros de <strong>Nouhou Maiga<\/strong>. Entre los locales destac\u00f3 <strong>Jorge Vaquero<\/strong>\u00a0con 16 puntos y 12 de valoraci\u00f3n.<\/p>\n<p><strong>Grupo C<\/strong><\/p>\n<p><strong>Uros de Rivas 92 &#8211; Real Canoe 71<\/strong><\/p>\n<p>El campe\u00f3n se grupo C se decidi\u00f3 en el Cerro del Tel\u00e9grafo, donde el Uros de Rivas super\u00f3 con claridad al Real Canoe. Los ripenses inclinaron el partido en el primer parcial (20-9) y lo remataron en el \u00faltimo (30-20) apoyados en una gran plantilla. Cuatro jugadores anotaron m\u00e1s de diez puntos, empezando por <strong>Carlos Crespo<\/strong> (22). El partidazo del cano\u00edsta <strong>Miguel Hermoso<\/strong>, con 23 puntos, 11 rebotes y 30 de valoraci\u00f3n, no fue suficiente ante el juego coral de los locales.<\/p>\n<p><strong>Grupo D<\/strong><\/p>\n<p><strong>Baloncesto Alcal\u00e1 84 &#8211; Sumialki CB Ciudad de M\u00f3stoles 73<\/strong><\/p>\n<p>El grupo D se decidi\u00f3 el s\u00e1bado en Espartales, donde el Baloncesto Alcal\u00e1 super\u00f3 al Sumialki Ciudad de M\u00f3stoles en un duelo trepidante. Los mostole\u00f1os empezaron mejor (11-16), pero se encontraron con la reacci\u00f3n de un Baloncesto Alcal\u00e1 que igual\u00f3 el partido antes del descanso y se adelant\u00f3 despu\u00e9s. <strong>Max Sol\u00e9<\/strong> (26 puntos, 37 de valoraci\u00f3n) y <strong>Miguel Young<\/strong> (22-19) lideraron a los complutenses. Entre los visitantes <strong>Diego Rueda<\/strong> firm\u00f3 12 puntos y 9 rebotes para 22 de valoraci\u00f3n.<\/p>\n<p><img decoding=\"async\" src=\"https:\/\/www.europesays.com\/es\/wp-content\/uploads\/2025\/09\/zoom-foto-61546.jpg\" style=\"width: 350px; display: block; margin-left: auto; margin-right: auto; height: 233px;\"\/><\/p>\n<p>FASE FINAL<\/p>\n<p>&#13;<br \/>\n    &#13;<\/p>\n<tr class=\"table-info\">&#13;<\/p>\n<td colspan=\"4\" scope=\"col\" align=\"center\"><strong>SEMIFINALES<\/strong><\/td>\n<p>&#13;<br \/>\n        <\/tr>\n<p>&#13;<\/p>\n<tr>&#13;<\/p>\n<td><strong>Horarios<\/strong><\/td>\n<p>&#13;<\/p>\n<td><strong>Campo<\/strong><\/td>\n<p>&#13;<\/p>\n<td><strong>Partido<\/strong><\/td>\n<p>&#13;<\/p>\n<td><strong>Resultado<\/strong><\/td>\n<p>&#13;<br \/>\n        <\/tr>\n<p>&#13;<\/p>\n<tr>&#13;<\/p>\n<td>&#13;<\/p>\n<p>S\u00e1bado 27\/09<br \/>17:00<\/p>\n<p>&#13;\n            <\/td>\n<p>&#13;<\/p>\n<td>&#13;<\/p>\n<p>Jos\u00e9 Antonio Para\u00edso<\/p>\n<p>&#13;\n            <\/td>\n<p>&#13;<\/p>\n<td>&#13;<\/p>\n<p>MOVISTAR ESTUDIANTES &#8211; BALONCESTO ALCAL\u00c1<\/p>\n<p>&#13;\n            <\/td>\n<p>&#13;<\/p>\n<td>&#13;<\/p>\n<p>&#8211;<\/p>\n<p>&#13;\n            <\/td>\n<p>&#13;<br \/>\n        <\/tr>\n<p>&#13;<\/p>\n<tr>&#13;<\/p>\n<td>&#13;<\/p>\n<p>S\u00e1bado 27\/09<br \/>19:00<\/p>\n<p>&#13;\n            <\/td>\n<p>&#13;<\/p>\n<td>&#13;<\/p>\n<p>Jos\u00e9 Antonio Para\u00edso<\/p>\n<p>&#13;\n            <\/td>\n<p>&#13;<\/p>\n<td>&#13;<\/p>\n<p>CB TRES CANTOS &#8211; UROS DE RIVAS<\/p>\n<p>&#13;\n            <\/td>\n<p>&#13;<\/p>\n<td>&#13;<\/p>\n<p>&#8211;<\/p>\n<p>&#13;\n            <\/td>\n<p>&#13;<br \/>\n        <\/tr>\n<p>&#13;<\/p>\n<tr class=\"table-info\">&#13;<\/p>\n<td colspan=\"4\" scope=\"col\" align=\"center\"><strong>FINAL<\/strong><\/td>\n<p>&#13;<br \/>\n        <\/tr>\n<p>&#13;<\/p>\n<tr>&#13;<\/p>\n<td><strong>Horarios<\/strong><\/td>\n<p>&#13;<\/p>\n<td><strong>Campo<\/strong><\/td>\n<p>&#13;<\/p>\n<td><strong>Partido<\/strong><\/td>\n<p>&#13;<\/p>\n<td><strong>Resultado<\/strong><\/td>\n<p>&#13;<br \/>\n        <\/tr>\n<p>&#13;<\/p>\n<tr>&#13;<\/p>\n<td>&#13;<\/p>\n<p>Domingo 28\/09<br \/>17:00<\/p>\n<p>&#13;\n            <\/td>\n<p>&#13;<\/p>\n<td>&#13;<\/p>\n<p>Jos\u00e9 Antonio Para\u00edso<\/p>\n<p>&#13;\n            <\/td>\n<p>&#13;<\/p>\n<td>&#13;<\/p>\n<p>VENCEDORES SEMIFINALES<\/p>\n<p>&#13;\n            <\/td>\n<p>&#13;<\/p>\n<td>&#13;<\/p>\n<p>&#8211;<\/p>\n<p>&#13;\n            <\/td>\n<p>&#13;<br \/>\n        <\/tr>\n<p>&#13;<br \/>\n    &#13;<\/p>\n<p>\u00a0<\/p>\n<p style=\"text-align: center;\"><img decoding=\"async\" src=\"https:\/\/www.europesays.com\/es\/wp-content\/uploads\/2025\/09\/zoom-foto-61399.jpg\" style=\"width: 300px;\"\/><\/p>\n","protected":false},"excerpt":{"rendered":"El XVI Torneo de Tercera FEB Memorial Juan Mart\u00edn Ca\u00f1o ya tiene su primer corte, de los doce&hellip;\n","protected":false},"author":2,"featured_media":131819,"comment_status":"","ping_status":"","sticky":false,"template":"","format":"standard","meta":{"footnotes":""},"categories":[269],"tags":[10605,16155,299,298,1359,3008,168,25,24,9486,2500,205,10,338,15635,23,167,603,42150,1511],"class_list":{"0":"post-131818","1":"post","2":"type-post","3":"status-publish","4":"format-standard","5":"has-post-thumbnail","7":"category-baloncesto","8":"tag-a","9":"tag-alcala","10":"tag-baloncesto","11":"tag-basketball","12":"tag-cantos","13":"tag-de","14":"tag-deportes","15":"tag-es","16":"tag-espana","17":"tag-estudiantes","18":"tag-federacion","19":"tag-madrid","20":"tag-noticias","21":"tag-portada","22":"tag-semifinales","23":"tag-spain","24":"tag-sports","25":"tag-tres","26":"tag-uros","27":"tag-y"},"share_on_mastodon":{"url":"","error":""},"_links":{"self":[{"href":"https:\/\/www.europesays.com\/es\/wp-json\/wp\/v2\/posts\/131818","targetHints":{"allow":["GET"]}}],"collection":[{"href":"https:\/\/www.europesays.com\/es\/wp-json\/wp\/v2\/posts"}],"about":[{"href":"https:\/\/www.europesays.com\/es\/wp-json\/wp\/v2\/types\/post"}],"author":[{"embeddable":true,"href":"https:\/\/www.europesays.com\/es\/wp-json\/wp\/v2\/users\/2"}],"replies":[{"embeddable":true,"href":"https:\/\/www.europesays.com\/es\/wp-json\/wp\/v2\/comments?post=131818"}],"version-history":[{"count":0,"href":"https:\/\/www.europesays.com\/es\/wp-json\/wp\/v2\/posts\/131818\/revisions"}],"wp:featuredmedia":[{"embeddable":true,"href":"https:\/\/www.europesays.com\/es\/wp-json\/wp\/v2\/media\/131819"}],"wp:attachment":[{"href":"https:\/\/www.europesays.com\/es\/wp-json\/wp\/v2\/media?parent=131818"}],"wp:term":[{"taxonomy":"category","embeddable":true,"href":"https:\/\/www.europesays.com\/es\/wp-json\/wp\/v2\/categories?post=131818"},{"taxonomy":"post_tag","embeddable":true,"href":"https:\/\/www.europesays.com\/es\/wp-json\/wp\/v2\/tags?post=131818"}],"curies":[{"name":"wp","href":"https:\/\/api.w.org\/{rel}","templated":true}]}}