{"id":131820,"date":"2025-09-22T13:16:08","date_gmt":"2025-09-22T13:16:08","guid":{"rendered":"https:\/\/www.europesays.com\/es\/131820\/"},"modified":"2025-09-22T13:16:08","modified_gmt":"2025-09-22T13:16:08","slug":"tenemos-que-dar-una-vuelta-a-esto-del-var","status":"publish","type":"post","link":"https:\/\/www.europesays.com\/es\/131820\/","title":{"rendered":"\u00abTenemos que dar una vuelta a esto del VAR\u00bb"},"content":{"rendered":"<p>Con calma y sin aspavientos, Jos\u00e9 Alberto L\u00f3pez mostraba al final del partido frente al C\u00f3rdoba su malestar por el penalti que, ya en el  &#8230; tiempo a\u00f1adido, propici\u00f3 el empate andaluz en un compromiso que el Racing parec\u00eda tener encarrilado. \u00abLo que hemos visto en la \u00faltima jugada del partido empa\u00f1a lo que es el f\u00fatbol. Completamente. Es una accion fortuita donde mi jugador (Jorge Salinas) no sabe ni que hay un rival detr\u00e1s. El adversario le busca el brazo, el \u00e1rbitro est\u00e1 perfectamente colocado y ve perfectamente lo que sucede. Poco m\u00e1s puedo decir\u00bb. Lo que sucedi\u00f3 fue que aunque en principio Mu\u00f1iz Mu\u00f1oz no se\u00f1al\u00f3 nada, la sangre en el rostro de Rub\u00e9n Alves puso sobre aviso al VAR, que intervino para que el colegiado principal, tras la pertinente revisi\u00f3n, se\u00f1alara un pol\u00e9mico penalti.<\/p>\n<p class=\"v-p\">\u00abEsa es la clave\u00bb, se lamentaba JAL: \u00abHemos visto el fin de semana muchas acciones similares\u00bb. \u00abTenemos que dar una vuelta a esto del VAR, porque est\u00e1 claro que no estamos utilizando bien una herramienta tan potente\u00bb, insist\u00eda el t\u00e9cnico verdiblanco en la sala de prensa del Nuevo Arc\u00e1ngel.<\/p>\n<p class=\"v-p\">En cuanto al partido en s\u00ed, que el Racing no supo matar cuando venc\u00eda 0-2 ni despu\u00e9s, cuando con 1-2 tuvo que afrontar los \u00faltimos minutos contra diez por la expulsi\u00f3n de Jacobo, lo resum\u00eda del siguiente modo: \u00abHa sido un partido muy intenso, de t\u00fa a t\u00fa. Hemos competido realmente bien cada duelo, con intensidad orden y rigor, y hemos tenidos dos momentos, una en cada tiempo en los que el C\u00f3rdoba nos ha apretado, pero hemos sabido recomponernos y tenido muchas situaciones para marcar la diferencia\u00bb.<\/p>\n<p class=\"v-p\">Sin embargo, no fue as\u00ed. Una vez m\u00e1s el Racing no supo dejar su porter\u00eda a cero y tampoco los cambios permitieron cerrar el partido. \u00abLa clave -adem\u00e1s del penalti- es no haberlo matado en una de las tantas contras que tuvimos en el tramo final, situaciones de unos contra uno para hacer el 1-3 y acabar el partido\u00bb.<\/p>\n<p class=\"v-p\">\u00abHemos tenido muchas situaciones para el 1-3, con contras muy, muy claras y hemos errado much\u00edsimas. Ten\u00edamos el partido controlado, el C\u00f3rdoba tampoco se estaba acercando y gan\u00e1bamos primeras y segundas acciones, pero en una jugada fortuita llega ese empate que nos deja con muy mal sabor de boca\u00bb, conclu\u00eda.<\/p>\n","protected":false},"excerpt":{"rendered":"Con calma y sin aspavientos, Jos\u00e9 Alberto L\u00f3pez mostraba al final del partido frente al C\u00f3rdoba su malestar&hellip;\n","protected":false},"author":2,"featured_media":131821,"comment_status":"","ping_status":"","sticky":false,"template":"","format":"standard","meta":{"footnotes":""},"categories":[268],"tags":[2527,168,25,24,280,282,281,23,167,6959,1357],"class_list":{"0":"post-131820","1":"post","2":"type-post","3":"status-publish","4":"format-standard","5":"has-post-thumbnail","7":"category-futbol","8":"tag-dar","9":"tag-deportes","10":"tag-es","11":"tag-espana","12":"tag-football","13":"tag-futbol","14":"tag-soccer","15":"tag-spain","16":"tag-sports","17":"tag-var","18":"tag-vuelta"},"share_on_mastodon":{"url":"","error":""},"_links":{"self":[{"href":"https:\/\/www.europesays.com\/es\/wp-json\/wp\/v2\/posts\/131820","targetHints":{"allow":["GET"]}}],"collection":[{"href":"https:\/\/www.europesays.com\/es\/wp-json\/wp\/v2\/posts"}],"about":[{"href":"https:\/\/www.europesays.com\/es\/wp-json\/wp\/v2\/types\/post"}],"author":[{"embeddable":true,"href":"https:\/\/www.europesays.com\/es\/wp-json\/wp\/v2\/users\/2"}],"replies":[{"embeddable":true,"href":"https:\/\/www.europesays.com\/es\/wp-json\/wp\/v2\/comments?post=131820"}],"version-history":[{"count":0,"href":"https:\/\/www.europesays.com\/es\/wp-json\/wp\/v2\/posts\/131820\/revisions"}],"wp:featuredmedia":[{"embeddable":true,"href":"https:\/\/www.europesays.com\/es\/wp-json\/wp\/v2\/media\/131821"}],"wp:attachment":[{"href":"https:\/\/www.europesays.com\/es\/wp-json\/wp\/v2\/media?parent=131820"}],"wp:term":[{"taxonomy":"category","embeddable":true,"href":"https:\/\/www.europesays.com\/es\/wp-json\/wp\/v2\/categories?post=131820"},{"taxonomy":"post_tag","embeddable":true,"href":"https:\/\/www.europesays.com\/es\/wp-json\/wp\/v2\/tags?post=131820"}],"curies":[{"name":"wp","href":"https:\/\/api.w.org\/{rel}","templated":true}]}}