{"id":131826,"date":"2025-09-22T13:20:09","date_gmt":"2025-09-22T13:20:09","guid":{"rendered":"https:\/\/www.europesays.com\/es\/131826\/"},"modified":"2025-09-22T13:20:09","modified_gmt":"2025-09-22T13:20:09","slug":"madrid-directo-noche-19-09-2025","status":"publish","type":"post","link":"https:\/\/www.europesays.com\/es\/131826\/","title":{"rendered":"Madrid Directo Noche 19.09.2025"},"content":{"rendered":"<p class=\"mce\">Hemos acompa\u00f1ado a la <a data-content-id=\"\" href=\"https:\/\/www.telemadrid.es\/tag\/Guardia-Civil\/\" text=\"Guardia Civil\" title=\"\" target=\"_blank\" rel=\"noopener nofollow\" class=\"mceNonEditable mce\">Guardia Civil<\/a> madrile\u00f1a en sus tareas de control de tr\u00e1fico y seguridad vial para el bienestar ciudadano.<\/p>\n<p>                <a href=\"https:\/\/www.telemadrid.es\/programas\/madrid-directo\/Acompanamos-a-la-Guardia-Civil-en-un-macro-control-de-transportes-en-Madrid-2-2817638284--20250919101236.html\" class=\"lnk\" target=\"_blank\" rel=\"nofollow noopener\">Acompa\u00f1amos a la Guardia Civil en un macro control de transportes en Madrid<\/a><\/p>\n<p class=\"mce\">\u2018<strong class=\"mce\">Otello<\/strong>\u2019 de David Alden, la pen\u00faltima \u00f3pera de Verdi y una de las grandes obras maestras de la l\u00edrica regresa al <a data-content-id=\"\" href=\"https:\/\/www.telemadrid.es\/tag\/Teatro-Real\/\" text=\"Teatro Real\" title=\"\" target=\"_blank\" rel=\"noopener nofollow\" class=\"mceNonEditable mce\">Teatro Real<\/a> en Madrid.<\/p>\n<p>                <a href=\"https:\/\/www.telemadrid.es\/programas\/madrid-directo\/El-Teatro-Real-abre-su-nueva-temporada-con-esta-exquisita-version-de-Otello-2-2817638285--20250919101803.html\" class=\"lnk\" target=\"_blank\" rel=\"nofollow noopener\">El Teatro Real abre su nueva temporada con esta exquisita versi\u00f3n de Otello<\/a><\/p>\n<p class=\"mce\">Hoy hemos asistido hasta <strong class=\"mce\">Brava Madrid<\/strong> en directo para ver c\u00f3mo se lo est\u00e1n pasando los asistentes de este incre\u00edble evento.<\/p>\n<p>                <a href=\"https:\/\/www.telemadrid.es\/programas\/madrid-directo\/Vuelve-Brava-Madrid-El-festival-que-nadie-quiere-perderse-2-2817638286--20250919103309.html\" class=\"lnk\" target=\"_blank\" rel=\"nofollow noopener\">\u00a1Vuelve Brava Madrid! El festival que nadie quiere perderse<\/a><\/p>\n<p class=\"mce\">Todo esto y mucho m\u00e1s en Madrid Directo Noche.<\/p>\n","protected":false},"excerpt":{"rendered":"Hemos acompa\u00f1ado a la Guardia Civil madrile\u00f1a en sus tareas de control de tr\u00e1fico y seguridad vial para&hellip;\n","protected":false},"author":2,"featured_media":131827,"comment_status":"","ping_status":"","sticky":false,"template":"","format":"standard","meta":{"footnotes":""},"categories":[171],"tags":[517,209,168,95,2666,146,147,25,24,2661,2660,2665,2659,2667,2663,2662,2664,492,23,214,21],"class_list":{"0":"post-131826","1":"post","2":"type-post","3":"status-publish","4":"format-standard","5":"has-post-thumbnail","7":"category-tv","8":"tag-actualidad","9":"tag-cultura","10":"tag-deportes","11":"tag-economia","12":"tag-emision-en-directo","13":"tag-entertainment","14":"tag-entretenimiento","15":"tag-es","16":"tag-espana","17":"tag-internacionales","18":"tag-nacionales","19":"tag-noticias-de-hoy","20":"tag-noticias-de-madrid","21":"tag-podcast","22":"tag-programas-de-telemadrid","23":"tag-programas-de-television","24":"tag-programas-onda-madrid","25":"tag-sociedad","26":"tag-spain","27":"tag-tv","28":"tag-ultimas-noticias"},"share_on_mastodon":{"url":"","error":""},"_links":{"self":[{"href":"https:\/\/www.europesays.com\/es\/wp-json\/wp\/v2\/posts\/131826","targetHints":{"allow":["GET"]}}],"collection":[{"href":"https:\/\/www.europesays.com\/es\/wp-json\/wp\/v2\/posts"}],"about":[{"href":"https:\/\/www.europesays.com\/es\/wp-json\/wp\/v2\/types\/post"}],"author":[{"embeddable":true,"href":"https:\/\/www.europesays.com\/es\/wp-json\/wp\/v2\/users\/2"}],"replies":[{"embeddable":true,"href":"https:\/\/www.europesays.com\/es\/wp-json\/wp\/v2\/comments?post=131826"}],"version-history":[{"count":0,"href":"https:\/\/www.europesays.com\/es\/wp-json\/wp\/v2\/posts\/131826\/revisions"}],"wp:featuredmedia":[{"embeddable":true,"href":"https:\/\/www.europesays.com\/es\/wp-json\/wp\/v2\/media\/131827"}],"wp:attachment":[{"href":"https:\/\/www.europesays.com\/es\/wp-json\/wp\/v2\/media?parent=131826"}],"wp:term":[{"taxonomy":"category","embeddable":true,"href":"https:\/\/www.europesays.com\/es\/wp-json\/wp\/v2\/categories?post=131826"},{"taxonomy":"post_tag","embeddable":true,"href":"https:\/\/www.europesays.com\/es\/wp-json\/wp\/v2\/tags?post=131826"}],"curies":[{"name":"wp","href":"https:\/\/api.w.org\/{rel}","templated":true}]}}