{"id":131836,"date":"2025-09-22T13:25:09","date_gmt":"2025-09-22T13:25:09","guid":{"rendered":"https:\/\/www.europesays.com\/es\/131836\/"},"modified":"2025-09-22T13:25:09","modified_gmt":"2025-09-22T13:25:09","slug":"angelina-jolie-aparece-espectacular-de-terciopelo-en-el-festival-de-san-sebastian-fotos-famosos-s-moda-el-pais","status":"publish","type":"post","link":"https:\/\/www.europesays.com\/es\/131836\/","title":{"rendered":"Angelina Jolie aparece espectacular de terciopelo en el Festival de San Sebasti\u00e1n | Fotos | Famosos | S Moda &#8211; EL PA\u00cdS"},"content":{"rendered":"<ol>\n<li><a href=\"https:\/\/news.google.com\/rss\/articles\/CBMivwFBVV95cUxOemdCV3lwdzRxZXdXZFJSQ0drSURCTUIwVHc3a1ZqNXJCaEREa2VRRkZGX285T25uOHBTMG9BX3hYZ09RMGRYYjg0Y3ZyblkyWDFOcnZwQzhMc1pvb0FEd0hGdDhYU0NpZk5EYlNPNEVrM2lIOU1GVF9qdzlqTmJVY2VYLVZjOUNnb0FWaHVkZWt6aWdzTHdLVEZIRW9BeTNQNDlkZFVsYmN4WGhmaVZ4TXV4YlBzYTdhMHlBbEhjWQ?oc=5\" target=\"_blank\" rel=\"nofollow noopener\">Angelina Jolie aparece espectacular de terciopelo en el Festival de San Sebasti\u00e1n | Fotos | Famosos | S Moda<\/a>&nbsp;&nbsp;EL PA\u00cdS<\/li>\n<li><a href=\"https:\/\/news.google.com\/rss\/articles\/CBMiiAFBVV95cUxNYmI3eGxVcTVyU1k2Q3NzY1UzUEltSmcwNGxaQ0EzR2tET2xZdjd0Sm1LT3BqYVI3RndvRUhpQ0tNeEFtV1pSWldVVzJ6bU4ta25ETHM1LXUtZ1N3MVpsOXlqcHNOYzZPcHl3VXgyOWdCUzYxR0wtVUF5aXdsei02V0I3aklEQ1JM0gGIAUFVX3lxTE1ZQW4zdEJlV3FTZ2lfQUxoS1BsS0ZnakNrcjdkX3UwVGtlMnlZVlMzbnJMT3RTb254YV94VTZVdEJNMjlfSUk3QUVQMDZZRFg5V2RCUDFNcko4aTNuNzF5MmNrUGJSUGdOVWVPb0JPQmxfdXdKQTZVX0lZNWIyZWtoclZjMENYNXk?oc=5\" target=\"_blank\" rel=\"nofollow noopener\">Angelina Jolie, de terciopelo negro; Heidi Klum, en versi\u00f3n b\u00e1vara; y Sara S\u00e1lamo, con el look oversize que copiar\u00e1s este oto\u00f1o, entre los estilismos del d\u00eda<\/a>&nbsp;&nbsp;El Mundo<\/li>\n<li><a href=\"https:\/\/news.google.com\/rss\/articles\/CBMifkFVX3lxTE0xU2RZeUQ2NF9JUFM4NW9YNzViNkIwbm94TW1DODkybm9RRHRqUkN2SG1IeFJJVGNLWGxaQ1Y4SUFYbEFTVTZBRzdadEROcVZDSFEzWTFWMDBJZ2haWDdPM18tNEgtWUdId2R6a3BNaTFiaUFGdHAxcDRLTUR6Z9IBfkFVX3lxTFBUOS16R1FMUVIxSkM4YnBxS012RE9NLTdYRXRFYWtURTNhMXF6ZVE4cFVIZDFDcU1sQkZRYTdVa1RWVmF5aVh0Rk5OcUp3WE44U0hHTTZ0d0o0cE9SeE5EM1phOGNVeVFLamktWUhTcElvRUx0Y25ncnAtY05pUQ?oc=5\" target=\"_blank\" rel=\"nofollow noopener\">Mitad americana, mitad rebeca, necesitamos m\u00e1s chaquetas como la de Angelina Jolie en San Sebasti\u00e1n para llevar con traje de d\u00eda y con vestido de noche<\/a>&nbsp;&nbsp;Telva<\/li>\n<li><a href=\"https:\/\/news.google.com\/rss\/articles\/CBMiigJBVV95cUxNTWgwck1TY2VMUXMxTVN4N2ctdDAzcjN3Uldjd1Y1dmdnWmUyWDczc3ZQWVlEN0ZqSG40eHlWNEhZNTFCTzZOZ3JReFotbXRJMkRnc19QTEswTmw1a3pEaXNNU0JHQWhkcnV6TFJ2WVlfMkdQUDZ1SXk0SDlEbEhFWjZqUFVPazdhelJXMXhXeGdJWEtyVEEyR1lUakNFeFk4ZlZqSjVIV2tvUTM1QTRQLUwxRjItbTVHYWgwR0kzS181UFJiY2NmaDE5c2Fkb05rTXJLNEoyRWdWVHRHUWkxUWY5Q3NKNGJlc0NGZlgwRTVLNlBLdm80WXJDakFQQkFZbjc5QmJLZ25UQQ?oc=5\" target=\"_blank\" rel=\"nofollow noopener\">Angelina Jolie habla sobre su doble mastectom\u00eda y extirpaci\u00f3n de ovarios: \u00abNo me arrepiento\u00bb<\/a>&nbsp;&nbsp;La Voz de Galicia<\/li>\n<li><a href=\"https:\/\/news.google.com\/rss\/articles\/CBMi4gFBVV95cUxObHVqa2dxclpUV215Q3NSUF96TTAtUkpvdzRoVWc4ODlLcUVQMWJic0xCajRjZGgtXzlLQ2M0Zl9Db3piamU2RVhuT1JZUlVIeHdrNWZ0VUxfUm11NXByQjUzbGJ2M3dTdVFnUFJiM3dPTFUwMzdXVTVHal9OMDEzVE4xVUV4T0M3VUNRT1lwSm91bUtOU3llU2I2bmlQdWZ5Sm1jaS0xdFdQRnc4ZTkxT3JBRElZWExaOTA5U1l2M2NFNU4zaUVDLXRLMmlmYm4xSjFILUdTVVQxNnBxSjhrcXh30gHiAUFVX3lxTE05bEhvMVFLa2g2eXdWOEpKNEh1M3hDaDFPSWhzRVVFSkFUcjVaalN4dXV3RGRWdk5lNjBMN3NBbFBpSEZVM0E1TXdYaDBlRkNiX2FpczR4dV9Pb1BmdHU4SW9nVmdDR05DSkVzRk1zNVpxX2lTVDV3TUpSSVBYOE14MEhfb04tUkR4UVhoRHdIVkhwYnBjeGpKZUZCQ0hvQkVXazFjYzlPclpYMWk1Wk1JYnFiaFhnQVJaLXFUMWhLcU5VUG5rNWhOZ2xYZU00SGVWdlZUS2ZDMGJQNkh5eWI4cXc?oc=5\" target=\"_blank\" rel=\"nofollow noopener\">Angelina Jolie: \u00abAmo mi pa\u00eds pero no lo reconozco, hay que tener cuidado con lo que se dice\u00bb<\/a>&nbsp;&nbsp;LaSexta<\/li>\n<\/ol>\n","protected":false},"excerpt":{"rendered":"Angelina Jolie aparece espectacular de terciopelo en el Festival de San Sebasti\u00e1n | Fotos | Famosos | S&hellip;\n","protected":false},"author":2,"featured_media":131837,"comment_status":"","ping_status":"","sticky":false,"template":"","format":"standard","meta":{"footnotes":""},"categories":[91],"tags":[146,147,25,24,23],"class_list":{"0":"post-131836","1":"post","2":"type-post","3":"status-publish","4":"format-standard","5":"has-post-thumbnail","7":"category-entretenimiento","8":"tag-entertainment","9":"tag-entretenimiento","10":"tag-es","11":"tag-espana","12":"tag-spain"},"share_on_mastodon":{"url":"","error":""},"_links":{"self":[{"href":"https:\/\/www.europesays.com\/es\/wp-json\/wp\/v2\/posts\/131836","targetHints":{"allow":["GET"]}}],"collection":[{"href":"https:\/\/www.europesays.com\/es\/wp-json\/wp\/v2\/posts"}],"about":[{"href":"https:\/\/www.europesays.com\/es\/wp-json\/wp\/v2\/types\/post"}],"author":[{"embeddable":true,"href":"https:\/\/www.europesays.com\/es\/wp-json\/wp\/v2\/users\/2"}],"replies":[{"embeddable":true,"href":"https:\/\/www.europesays.com\/es\/wp-json\/wp\/v2\/comments?post=131836"}],"version-history":[{"count":0,"href":"https:\/\/www.europesays.com\/es\/wp-json\/wp\/v2\/posts\/131836\/revisions"}],"wp:featuredmedia":[{"embeddable":true,"href":"https:\/\/www.europesays.com\/es\/wp-json\/wp\/v2\/media\/131837"}],"wp:attachment":[{"href":"https:\/\/www.europesays.com\/es\/wp-json\/wp\/v2\/media?parent=131836"}],"wp:term":[{"taxonomy":"category","embeddable":true,"href":"https:\/\/www.europesays.com\/es\/wp-json\/wp\/v2\/categories?post=131836"},{"taxonomy":"post_tag","embeddable":true,"href":"https:\/\/www.europesays.com\/es\/wp-json\/wp\/v2\/tags?post=131836"}],"curies":[{"name":"wp","href":"https:\/\/api.w.org\/{rel}","templated":true}]}}