{"id":131842,"date":"2025-09-22T13:28:09","date_gmt":"2025-09-22T13:28:09","guid":{"rendered":"https:\/\/www.europesays.com\/es\/131842\/"},"modified":"2025-09-22T13:28:09","modified_gmt":"2025-09-22T13:28:09","slug":"trump-se-dispone-a-anunciar-que-el-paracetamol-en-el-embarazo-eleva-el-riesgo-de-autismo","status":"publish","type":"post","link":"https:\/\/www.europesays.com\/es\/131842\/","title":{"rendered":"Trump se dispone a anunciar que el paracetamol en el embarazo eleva el riesgo de autismo"},"content":{"rendered":"<p><img decoding=\"async\" class=\"voc-author__img\" src=\"https:\/\/www.europesays.com\/es\/wp-content\/uploads\/2025\/09\/autor-2649-foto-3.jpeg\" alt=\"David Alandete\"\/><\/p>\n<p class=\"voc-p\" style=\"\">Donald Trump se dispone a anunciar este lunes que su gobierno presentar\u00e1 lo que \u00e9l mismo ha calificado este fin de semana como \u00abuno de los mayores <a href=\"https:\/\/www.abc.es\/salud\/salud-al-dia\/eeuu-cancela-500-millones-dolares-subvenciones-vacunas-20250806122115-nt.html\" target=\"_self\" data-voc-vtm-id=\"in-text-traffic\" title=\"avances m\u00e9dicos\" data-mrf-link=\"www.abc.es\" rel=\"nofollow noopener\">avances m\u00e9dicos<\/a> en la historia de nuestro pa\u00eds\u00bb. Seg\u00fan fuentes de la Casa Blanca citadas por los medios The Washington Post y Politico, el presidente revelar\u00e1 un <a href=\"https:\/\/www.abc.es\/sociedad\/panel-elegido-robert-kennedy-comienza-restringir-vacunas-20250919063415-nt.html\" target=\"_self\" data-voc-vtm-id=\"in-text-traffic\" title=\"plan\" data-mrf-link=\"www.abc.es\" rel=\"nofollow noopener\">plan<\/a> que vincula el <strong>consumo de paracetamol<\/strong> (la marca m\u00e1s popular en Estados Unidos es Tylenol) durante el embarazo con un mayor riesgo de que los hijos desarrollen autismo, y a la vez promocionar\u00e1 un f\u00e1rmaco poco conocido, la leucorovina, como tratamiento potencial de este trastorno.<\/p>\n<p class=\"voc-p\" style=\"\">El anuncio, adelantado en el acto conmemorativo del <a href=\"https:\/\/www.abc.es\/internacional\/sigue-directo-funeral-charlie-kirk-asisten-trump-20250921163804-nt.html\" target=\"_self\" data-voc-vtm-id=\"in-text-traffic\" title=\"activista conservador Charlie Kirk\" data-mrf-link=\"www.abc.es\" rel=\"nofollow noopener\">activista conservador Charlie Kirk<\/a>, supone la primera vez que la administraci\u00f3n estadounidense establece de forma oficial un v\u00ednculo entre un medicamento tan com\u00fan y el aumento de diagn\u00f3sticos de autismo. \u00abMa\u00f1ana vamos a dar una de las noticias m\u00e9dicas m\u00e1s importantes de la historia\u00bb, anticip\u00f3 Trump. \u00abCreo que encontramos una <strong>respuesta al autismo<\/strong>\u00bb.<\/p>\n<p class=\"voc-p\" style=\"\">El proyecto ha sido una prioridad personal para Trump y ha involucrado a su secretario de Salud, <a href=\"https:\/\/www.abc.es\/sociedad\/departamento-salud-eeuu-recortara-10000-puestos-trabajo-20250327170949-nt.html\" target=\"_self\" data-voc-vtm-id=\"in-text-traffic\" title=\"Robert F. Kennedy Jr.\" data-mrf-link=\"www.abc.es\" rel=\"nofollow noopener\">Robert F. Kennedy Jr.<\/a>, al director de los Institutos Nacionales de Salud, Jay Bhattacharya, y al comisionado de la FDA, Marty Makary. Todos ellos se preparan para una comparecencia en la Casa Blanca este lunes a las 16.00 hora local, las 22.00 en Espa\u00f1a. El plan incluye una advertencia expl\u00edcita a las mujeres embarazadas: <strong>no usar paracetamol en las primeras fases de la gestaci\u00f3n<\/strong> salvo que sea estrictamente necesario para bajar la fiebre.<\/p>\n<p class=\"voc-p\" style=\"\">Adem\u00e1s, se presentar\u00e1n resultados preliminares sobre la <strong>leucorovina<\/strong>, o \u00e1cido fol\u00ednico, un medicamento recetado habitualmente contra la anemia o los efectos secundarios de la quimioterapia. Ensayos cl\u00ednicos han mostrado, seg\u00fan los responsables del gobierno, \u00abmejoras notables\u00bb en el habla y la comprensi\u00f3n de ni\u00f1os con autismo tratados con esta sustancia.<\/p>\n<p class=\"voc-p\" style=\"\">La decisi\u00f3n ha provocado un intenso debate en la comunidad m\u00e9dica. La mayor\u00eda de asociaciones de obstetricia y pediatr\u00eda en Estados Unidos consideran seguro el uso moderado de <a href=\"https:\/\/www.abc.es\/salud\/tomar-paracetamol-embarazo-aumenta-riesgo-autismo-tdah-20240410145316-nt.html\" target=\"_self\" data-voc-vtm-id=\"in-text-traffic\" title=\"paracetamol durante el embarazo\" data-mrf-link=\"www.abc.es\" rel=\"nofollow noopener\">paracetamol durante el embarazo<\/a> y advierten de que las investigaciones disponibles solo muestran asociaciones estad\u00edsticas, no causalidad. La propia compa\u00f1\u00eda Kenvue, fabricante de Tylenol, ha rechazado cualquier vinculaci\u00f3n y acusa a la administraci\u00f3n de <strong>poner en riesgo a mujeres embarazadas<\/strong> al desaconsejarles un analg\u00e9sico de uso extendido.<\/p>\n<p class=\"voc-p\" style=\"\">El trasfondo pol\u00edtico es evidente. Desde hace meses, Kennedy hab\u00eda prometido a Trump que presentar\u00eda en septiembre respuestas sobre <strong>\u00abla epidemia de autismo\u00bb<\/strong>, que partidarios suyos han relacionado con las vacunas. En paralelo, el gobierno ha financiado nuevas becas de investigaci\u00f3n para trece equipos cient\u00edficos en el pa\u00eds, que empezar\u00e1n a trabajar en hip\u00f3tesis ambientales y gen\u00e9ticas. Pese a ello, expertos independientes han advertido de que los plazos son irreales y que no existen bases suficientes para establecer conclusiones definitivas.<\/p>\n<p class=\"voc-p\" style=\"\">El Centro para el Control y la Prevenci\u00f3n de Enfermedades (CDC) estima que <strong>1 de cada 31 ni\u00f1os <\/strong>de 8 a\u00f1os en EE.UU. tiene un diagn\u00f3stico dentro del espectro autista, <strong>frente<\/strong><strong>a<\/strong><strong>1 de cada 150 en el a\u00f1o 2000<\/strong>. Aunque parte del incremento se atribuye a una mayor detecci\u00f3n, Trump y su equipo sostienen que hay factores ambientales a\u00fan por identificar.<\/p>\n<p class=\"voc-p\" style=\"\">La presentaci\u00f3n de este lunes busca marcar un hito pol\u00edtico y sanitario en la Casa Blanca. Con ella, el presidente pretende presentarse como<strong> el l\u00edder que encontr\u00f3 la causa y la cura<\/strong> de una condici\u00f3n que afecta a millones de familias. Al mismo tiempo, coloca a su gobierno en el centro de una de las pol\u00e9micas cient\u00edficas m\u00e1s delicadas y cargadas de consecuencias econ\u00f3micas de las \u00faltimas d\u00e9cadas.<\/p>\n<p class=\"voc-p\" style=\"\">Kennedy Jr., el actual secretario de Salud y Servicios Humanos en la administraci\u00f3n Trump, ha sido desde hace d\u00e9cadas una de las voces m\u00e1s visibles<a href=\"https:\/\/www.abc.es\/sociedad\/panel-elegido-robert-kennedy-comienza-restringir-vacunas-20250919063415-nt.html\" target=\"_self\" data-voc-vtm-id=\"in-text-traffic\" title=\" contra las vacunas\" data-mrf-link=\"www.abc.es\" rel=\"nofollow noopener\"> contra las vacunas<\/a>. Aunque su discurso se centra en la idea de que existen factores ambientales detr\u00e1s del <strong>aumento de diagn\u00f3sticos de autismo<\/strong>, nunca ha dejado de insinuar que las inmunizaciones podr\u00edan estar implicadas, a pesar de que esa teor\u00eda fue desacreditada cient\u00edficamente hace a\u00f1os.<\/p>\n<p class=\"voc-p\" style=\"\">En el cargo, Kennedy ha convertido el autismo en una prioridad pol\u00edtica y personal. Ha prometido identificar en plazos muy breves sus causas. Bajo su direcci\u00f3n, el sistema de salud contrat\u00f3 a investigadores asociados con la teor\u00eda de la relaci\u00f3n entre vacunas y autismo, ha impulsado estos estudios sobre posibles v\u00ednculos entre el paracetamol y el espectro autista, y ha defendido el uso de la<strong> leucorovina como tratamiento experimental<\/strong>. <\/p>\n<p class=\"voc-p\" style=\"\">Adem\u00e1s, ha movilizado a los Institutos Nacionales de Salud para financiar<strong> proyectos espec\u00edficos<\/strong> sobre autismo, con la intenci\u00f3n de presentar resultados r\u00e1pidos que respalden la narrativa de la administraci\u00f3n.<\/p>\n<p class=\"voc-p\" style=\"\">Su gesti\u00f3n ha despertado inquietud entre <strong>la comunidad cient\u00edfica<\/strong>, que cuestiona tanto los plazos como la base de las investigaciones promovidas, y teme que se utilicen para reforzar posturas pol\u00edticas m\u00e1s que para consolidar consensos m\u00e9dicos.<\/p>\n<p>Reportar un error<\/p>\n","protected":false},"excerpt":{"rendered":"Donald Trump se dispone a anunciar este lunes que su gobierno presentar\u00e1 lo que \u00e9l mismo ha calificado&hellip;\n","protected":false},"author":2,"featured_media":131843,"comment_status":"","ping_status":"","sticky":false,"template":"","format":"standard","meta":{"footnotes":""},"categories":[42],"tags":[18203,3349,17,18,33029,8369,929,13,14,11,61,62,63,64,19,20,9,10,15,16,29511,1288,12,936,21,22,65,66,67],"class_list":{"0":"post-131842","1":"post","2":"type-post","3":"status-publish","4":"format-standard","5":"has-post-thumbnail","7":"category-internacional","8":"tag-anunciar","9":"tag-autismo","10":"tag-breaking-news","11":"tag-breakingnews","12":"tag-dispone","13":"tag-eleva","14":"tag-embarazo","15":"tag-featured-news","16":"tag-featurednews","17":"tag-headlines","18":"tag-internacional","19":"tag-international","20":"tag-international-news","21":"tag-internationalnews","22":"tag-latest-news","23":"tag-latestnews","24":"tag-news","25":"tag-noticias","26":"tag-noticias-destacadas","27":"tag-noticiasdestacadas","28":"tag-paracetamol","29":"tag-riesgo","30":"tag-titulares","31":"tag-trump","32":"tag-ultimas-noticias","33":"tag-ultimasnoticias","34":"tag-world","35":"tag-world-news","36":"tag-worldnews"},"share_on_mastodon":{"url":"","error":""},"_links":{"self":[{"href":"https:\/\/www.europesays.com\/es\/wp-json\/wp\/v2\/posts\/131842","targetHints":{"allow":["GET"]}}],"collection":[{"href":"https:\/\/www.europesays.com\/es\/wp-json\/wp\/v2\/posts"}],"about":[{"href":"https:\/\/www.europesays.com\/es\/wp-json\/wp\/v2\/types\/post"}],"author":[{"embeddable":true,"href":"https:\/\/www.europesays.com\/es\/wp-json\/wp\/v2\/users\/2"}],"replies":[{"embeddable":true,"href":"https:\/\/www.europesays.com\/es\/wp-json\/wp\/v2\/comments?post=131842"}],"version-history":[{"count":0,"href":"https:\/\/www.europesays.com\/es\/wp-json\/wp\/v2\/posts\/131842\/revisions"}],"wp:featuredmedia":[{"embeddable":true,"href":"https:\/\/www.europesays.com\/es\/wp-json\/wp\/v2\/media\/131843"}],"wp:attachment":[{"href":"https:\/\/www.europesays.com\/es\/wp-json\/wp\/v2\/media?parent=131842"}],"wp:term":[{"taxonomy":"category","embeddable":true,"href":"https:\/\/www.europesays.com\/es\/wp-json\/wp\/v2\/categories?post=131842"},{"taxonomy":"post_tag","embeddable":true,"href":"https:\/\/www.europesays.com\/es\/wp-json\/wp\/v2\/tags?post=131842"}],"curies":[{"name":"wp","href":"https:\/\/api.w.org\/{rel}","templated":true}]}}