{"id":131846,"date":"2025-09-22T13:30:18","date_gmt":"2025-09-22T13:30:18","guid":{"rendered":"https:\/\/www.europesays.com\/es\/131846\/"},"modified":"2025-09-22T13:30:18","modified_gmt":"2025-09-22T13:30:18","slug":"el-constitucional-rechaza-el-recurso-de-amparo-de-santos-cerdan-y-le-mantiene-en-prision","status":"publish","type":"post","link":"https:\/\/www.europesays.com\/es\/131846\/","title":{"rendered":"El Constitucional rechaza el recurso de amparo de Santos Cerd\u00e1n y le mantiene en prisi\u00f3n"},"content":{"rendered":"<p>La Secci\u00f3n Segunda del <strong>Tribunal Constitucional<\/strong> (TC) ha inadmitido por unanimidad el recurso de amparo promovido por el exsecretario de Organizaci\u00f3n del PSOE Santos Cerd\u00e1n contra los autos que acordaron y confirmaron su prisi\u00f3n provisional en la causa seguida contra el mismo ante la Sala Segunda del Tribunal Supremo.<\/p>\n<p>La decisi\u00f3n se toma por <strong>unanimidad<\/strong> y de acuerdo con la propuesta del magistrado ponente Jos\u00e9 Mar\u00eda Mac\u00edas.<\/p>\n<p>El Constitucional considera, en esencia, que el recurso no reviste la especial trascendencia constitucional alegada por el recurrente y exigida por la Ley, dado que ya existe doctrina constitucional sobre la necesidad de motivar la concurrencia de los fines constitucionalmente leg\u00edtimos para justificar una prisi\u00f3n provisional en la que se encuentra desde el pasado 30 de junio, as\u00ed como sobre la prohibici\u00f3n de utilizar esta medida con fines coactivos.<\/p>\n<p>Por lo dem\u00e1s, y respecto de una de las vulneraciones alegadas en la demanda de amparo, relativa al derecho a la defensa, el recurso se ha inadmitido por falta de agotamiento de la v\u00eda judicial previa, al no haberse invocado esta queja en tiempo y forma ante la Sala Segunda del Tribunal Supremo, con car\u00e1cter previo a la interposici\u00f3n de este recurso de amparo.<\/p>\n<p>\u00daltima v\u00eda judicial a la que Santos Cerd\u00e1n pod\u00eda recurrir<\/p>\n<p>El ex n\u00famero tres del PSOE ya ha agotado todas las instancias a las que pod\u00eda recurrir para pedir su puesta en libertad despu\u00e9s de que el magistrado del Supremo Leopoldo Puente, instructor del caso Koldo, rechazara excarcelarle al considerar que persiste el riesgo de ocultaci\u00f3n o destrucci\u00f3n de pruebas. <\/p>\n<p>El Constitucional era la \u00faltima instancia judicial a la que Santos Cerd\u00e1n pod\u00eda recurrir, por lo que con esta decisi\u00f3n se confirma que el ex secretario de Organizaci\u00f3n del PSOE seguir\u00e1 en la c\u00e1rcel tal y como acord\u00f3 el juez instructor, comunicada y sin fianza al apreciar posibles delitos de integraci\u00f3n en organizaci\u00f3n criminal, cohecho y tr\u00e1fico de influencias.<\/p>\n","protected":false},"excerpt":{"rendered":"La Secci\u00f3n Segunda del Tribunal Constitucional (TC) ha inadmitido por unanimidad el recurso de amparo promovido por el&hellip;\n","protected":false},"author":2,"featured_media":131847,"comment_status":"","ping_status":"","sticky":false,"template":"","format":"standard","meta":{"footnotes":""},"categories":[5],"tags":[17,18,25,24,13,14,11,19,20,9,10,15,16,23,12,21,22],"class_list":{"0":"post-131846","1":"post","2":"type-post","3":"status-publish","4":"format-standard","5":"has-post-thumbnail","7":"category-titulares","8":"tag-breaking-news","9":"tag-breakingnews","10":"tag-es","11":"tag-espana","12":"tag-featured-news","13":"tag-featurednews","14":"tag-headlines","15":"tag-latest-news","16":"tag-latestnews","17":"tag-news","18":"tag-noticias","19":"tag-noticias-destacadas","20":"tag-noticiasdestacadas","21":"tag-spain","22":"tag-titulares","23":"tag-ultimas-noticias","24":"tag-ultimasnoticias"},"share_on_mastodon":{"url":"","error":""},"_links":{"self":[{"href":"https:\/\/www.europesays.com\/es\/wp-json\/wp\/v2\/posts\/131846","targetHints":{"allow":["GET"]}}],"collection":[{"href":"https:\/\/www.europesays.com\/es\/wp-json\/wp\/v2\/posts"}],"about":[{"href":"https:\/\/www.europesays.com\/es\/wp-json\/wp\/v2\/types\/post"}],"author":[{"embeddable":true,"href":"https:\/\/www.europesays.com\/es\/wp-json\/wp\/v2\/users\/2"}],"replies":[{"embeddable":true,"href":"https:\/\/www.europesays.com\/es\/wp-json\/wp\/v2\/comments?post=131846"}],"version-history":[{"count":0,"href":"https:\/\/www.europesays.com\/es\/wp-json\/wp\/v2\/posts\/131846\/revisions"}],"wp:featuredmedia":[{"embeddable":true,"href":"https:\/\/www.europesays.com\/es\/wp-json\/wp\/v2\/media\/131847"}],"wp:attachment":[{"href":"https:\/\/www.europesays.com\/es\/wp-json\/wp\/v2\/media?parent=131846"}],"wp:term":[{"taxonomy":"category","embeddable":true,"href":"https:\/\/www.europesays.com\/es\/wp-json\/wp\/v2\/categories?post=131846"},{"taxonomy":"post_tag","embeddable":true,"href":"https:\/\/www.europesays.com\/es\/wp-json\/wp\/v2\/tags?post=131846"}],"curies":[{"name":"wp","href":"https:\/\/api.w.org\/{rel}","templated":true}]}}