{"id":131854,"date":"2025-09-22T13:36:24","date_gmt":"2025-09-22T13:36:24","guid":{"rendered":"https:\/\/www.europesays.com\/es\/131854\/"},"modified":"2025-09-22T13:36:24","modified_gmt":"2025-09-22T13:36:24","slug":"clasificaciones-de-la-contrarreloj-sub-23-femenina-del-mundial-de-ciclismo-de-ruanda-2025-ciclismo","status":"publish","type":"post","link":"https:\/\/www.europesays.com\/es\/131854\/","title":{"rendered":"Clasificaciones de la contrarreloj sub-23 femenina del Mundial de ciclismo de Ruanda 2025 &#8211; Ciclismo"},"content":{"rendered":"<ol>\n<li><a href=\"https:\/\/news.google.com\/rss\/articles\/CBMiakFVX3lxTE5DTVhlUkF6TmFmUVlYSFdYSHFxeUp4bDcydHRqa29la29zT3BwM3M4VUp3RUZrUlctU3E2Z3RJMURWVjN3MG1HaXVmOERoUk5Dck0zcV9nb2Fza3paWjBCelp3OHJsdklSRnc?oc=5\" target=\"_blank\" rel=\"nofollow noopener\">Clasificaciones de la contrarreloj sub-23 femenina del Mundial de ciclismo de Ruanda 2025<\/a>&nbsp;&nbsp;Ciclismo<\/li>\n<li><a href=\"https:\/\/news.google.com\/rss\/articles\/CBMipAFBVV95cUxNam5aakhhT2Rab2RzenVKWEVKb0c1RVJEUDNzWW5kcHB4S1U4b3ZyeHlWTkpyYnlsVFF6Rm1CcnhxbWZRd2JFdEJSMmFfSWJNRTlUeGZCUUlWWEpiUGcxQ3kzdVhLQzZSMlRTdjBfRjNpNHNZTk1mSHV1QWlIbW9hTG4xekdfbUVrOEhfeUptVW9PRjdYSS1qelk2M3dhaldRQzhpN9IBpAFBVV95cUxPelQwSlk0eVliMDNwVXNvRzZPVF8tV3NMU3ZOSGc1OU80MzhDYXlydUc1ZHc4Nlpfa3BaSHhhNFUxRVIxRWFTUWtid0FnSF9MQlRDY3hIbUlyUXZBMVVRY3hLbGg4dVh3cUdoaDZONEJkQk53VS1DSlFteVpmTG9sUlRGVXZUdnJ4S2hlNnd2SE1Ub0dBYm5DRHp1REExeHVFOHEwTw?oc=5\" target=\"_blank\" rel=\"nofollow noopener\">Mundial de Ciclismo: horario y d\u00f3nde ver la contrarreloj sub-23 en Ruanda<\/a>&nbsp;&nbsp;MARCA<\/li>\n<li><a href=\"https:\/\/news.google.com\/rss\/articles\/CBMiakFVX3lxTE4tTUxyN0hiSEtELWttaHlFaFhzWTFldmI5S1BJb05wNVNUVmZqdmFLSjV5R2RXVUJQVkxiSWdfdDViZFJ3MDhfNlJ6dTlaaV9paU16ajJyQU9mZUNiZ1B6czVLd25xbkROeXc?oc=5\" target=\"_blank\" rel=\"nofollow noopener\">Mundial de ciclismo: Zoe Backstedt no da opci\u00f3n a sus rivales y gana la contrarreloj sub-23<\/a>&nbsp;&nbsp;Ciclismo<\/li>\n<li><a href=\"https:\/\/news.google.com\/rss\/articles\/CBMifkFVX3lxTE9HLVBGemVYS290anhRVmpITGs3cHROWDk5bGhrMnpland5dzNpSGVHZlhjN29jYU5QTk1MN0JrdU9iWmh4SmpXSFZqXzEzaDQwWGNRdDZkamRTRnNseTg2cXpPSXh3cFNLNFlETksxZmdscFNzUk16Y0F2NFVHZw?oc=5\" target=\"_blank\" rel=\"nofollow noopener\">Mundial Kigali CRI juniors (F): Recorrido y orden de salida<\/a>&nbsp;&nbsp;Ciclo21<\/li>\n<li><a href=\"https:\/\/news.google.com\/rss\/articles\/CBMingFBVV95cUxORUNVVGN1NDlkV2dMMXN6ZTlHMUNVaWVXSEM5UExtS1JEZkJuZ1pGYkJtVF9SLVRUUThDUTFkSFRBcEVoVWF5MXlFMWxLakM5LWR1Q2RVdVIwaFcxTDNCSU9GdVctaEhubEFfOFdodjk2MUJYNmFMTkMxRDljUjg0d0NFdXU0NmR6TTFlbmdybXRfTEJMY3FRbjNaSDJtUQ?oc=5\" target=\"_blank\" rel=\"nofollow noopener\">H\u00e9ctor \u00c1lvarez: lleg\u00f3 su hora en el Mundial sub-23 de ciclismo en ruta<\/a>&nbsp;&nbsp;Proyecto FER<\/li>\n<\/ol>\n","protected":false},"excerpt":{"rendered":"Clasificaciones de la contrarreloj sub-23 femenina del Mundial de ciclismo de Ruanda 2025&nbsp;&nbsp;Ciclismo Mundial de Ciclismo: horario y&hellip;\n","protected":false},"author":2,"featured_media":131855,"comment_status":"","ping_status":"","sticky":false,"template":"","format":"standard","meta":{"footnotes":""},"categories":[273],"tags":[313,312,168,25,24,23,167],"class_list":{"0":"post-131854","1":"post","2":"type-post","3":"status-publish","4":"format-standard","5":"has-post-thumbnail","7":"category-ciclismo","8":"tag-ciclismo","9":"tag-cycling","10":"tag-deportes","11":"tag-es","12":"tag-espana","13":"tag-spain","14":"tag-sports"},"share_on_mastodon":{"url":"","error":""},"_links":{"self":[{"href":"https:\/\/www.europesays.com\/es\/wp-json\/wp\/v2\/posts\/131854","targetHints":{"allow":["GET"]}}],"collection":[{"href":"https:\/\/www.europesays.com\/es\/wp-json\/wp\/v2\/posts"}],"about":[{"href":"https:\/\/www.europesays.com\/es\/wp-json\/wp\/v2\/types\/post"}],"author":[{"embeddable":true,"href":"https:\/\/www.europesays.com\/es\/wp-json\/wp\/v2\/users\/2"}],"replies":[{"embeddable":true,"href":"https:\/\/www.europesays.com\/es\/wp-json\/wp\/v2\/comments?post=131854"}],"version-history":[{"count":0,"href":"https:\/\/www.europesays.com\/es\/wp-json\/wp\/v2\/posts\/131854\/revisions"}],"wp:featuredmedia":[{"embeddable":true,"href":"https:\/\/www.europesays.com\/es\/wp-json\/wp\/v2\/media\/131855"}],"wp:attachment":[{"href":"https:\/\/www.europesays.com\/es\/wp-json\/wp\/v2\/media?parent=131854"}],"wp:term":[{"taxonomy":"category","embeddable":true,"href":"https:\/\/www.europesays.com\/es\/wp-json\/wp\/v2\/categories?post=131854"},{"taxonomy":"post_tag","embeddable":true,"href":"https:\/\/www.europesays.com\/es\/wp-json\/wp\/v2\/tags?post=131854"}],"curies":[{"name":"wp","href":"https:\/\/api.w.org\/{rel}","templated":true}]}}