{"id":131856,"date":"2025-09-22T13:37:17","date_gmt":"2025-09-22T13:37:17","guid":{"rendered":"https:\/\/www.europesays.com\/es\/131856\/"},"modified":"2025-09-22T13:37:17","modified_gmt":"2025-09-22T13:37:17","slug":"alegria-riega-con-dos-millones-el-circuito-de-cataluna-mientras-ignora-el-de-ayuso","status":"publish","type":"post","link":"https:\/\/www.europesays.com\/es\/131856\/","title":{"rendered":"Alegr\u00eda &#8216;riega&#8217; con dos millones el circuito de Catalu\u00f1a mientras ignora el de Ayuso"},"content":{"rendered":"<p style=\"\">La ministra de Deportes, Pilar Alegr\u00eda, ha concedido a dedo una subvenci\u00f3n de <strong>dos millones de euros al circuito de Catalu\u00f1a, situado en Montmel\u00f3 (Barcelona)<\/strong>, mientras boicotea el nuevo circuito de F1 que Isabel D\u00edaz Ayuso ha impulsado en el recinto de IFEMA -y  &#8230; en calles aleda\u00f1as- de Madrid.<\/p>\n<p class=\"voc-p\" style=\"\">El circuito catal\u00e1n, que ha ido acumulando p\u00e9rdidas durante m\u00e1s de quince a\u00f1os, cerr\u00f3 el ejercicio de 2024 con beneficios por primera vez desde 2009. La empresa que gestiona la instalaci\u00f3n deportiva, Circuits de Catalunya SL, consolid\u00f3 un montante positivo de 1,6 millones en la \u00faltima anualidad, gracias a fuertes inyecciones de dinero por parte de las administraciones p\u00fablicas que lo coparticipan.<\/p>\n<p class=\"voc-p\" style=\"\">Pese a esos beneficios, esta anualidad, el Ministerio de Deportes ha otorgado al circuito barcelon\u00e9s una suculenta subvenci\u00f3n de dos millones de euros para un recinto cuyas principales actividades son la realizaci\u00f3n de pruebas deportivas con entradas los precios de las cuales van desde los 225 euros en el caso de la F1 y 89 euros en el caso del MotoGP. Desde que Pedro S\u00e1nchez lleg\u00f3 a la presidencia en 2018 son 6 los millones que ha concedido a la empresa que lo gestiona. Se da la circunstancia de que esta aportaci\u00f3n del Estado a Montmel\u00f3 se produce a la vez que desde el Gobierno y el principal partido que lo sustenta, el<strong> PSOE, lanzan fuertes cr\u00edticas al proyecto de traer la F1 a Madrid<\/strong>. Una iniciativa liderada por la presidenta madrile\u00f1a, Isabel D\u00edaz Ayuso, y que se financiar\u00e1 con aportaciones privadas a trav\u00e9s de IFEMA, la Feria de Madrid.<\/p>\n<p>\nBoicot del evento\n<\/p>\n<p class=\"voc-p\" style=\"\">Los socialistas incluso han tratado de boicotear la celebraci\u00f3n de este gran evento deportivo, que seg\u00fan las cifras que maneja el gobierno regional tendr\u00e1 un impacto econ\u00f3mico anual estimado de 450 millones de euros en Madrid, generando m\u00e1s de 8.200 empleos directos e indirectos y atrayendo a 85.000 turistas al a\u00f1o. Adem\u00e1s, el gran impacto medi\u00e1tico que tiene la retransmisi\u00f3n de la competici\u00f3n, tambi\u00e9n tendr\u00e1 una repercusi\u00f3n muy positiva en la promoci\u00f3n de la ciudad y la regi\u00f3n. Los dos millones de euros que Alegr\u00eda da al circuito de Catalu\u00f1a contrastan con la nula ayuda del Gobierno a otros recintos similares como el Ricardo Tormo de Valencia, Motorland de Alca\u00f1iz (Arag\u00f3n) o Jerez. En este \u00faltimo caso, adem\u00e1s, la prueba mundial de MotoGP lleva el nombre de Gran Premio de Espa\u00f1a. En los tres casos no reciben ning\u00fan tipo de subvenci\u00f3n directa. Solo en el caso del circuito valenciano, al tener programas de alto rendimiento del Centro de Tecnificaci\u00f3n, la entidad que lo gestiona recibe una ayuda anual de 137.000 euros para la formaci\u00f3n acad\u00e9mica y deportiva de pilotos de automovilismo y motociclismo. Se trata de una ayuda procedente del Consejo Superior de Deportes (CSD) previa justificaci\u00f3n de todos los gastos del centro de tecnificaci\u00f3n.<\/p>\n<p class=\"voc-p\" style=\"\">El Real Decreto 714\/2025 de 26 de agosto, por el que se regula la concesi\u00f3n directa de subvenciones a administraciones p\u00fablicas y otras entidades para la ejecuci\u00f3n de actuaciones deportivas de relevancia e inter\u00e9s p\u00fablico durante el ejercicio 2025, deja otros datos muy significativos. De los 16,236 millones concedidos por el ministerio dirigido por Pilar Alegr\u00eda, el Gobierno destina un total de 5 millones a Catalu\u00f1a, lo que representa un 34% del total destinado y un 74% de los 6,75 millones adjudicados a administraciones p\u00fablicas o entidades adscritas a las autonom\u00edas. A Catalu\u00f1a le siguen muy de lejos Canarias, con 600.000 euros, Melilla con 450.000, Baleares con 300.000, Castilla &#8211; La Mancha con 250.000 y Ceuta con 150.000 euros. La Comunidad de Madrid, pese a ser la capital y la que concentra la gran mayor\u00eda de centros de tecnificaci\u00f3n de deportistas profesionales, no recibe ni un euro. El resto de la subvenciones, 9,49 millones, se distribuyen a trav\u00e9s de 13 ayudas destinadas a federaciones y organizaciones deportivas como las federaciones de golf, automovilismo, baloncesto, tenis, ciclismo, rugby, vela, la empresa gestora de la Vuelta, Unipublic, el COE o el Comit\u00e9 Paral\u00edmpico.<\/p>\n<p>\nAlegr\u00eda y el deporte\n<\/p>\n<p class=\"voc-p\" style=\"\">Las autonom\u00edas y ayuntamientos del Partido Popular critican la gesti\u00f3n y la falta de implicaci\u00f3n de Alegr\u00eda en materia deportiva, acudiendo \u00fanicamente \u00aba hacerse la foto\u00bb en grandes eventos pero \u00abno atendiendo a las necesidades de las autonom\u00edas\u00bb.<\/p>\n<p class=\"voc-p\" style=\"\">Pese a haber sido elegida l\u00edder del PSOE de Arag\u00f3n a principios de este a\u00f1o y candidata a la presidencia aragonesa, la ministra anunci\u00f3 en un acto de partido junto a Salvador Illa, sin antes hablarlo con el presidente auton\u00f3mico, Jorge Azc\u00f3n, su intenci\u00f3n de recuperar la candidatura catalano-aragonesa de los Juegos Ol\u00edmpicos de invierno, que se retir\u00f3 en su momento por problemas de entendimiento entre administraciones y la falta de compromiso de Pedro S\u00e1nchez con asegurar el protagonismo de Arag\u00f3n<\/p>\n<p class=\"voc-p\" style=\"\">Adem\u00e1s, en la ciudad de la que fue concejal, la ahora ministra de Deporte se ha negado en distintas ocasiones a reunirse con la alcaldesa de Zaragoza, Natalia Chueca, que le ha solicitado varios encuentros de forma oficial para la construcci\u00f3n de la nueva Romareda, sede del Mundial 2030.<\/p>\n","protected":false},"excerpt":{"rendered":"La ministra de Deportes, Pilar Alegr\u00eda, ha concedido a dedo una subvenci\u00f3n de dos millones de euros al&hellip;\n","protected":false},"author":2,"featured_media":131857,"comment_status":"","ping_status":"","sticky":false,"template":"","format":"standard","meta":{"footnotes":""},"categories":[270],"tags":[20708,6984,40616,1980,3201,168,1563,25,24,306,271,272,4724,42158,23,167],"class_list":{"0":"post-131856","1":"post","2":"type-post","3":"status-publish","4":"format-standard","5":"has-post-thumbnail","7":"category-formula-1","8":"tag-alegria","9":"tag-ayuso","10":"tag-boicotea","11":"tag-cataluna","12":"tag-circuito","13":"tag-deportes","14":"tag-dos","15":"tag-es","16":"tag-espana","17":"tag-f1","18":"tag-formula-1","19":"tag-formula1","20":"tag-millones","21":"tag-riega","22":"tag-spain","23":"tag-sports"},"share_on_mastodon":{"url":"","error":""},"_links":{"self":[{"href":"https:\/\/www.europesays.com\/es\/wp-json\/wp\/v2\/posts\/131856","targetHints":{"allow":["GET"]}}],"collection":[{"href":"https:\/\/www.europesays.com\/es\/wp-json\/wp\/v2\/posts"}],"about":[{"href":"https:\/\/www.europesays.com\/es\/wp-json\/wp\/v2\/types\/post"}],"author":[{"embeddable":true,"href":"https:\/\/www.europesays.com\/es\/wp-json\/wp\/v2\/users\/2"}],"replies":[{"embeddable":true,"href":"https:\/\/www.europesays.com\/es\/wp-json\/wp\/v2\/comments?post=131856"}],"version-history":[{"count":0,"href":"https:\/\/www.europesays.com\/es\/wp-json\/wp\/v2\/posts\/131856\/revisions"}],"wp:featuredmedia":[{"embeddable":true,"href":"https:\/\/www.europesays.com\/es\/wp-json\/wp\/v2\/media\/131857"}],"wp:attachment":[{"href":"https:\/\/www.europesays.com\/es\/wp-json\/wp\/v2\/media?parent=131856"}],"wp:term":[{"taxonomy":"category","embeddable":true,"href":"https:\/\/www.europesays.com\/es\/wp-json\/wp\/v2\/categories?post=131856"},{"taxonomy":"post_tag","embeddable":true,"href":"https:\/\/www.europesays.com\/es\/wp-json\/wp\/v2\/tags?post=131856"}],"curies":[{"name":"wp","href":"https:\/\/api.w.org\/{rel}","templated":true}]}}