{"id":131860,"date":"2025-09-22T13:39:12","date_gmt":"2025-09-22T13:39:12","guid":{"rendered":"https:\/\/www.europesays.com\/es\/131860\/"},"modified":"2025-09-22T13:39:12","modified_gmt":"2025-09-22T13:39:12","slug":"pueden-los-clubes-en-espana-negarse-a-ceder-sus-jugadores-a-las-selecciones-para-el-mundial-sub-20","status":"publish","type":"post","link":"https:\/\/www.europesays.com\/es\/131860\/","title":{"rendered":"\u00bfPueden los clubes en Espa\u00f1a negarse a ceder sus jugadores a las selecciones para el Mundial Sub-20?"},"content":{"rendered":"<p class=\"\">Son varias las voces que se han alzado contra la obligaci\u00f3n de los clubes espa\u00f1oles de ceder a sus jugadores nacionales a la Sub-20 para disputar el Mundial en contra de lo que se hace en el resto de pa\u00edses. El que m\u00e1s alto se ha quejado ha sido <a href=\"https:\/\/as.com\/futbol\/primera\/angel-torres-la-rfef-nos-amenazo-para-ceder-a-liso-n\/\" target=\"_self\" rel=\"nofollow noopener\" title=\"https:\/\/as.com\/futbol\/primera\/angel-torres-la-rfef-nos-amenazo-para-ceder-a-liso-n\/\">el presidente del Getafe \u00c1ngel Torres<\/a>, que asegur\u00f3 que l<b>a RFEF amenaz\u00f3 al club azul\u00f3n si no le ced\u00eda a Liso<\/b>. <\/p>\n<p class=\"\">La FIFA deja claro que <b>la Copa del Mundo juvenil que este a\u00f1o se celebra en Chile no entra en el Calendario Internacional<\/b>, por lo que los equipos de las diferentes ligas no est\u00e1n obligados a dejar ir a sus futbolistas. Sin embargo, <b>la Ley del Deporte hace una excepci\u00f3n que con los jugadores llamados por la Selecci\u00f3n que jueguen en Espa\u00f1a<\/b>. <\/p>\n<p class=\"\">La actual Ley del Deporte, aprobada en diciembre de 2022, recoge en su art\u00edculo 23.2c que \u201c<b>es un deber de los deportistas acudir a las convocatorias de las selecciones deportivas cuando sean debidamente citadas<\/b>, en los t\u00e9rminos y condiciones que se establezcan reglamentariamente\u201d. Y en el art\u00edculo 104.1c define como una infracci\u00f3n muy grave \u201c<b>la falta de asistencia no justificada a las convocatorias de las selecciones deportivas nacionales, as\u00ed como la no puesta a disposici\u00f3n de las selecciones nacionales de las personas deportistas que hayan sido designadas para formar parte de las mismas<\/b>\u201d.<\/p>\n<p class=\"\">Por esta raz\u00f3n,<b> equipos de Primera como Elche, Betis, Getafe, Villarreal y Mallorca no han podido negarse<\/b> a ceder a Mendoza, Pablo Garc\u00eda, Liso, Pau Navarro y Virgili, entre otros, los cuales tuvieron minutos en la \u00faltima jornada de Liga.<a href=\"https:\/\/as.com\/futbol\/primera\/resfriado-fifa-a-laliga-n\/\" target=\"_self\" rel=\"nofollow noopener\" title=\"https:\/\/as.com\/futbol\/primera\/resfriado-fifa-a-laliga-n\/\"> El m\u00e1s afectado ha sido el Real Madrid,<\/a> que se ha visto obligado a dejar marchar a <b>cinco futbolistas titulares del Castilla<\/b>: Fran Gonz\u00e1lez, Fortea, Cristian David, Aguado y Thiago.<\/p>\n<p>Noticias relacionadas<a href=\"https:\/\/as.com\/futbol\/primera\/resfriado-fifa-a-laliga-n\/\" class=\"s_m_w\" title=\"Doce futbolistas de Primera y Segunda se marchan a Chile a jugar el Mundial Sub-20. Causar\u00e1n baja, al menos, durante las pr\u00f3ximas tres jornadas.\" data-tb-link=\"\" rel=\"nofollow noopener\" target=\"_blank\"><img decoding=\"async\" src=\"https:\/\/www.europesays.com\/es\/wp-content\/uploads\/2025\/09\/WXV7IIMFGNCCXIN7IQMBAIRDAU.png\" alt=\"Resfriado FIFA a LaLiga\" class=\"\" height=\"1\" width=\"1\"   loading=\"lazy\" data-tb-thumbnail=\"\"\/><\/a><a href=\"https:\/\/as.com\/futbol\/seleccion\/oficial-pablo-garcia-y-mendoza-con-la-rojita-en-el-mundial-sub-20-n\/\" class=\"s_m_w\" title=\"Gallardo anuncia la lista de 21 futbolistas para la Copa del Mundo, que arranca el 27 de septiembre. Betis y Elche perder\u00e1n a sus promesas las pr\u00f3ximas jornadas. \" data-tb-link=\"\" rel=\"nofollow noopener\" target=\"_blank\"><img decoding=\"async\" src=\"https:\/\/www.europesays.com\/es\/wp-content\/uploads\/2025\/09\/XCQDQYUFGJANJH7YI5NIGGPYEM.jpeg\" alt=\"Oficial: Pablo Garc\u00eda y Mendoza, con La Rojita en el Mundial Sub-20\" class=\"\" height=\"1\" width=\"1\"   loading=\"lazy\" data-tb-thumbnail=\"\"\/><\/a><\/p>\n<p class=\"\">Esta normativa es la que ha permitido a Gallardo<a href=\"https:\/\/as.com\/futbol\/seleccion\/oficial-pablo-garcia-y-mendoza-con-la-rojita-en-el-mundial-sub-20-n\/\" target=\"_self\" rel=\"nofollow noopener\" title=\"https:\/\/as.com\/futbol\/seleccion\/oficial-pablo-garcia-y-mendoza-con-la-rojita-en-el-mundial-sub-20-n\/\"> hacer una lista competitiva<\/a> llena de futbolistas profesionales. <b>El \u00fanico jugador de la convocatoria del Mundial Sub-20 que juega en el extranjero es Iker Bravo<\/b>, del Udinese, que lo ha cedido voluntariamente. Otros como Guiu (Chelsa), Yarek (PSV), Chema Andr\u00e9s (Stuttgart), Simo (Al Arabi) y Fern\u00e1ndez-Pardo (Lille), <a href=\"https:\/\/as.com\/futbol\/seleccion\/la-fuga-de-talento-el-primer-reto-de-karanka-n\/\" target=\"_self\" rel=\"nofollow noopener\" title=\"https:\/\/as.com\/futbol\/seleccion\/la-fuga-de-talento-el-primer-reto-de-karanka-n\/\">que entraban en los planes de la Rojita<\/a>, seguir\u00e1n el Mundial desde la distancia inmersos en al rutina de sus clubes.<\/p>\n<p class=\"\"><b>\u00a1Tus opiniones importan!<\/b> Comenta en los art\u00edculos y suscr\u00edbete gratis a nuestra <a href=\"https:\/\/asfan.as.com\/newsletters\/\" target=\"_blank\" rel=\"nofollow noopener\" title=\"https:\/\/asfan.as.com\/newsletters\/\">newsletter<\/a> y a las alertas informativas en la <a href=\"https:\/\/as.com\/aplicacion-de-as-n\/\" target=\"_blank\" rel=\"nofollow noopener\" title=\"https:\/\/as.com\/aplicacion-de-as-n\/\">App<\/a> o el canal de <a href=\"https:\/\/www.whatsapp.com\/channel\/0029VaAasdA7j6g745nz9M10\" target=\"_blank\" rel=\"nofollow noopener\" title=\"https:\/\/www.whatsapp.com\/channel\/0029VaAasdA7j6g745nz9M10\">WhatsApp<\/a>. \u00bfBuscas licenciar contenido? Haz clic <a href=\"https:\/\/profesional.elpais.com\/soluciones-sindicacion?utm_medium=interno&amp;utm_source=crosslinking&amp;utm_campaign=sindicacion_as_pie_articulos\" target=\"_blank\" rel=\"nofollow noopener\" title=\"https:\/\/profesional.elpais.com\/soluciones-sindicacion?utm_medium=interno&amp;utm_source=crosslinking&amp;utm_campaign=sindicacion_as_pie_articulos\">aqu\u00ed<\/a><\/p>\n","protected":false},"excerpt":{"rendered":"Son varias las voces que se han alzado contra la obligaci\u00f3n de los clubes espa\u00f1oles de ceder a&hellip;\n","protected":false},"author":2,"featured_media":131861,"comment_status":"","ping_status":"","sticky":false,"template":"","format":"standard","meta":{"footnotes":""},"categories":[268],"tags":[168,25,24,280,282,281,23,167],"class_list":{"0":"post-131860","1":"post","2":"type-post","3":"status-publish","4":"format-standard","5":"has-post-thumbnail","7":"category-futbol","8":"tag-deportes","9":"tag-es","10":"tag-espana","11":"tag-football","12":"tag-futbol","13":"tag-soccer","14":"tag-spain","15":"tag-sports"},"share_on_mastodon":{"url":"","error":""},"_links":{"self":[{"href":"https:\/\/www.europesays.com\/es\/wp-json\/wp\/v2\/posts\/131860","targetHints":{"allow":["GET"]}}],"collection":[{"href":"https:\/\/www.europesays.com\/es\/wp-json\/wp\/v2\/posts"}],"about":[{"href":"https:\/\/www.europesays.com\/es\/wp-json\/wp\/v2\/types\/post"}],"author":[{"embeddable":true,"href":"https:\/\/www.europesays.com\/es\/wp-json\/wp\/v2\/users\/2"}],"replies":[{"embeddable":true,"href":"https:\/\/www.europesays.com\/es\/wp-json\/wp\/v2\/comments?post=131860"}],"version-history":[{"count":0,"href":"https:\/\/www.europesays.com\/es\/wp-json\/wp\/v2\/posts\/131860\/revisions"}],"wp:featuredmedia":[{"embeddable":true,"href":"https:\/\/www.europesays.com\/es\/wp-json\/wp\/v2\/media\/131861"}],"wp:attachment":[{"href":"https:\/\/www.europesays.com\/es\/wp-json\/wp\/v2\/media?parent=131860"}],"wp:term":[{"taxonomy":"category","embeddable":true,"href":"https:\/\/www.europesays.com\/es\/wp-json\/wp\/v2\/categories?post=131860"},{"taxonomy":"post_tag","embeddable":true,"href":"https:\/\/www.europesays.com\/es\/wp-json\/wp\/v2\/tags?post=131860"}],"curies":[{"name":"wp","href":"https:\/\/api.w.org\/{rel}","templated":true}]}}