{"id":131862,"date":"2025-09-22T13:40:12","date_gmt":"2025-09-22T13:40:12","guid":{"rendered":"https:\/\/www.europesays.com\/es\/131862\/"},"modified":"2025-09-22T13:40:12","modified_gmt":"2025-09-22T13:40:12","slug":"las-fotos-y-detalles-de-la-segunda-boda-de-pablo-lopez-y-laura-rubio-del-vestido-de-novia-a-la-prohibicion-que-pusieron","status":"publish","type":"post","link":"https:\/\/www.europesays.com\/es\/131862\/","title":{"rendered":"Las fotos y detalles de la segunda boda de Pablo L\u00f3pez y Laura Rubio: del vestido de novia a la prohibici\u00f3n que pusieron"},"content":{"rendered":"<p>El cantante <strong>Pablo L\u00f3pez <\/strong>y su pareja, Laura Rubio, han celebrado <strong>su segunda boda <\/strong>este s\u00e1bado 20 de mayo en la finca La Caser\u00eda de Tomillos, <strong>en Alcal\u00e1 del Valle (C\u00e1diz)<\/strong>, dos meses <strong>despu\u00e9s de casarse en julio en una ceremonia religiosa e \u00edntima<\/strong> en la Bas\u00edlica de Jes\u00fas de Medinaceli de Madrid. \u00a0<\/p>\n<p>La pareja ha querido celebrar ahora por todo lo alto su boda y rodeados de sus familiares y amigos,<strong> en total casi unos 300 invitados.<\/strong> Seg\u00fan c\u00e1lculos de expertos en organizaci\u00f3n de eventos, <strong>el coste de la ceremonia rond\u00f3 entre los treinta y cuarenta mil euros.\u00a0<\/strong><\/p>\n<p>Las fotos y detalles de la segunda boda de Pablo L\u00f3pez y Laura Rubio\u00a0<\/p>\n<p>La ceremonia civil se celebr\u00f3 sobre las 19 horas de la tarde. <strong>A diferencia de su primera boda<\/strong>, esta vez, Pablo L\u00f3pez y Laura Rubio, salieron de la finca e <strong>hicieron unas declaraciones a los medios<\/strong> que estaban apostados en la puerta del lugar. \u00a0<\/p>\n<p>Tras darse el &#8216;s\u00ed, quiero&#8217; y hacer el tradicional posado de reci\u00e9n casados con un espectacular atardecer de fondo, aparecieron ante la prensa para agradecer su presencia y compartir sus primeras impresiones en este d\u00eda tan especial.\u00a0<strong>\u201cEstamos agradecidos por todo. Es una cosa natural y sencilla. <\/strong>Estamos con familias, amigos, con libertad y amor. Os damos las gracias por estar aqu\u00ed\u201d, se\u00f1al\u00f3 el cantante, Pablo L\u00f3pez.\u00a0<\/p>\n<p><img decoding=\"async\" alt=\"Pablo L\u00f3pez y Laura Rubio durante su segunda boda en C\u00e1diz\" src=\"https:\/\/www.europesays.com\/es\/wp-content\/uploads\/2025\/09\/articulos-2331979.jpg\" style=\"width:20%\"\/>\u00a0Pablo L\u00f3pez y Laura Rubio durante su segunda boda en C\u00e1diz\u00a0<\/p>\n<p>Su mujer, Laura Rubio, se manten\u00eda discreta en un segundo plano, y <strong>mostraba c\u00f3mo era su vestido de novia.<\/strong> Se trata de un dos piezas con <strong>un corpi\u00f1o de encaje con flores y hojas bordadas<\/strong> en hombros, de escote coraz\u00f3n y tirante ca\u00eddo. De aire moderno y corte rom\u00e1ntico. La falda, de corte sirena, <strong>lleva una discreta cola. \u00a0<\/strong><\/p>\n<p>La mujer de Pablo L\u00f3pez llev\u00f3 su melena, suelta y ondulada y su cabeza la decor\u00f3 <strong>con una corona de flores blancas,<\/strong> de donde sal\u00eda un vaporoso velo. <strong>El ramo de novia era un gui\u00f1o a su marido, <\/strong>un bouquet de biznagas, la flor t\u00edpica de M\u00e1laga.\u00a0<\/p>\n<p>Por su parte, <strong>Pablo L\u00f3pez <\/strong>se decant\u00f3 por un <strong>chaqu\u00e9 cl\u00e1sico de color azul marino<\/strong>, a tono con la corbata. \u00a0<\/p>\n<p><img decoding=\"async\" alt=\"Todos los detalles del vestido de novia de Laura Rubio\" src=\"https:\/\/www.europesays.com\/es\/wp-content\/uploads\/2025\/09\/articulos-2331980.jpg\" style=\"width:20%\"\/>Todos los detalles del vestido de novia de Laura Rubio<\/p>\n<p>Para disfrutar totalmente de la fiesta,<strong> Pablo y Laura prohibieron el uso de tel\u00e9fonos m\u00f3viles.<\/strong>\u00a0Los cerca de 300 asistentes entregaron sus dispositivos a la entrada. <strong>Una norma que ten\u00eda un doble prop\u00f3sito:<\/strong> <strong>preservar la intimidad<\/strong> de la pareja y permitir tambi\u00e9n que cada invitado <strong>disfrutara al m\u00e1ximo <\/strong>de la fiesta, la m\u00fasica, la comida y el ambiente. \u00a0<\/p>\n<p>D\u00edas antes, Pablo y Laura hab\u00edan pedido a cada invitado que <strong>les mandara cu\u00e1l era su canci\u00f3n favorita<\/strong>, un detalle que hizo que lo que sonaba en la pista de baile fuera totalmente personalizado. \u00a0<\/p>\n<p>Pablo L\u00f3pez y Laura Rubio ponen as\u00ed un broche de oro a su relaci\u00f3n que siempre se ha caracterizado por ser muy discreta. La pareja se conoci\u00f3 cuando <strong>\u00e9l era coach de \u2018La Voz\u2019, en 2017, y ella concursante. \u00a0<\/strong><\/p>\n<p><img decoding=\"async\" alt=\"Pablo y Laura se conocieron en 2017 en La Voz cuando \u00e9l era coach\" src=\"https:\/\/www.europesays.com\/es\/wp-content\/uploads\/2025\/09\/articulos-2331981.jpg\" style=\"width:20%\"\/>\u00a0Pablo y Laura se conocieron en 2017 en La Voz cuando \u00e9l era coach<\/p>\n<p>\u00a0<\/p>\n","protected":false},"excerpt":{"rendered":"El cantante Pablo L\u00f3pez y su pareja, Laura Rubio, han celebrado su segunda boda este s\u00e1bado 20 de&hellip;\n","protected":false},"author":2,"featured_media":131863,"comment_status":"","ping_status":"","sticky":false,"template":"","format":"standard","meta":{"footnotes":""},"categories":[174],"tags":[255,146,147,25,24,256,23],"class_list":{"0":"post-131862","1":"post","2":"type-post","3":"status-publish","4":"format-standard","5":"has-post-thumbnail","7":"category-famosos","8":"tag-celebrities","9":"tag-entertainment","10":"tag-entretenimiento","11":"tag-es","12":"tag-espana","13":"tag-famosos","14":"tag-spain"},"share_on_mastodon":{"url":"","error":""},"_links":{"self":[{"href":"https:\/\/www.europesays.com\/es\/wp-json\/wp\/v2\/posts\/131862","targetHints":{"allow":["GET"]}}],"collection":[{"href":"https:\/\/www.europesays.com\/es\/wp-json\/wp\/v2\/posts"}],"about":[{"href":"https:\/\/www.europesays.com\/es\/wp-json\/wp\/v2\/types\/post"}],"author":[{"embeddable":true,"href":"https:\/\/www.europesays.com\/es\/wp-json\/wp\/v2\/users\/2"}],"replies":[{"embeddable":true,"href":"https:\/\/www.europesays.com\/es\/wp-json\/wp\/v2\/comments?post=131862"}],"version-history":[{"count":0,"href":"https:\/\/www.europesays.com\/es\/wp-json\/wp\/v2\/posts\/131862\/revisions"}],"wp:featuredmedia":[{"embeddable":true,"href":"https:\/\/www.europesays.com\/es\/wp-json\/wp\/v2\/media\/131863"}],"wp:attachment":[{"href":"https:\/\/www.europesays.com\/es\/wp-json\/wp\/v2\/media?parent=131862"}],"wp:term":[{"taxonomy":"category","embeddable":true,"href":"https:\/\/www.europesays.com\/es\/wp-json\/wp\/v2\/categories?post=131862"},{"taxonomy":"post_tag","embeddable":true,"href":"https:\/\/www.europesays.com\/es\/wp-json\/wp\/v2\/tags?post=131862"}],"curies":[{"name":"wp","href":"https:\/\/api.w.org\/{rel}","templated":true}]}}