{"id":131866,"date":"2025-09-22T13:43:08","date_gmt":"2025-09-22T13:43:08","guid":{"rendered":"https:\/\/www.europesays.com\/es\/131866\/"},"modified":"2025-09-22T13:43:08","modified_gmt":"2025-09-22T13:43:08","slug":"lo-he-sufrido-en-mis-propias-carnes","status":"publish","type":"post","link":"https:\/\/www.europesays.com\/es\/131866\/","title":{"rendered":"Lo he sufrido en mis propias carnes"},"content":{"rendered":"\n<p>  22\/09\/2025 &#8211; 13:25  Actualizado: 22\/09\/2025 &#8211; 13:25   <\/p>\n<p> La seguridad de los veh\u00edculos el\u00e9ctricos ha sumado en los \u00faltimos meses una nueva preocupaci\u00f3n para sus propietarios: el robo de los cables de carga. As\u00ed lo denunci\u00f3 este lunes, 22 de septiembre, el colaborador televisivo Crist\u00f3bal Soria en <a href=\"https:\/\/www.elconfidencial.com\/television\/programas-tv\/2023-10-26\/espejo-publico-pilar-vidal-llora-carmen-lomana_3762288\/\" target=\"_blank\" rel=\"nofollow noopener\"><strong>Espejo p\u00fablico<\/strong><\/a>, donde <strong>relat\u00f3 en primera persona el percance que sufri\u00f3 en Sevilla<\/strong>, a plena luz del d\u00eda. <\/p>\n<p> \u201c<strong>Quiero alertar a los espectadores del nuevo robo que viene, que yo lo he sufrido en mis carnes.<\/strong> En mis carnes no, en mi veh\u00edculo propio\u201d, comenz\u00f3 Soria, visiblemente molesto por lo ocurrido. El colaborador explic\u00f3 que acudi\u00f3 a un centro comercial y dej\u00f3 su coche enchufado en un punto de carga mientras hac\u00eda unas compras r\u00e1pidas. A su regreso, se encontr\u00f3 con que alguien hab\u00eda cortado el cable del conector. <\/p>\n<p> Seg\u00fan relat\u00f3, la pieza sustra\u00edda no es un simple accesorio: \u201c<strong>El cable del conector tiene 10 o 12 metros, que est\u00e1n hechos de cobre. <\/strong>Esta es la nueva moda y viene para quedarse\u201d, afirm\u00f3 en el programa. El cobre es un material de gran valor en el mercado negro, lo que est\u00e1 disparando este tipo de robos en toda Espa\u00f1a. <\/p>\n<p> La sorpresa inicial dio paso a la indignaci\u00f3n cuando Soria acudi\u00f3 a denunciar lo sucedido: \u201cYo fui a poner la denuncia, me echaba las manos a la cabeza con lo que me hab\u00eda pasado, pero<strong> para la polic\u00eda comienza a ser ya un robo frecuente, bastante com\u00fan<\/strong>. Me dec\u00edan que este tipo de robos van a ser muy frecuentes\u201d, se\u00f1al\u00f3. Las fuerzas de seguridad reconocieron que el fen\u00f3meno se repite con cada vez mayor asiduidad, sobre todo en grandes ciudades. <\/p>\n<p>                Crist\u00f3bal Soria, en &#8216;Espejo p\u00fablica&#8217;. (Antena 3)            <\/p>\n<p> Adem\u00e1s del contratiempo de quedarse sin cable, el colaborador televisivo denunci\u00f3 el coste econ\u00f3mico: \u201c<strong>La broma me ha costado 260 euros, y no me lo ha cubierto el seguro<\/strong>\u201d. La mayor\u00eda de p\u00f3lizas de autom\u00f3viles no contemplan la sustracci\u00f3n de este tipo de elementos externos, lo que agrava la sensaci\u00f3n de indefensi\u00f3n entre los afectados. <\/p>\n<p> La advertencia de Crist\u00f3bal Soria en Espejo p\u00fablico se suma a la preocupaci\u00f3n creciente de usuarios y <strong>asociaciones de conductores de veh\u00edculos el\u00e9ctricos, que piden medidas de seguridad adicionales en los puntos de recarga p\u00fablicos<\/strong>. Entre las posibles soluciones que ya se barajan est\u00e1n el refuerzo de la videovigilancia en aparcamientos, sistemas de anclaje m\u00e1s seguros para los cables o incluso el redise\u00f1o de los conectores para dificultar su manipulaci\u00f3n. <\/p>\n<p> La seguridad de los veh\u00edculos el\u00e9ctricos ha sumado en los \u00faltimos meses una nueva preocupaci\u00f3n para sus propietarios: el robo de los cables de carga. As\u00ed lo denunci\u00f3 este lunes, 22 de septiembre, el colaborador televisivo Crist\u00f3bal Soria en <a href=\"https:\/\/www.elconfidencial.com\/television\/programas-tv\/2023-10-26\/espejo-publico-pilar-vidal-llora-carmen-lomana_3762288\/\" target=\"_blank\" rel=\"nofollow noopener\"><strong>Espejo p\u00fablico<\/strong><\/a>, donde <strong>relat\u00f3 en primera persona el percance que sufri\u00f3 en Sevilla<\/strong>, a plena luz del d\u00eda. <\/p>\n","protected":false},"excerpt":{"rendered":"22\/09\/2025 &#8211; 13:25 Actualizado: 22\/09\/2025 &#8211; 13:25 La seguridad de los veh\u00edculos el\u00e9ctricos ha sumado en los \u00faltimos&hellip;\n","protected":false},"author":2,"featured_media":131867,"comment_status":"","ping_status":"","sticky":false,"template":"","format":"standard","meta":{"footnotes":""},"categories":[171],"tags":[146,147,25,24,23,214],"class_list":{"0":"post-131866","1":"post","2":"type-post","3":"status-publish","4":"format-standard","5":"has-post-thumbnail","7":"category-tv","8":"tag-entertainment","9":"tag-entretenimiento","10":"tag-es","11":"tag-espana","12":"tag-spain","13":"tag-tv"},"share_on_mastodon":{"url":"","error":""},"_links":{"self":[{"href":"https:\/\/www.europesays.com\/es\/wp-json\/wp\/v2\/posts\/131866","targetHints":{"allow":["GET"]}}],"collection":[{"href":"https:\/\/www.europesays.com\/es\/wp-json\/wp\/v2\/posts"}],"about":[{"href":"https:\/\/www.europesays.com\/es\/wp-json\/wp\/v2\/types\/post"}],"author":[{"embeddable":true,"href":"https:\/\/www.europesays.com\/es\/wp-json\/wp\/v2\/users\/2"}],"replies":[{"embeddable":true,"href":"https:\/\/www.europesays.com\/es\/wp-json\/wp\/v2\/comments?post=131866"}],"version-history":[{"count":0,"href":"https:\/\/www.europesays.com\/es\/wp-json\/wp\/v2\/posts\/131866\/revisions"}],"wp:featuredmedia":[{"embeddable":true,"href":"https:\/\/www.europesays.com\/es\/wp-json\/wp\/v2\/media\/131867"}],"wp:attachment":[{"href":"https:\/\/www.europesays.com\/es\/wp-json\/wp\/v2\/media?parent=131866"}],"wp:term":[{"taxonomy":"category","embeddable":true,"href":"https:\/\/www.europesays.com\/es\/wp-json\/wp\/v2\/categories?post=131866"},{"taxonomy":"post_tag","embeddable":true,"href":"https:\/\/www.europesays.com\/es\/wp-json\/wp\/v2\/tags?post=131866"}],"curies":[{"name":"wp","href":"https:\/\/api.w.org\/{rel}","templated":true}]}}