{"id":131868,"date":"2025-09-22T13:44:08","date_gmt":"2025-09-22T13:44:08","guid":{"rendered":"https:\/\/www.europesays.com\/es\/131868\/"},"modified":"2025-09-22T13:44:08","modified_gmt":"2025-09-22T13:44:08","slug":"take-that-anuncia-su-regreso-a-los-escenarios-con-once-conciertos-e-invitados-especiales","status":"publish","type":"post","link":"https:\/\/www.europesays.com\/es\/131868\/","title":{"rendered":"&#8216;Take That&#8217; anuncia su regreso a los escenarios con once conciertos e invitados especiales"},"content":{"rendered":"<p>\n        <strong>Take That pondr\u00e1 a la venta el viernes las entradas para el regreso en 2026 de &#8216;The Circus Live<\/strong>&#8216;, una de sus giras m\u00e1s emblem\u00e1ticas, que <a href=\"https:\/\/www.noticiasdenavarra.com\/ciencia-y-tecnologia\/2024\/05\/02\/canciones-taylor-swift-bad-bunny-8186223.html\" title=\"en 2009 bati\u00f3 r\u00e9cords con m\u00e1s de 600.000 entradas vendidas\" target=\"_blank\" class=\"link copy\" rel=\"nofollow noopener\">en 2009 bati\u00f3 r\u00e9cords con m\u00e1s de 600.000 entradas vendidas<\/a> en menos de cinco horas y m\u00e1s de un mill\u00f3n de asistentes.\n<\/p>\n<p class=\"article-body__text \">\n        Adem\u00e1s, el grupo brit\u00e1nico desvel\u00f3 que <strong>publicar\u00e1 a finales de 2026 su d\u00e9cimo \u00e1lbum de estudio<\/strong>, cuya preventa ya est\u00e1 activa y permitir\u00e1 a los seguidores acceder de forma prioritaria a las entradas a trav\u00e9s de la tienda oficial de la banda.\n<\/p>\n<p class=\"article-body__text \">\n        El grupo, que se form\u00f3 en M\u00e1nchester en 1990 y<strong> actualmente est\u00e1 compuesto por Gary Barlow, Mark Owen y Howard Donald<\/strong>, recorrer\u00e1 el<strong> Reino Unido e Irlanda <\/strong>entre el 29 de mayo y el 4 de julio del pr\u00f3ximo a\u00f1o, con solo dos noches en <strong>Londres<\/strong>, los d\u00edas 26 y 27 de junio, y el cierre el 4 de julio en <strong>Dubl\u00edn<\/strong>. <strong>La banda se convirti\u00f3 en tr\u00edo tras la marcha de Jason Orange en 2014 y despu\u00e9s de la partida en 1995 de Robbie Williams para iniciar una carrera en solitario.<\/strong>\n<\/p>\n<p>  The Circus <\/p>\n<p class=\"article-body__text \">\n        \u00abLa gira &#8216;The Circus&#8217; fue una de nuestras experiencias favoritas como grupo y, en los a\u00f1os transcurridos, hemos hablado muchas veces de cu\u00e1nto nos gustar\u00eda repetirla alg\u00fan d\u00eda. \u00a1Pues ha llegado el momento! <strong>Estamos muy emocionados de dar la bienvenida a p\u00fablicos nuevos y antiguos al espect\u00e1culo de &#8216;The Circus Live&#8217; <\/strong>el pr\u00f3ximo verano. \u00a1Nos vemos ah\u00ed!\u00bb, declar\u00f3 Take That en un comunicado. Los conciertos incluir\u00e1n las mismas canciones que interpretaron en la gira original, con algunas novedades, y contar\u00e1n como artistas invitados <strong>con los irlandeses The Script, que ya les acompa\u00f1aron en 2009, y la cantante estadounidense Belinda Carlisle.\u00a0<\/strong><\/p>\n","protected":false},"excerpt":{"rendered":"Take That pondr\u00e1 a la venta el viernes las entradas para el regreso en 2026 de &#8216;The Circus&hellip;\n","protected":false},"author":2,"featured_media":131869,"comment_status":"","ping_status":"","sticky":false,"template":"","format":"standard","meta":{"footnotes":""},"categories":[170],"tags":[4187,146,147,25,15158,24,184,185,2596,23,42159,12601],"class_list":{"0":"post-131868","1":"post","2":"type-post","3":"status-publish","4":"format-standard","5":"has-post-thumbnail","7":"category-musica","8":"tag-anuncia","9":"tag-entertainment","10":"tag-entretenimiento","11":"tag-es","12":"tag-escenarios","13":"tag-espana","14":"tag-music","15":"tag-musica","16":"tag-regreso","17":"tag-spain","18":"tag-take","19":"tag-that"},"share_on_mastodon":{"url":"","error":""},"_links":{"self":[{"href":"https:\/\/www.europesays.com\/es\/wp-json\/wp\/v2\/posts\/131868","targetHints":{"allow":["GET"]}}],"collection":[{"href":"https:\/\/www.europesays.com\/es\/wp-json\/wp\/v2\/posts"}],"about":[{"href":"https:\/\/www.europesays.com\/es\/wp-json\/wp\/v2\/types\/post"}],"author":[{"embeddable":true,"href":"https:\/\/www.europesays.com\/es\/wp-json\/wp\/v2\/users\/2"}],"replies":[{"embeddable":true,"href":"https:\/\/www.europesays.com\/es\/wp-json\/wp\/v2\/comments?post=131868"}],"version-history":[{"count":0,"href":"https:\/\/www.europesays.com\/es\/wp-json\/wp\/v2\/posts\/131868\/revisions"}],"wp:featuredmedia":[{"embeddable":true,"href":"https:\/\/www.europesays.com\/es\/wp-json\/wp\/v2\/media\/131869"}],"wp:attachment":[{"href":"https:\/\/www.europesays.com\/es\/wp-json\/wp\/v2\/media?parent=131868"}],"wp:term":[{"taxonomy":"category","embeddable":true,"href":"https:\/\/www.europesays.com\/es\/wp-json\/wp\/v2\/categories?post=131868"},{"taxonomy":"post_tag","embeddable":true,"href":"https:\/\/www.europesays.com\/es\/wp-json\/wp\/v2\/tags?post=131868"}],"curies":[{"name":"wp","href":"https:\/\/api.w.org\/{rel}","templated":true}]}}