{"id":131876,"date":"2025-09-22T13:48:07","date_gmt":"2025-09-22T13:48:07","guid":{"rendered":"https:\/\/www.europesays.com\/es\/131876\/"},"modified":"2025-09-22T13:48:07","modified_gmt":"2025-09-22T13:48:07","slug":"vive-la-merce-inclusiva-y-accesible-este-2025-info-barcelona","status":"publish","type":"post","link":"https:\/\/www.europesays.com\/es\/131876\/","title":{"rendered":"Vive La Merc\u00e8 inclusiva y accesible este 2025 | Info Barcelona"},"content":{"rendered":"<p>La Fiesta Mayor de Barcelona llega del 23 al 28 de septiembre con una programaci\u00f3n llena de actividades accesibles para que todo el mundo disfrute. Espect\u00e1culos, talleres e instalaciones son algunas de las actividades que se encuentran entre las propuestas de este a\u00f1o que disponen de un amplio abanico de medidas de accesibilidad.<\/p>\n<p><strong>Preg\u00f3n de La Merc\u00e8:<\/strong> la actriz Emma Vilarasau da el pistoletazo de salida a la fiesta.<\/p>\n<ul>\n<li>D\u00eda y lugar: martes 23 de septiembre, a las 19.00 horas, en la plaza de Sant Jaume.<\/li>\n<li>Medidas de accesibilidad: interpretaci\u00f3n en lengua de signos.<\/li>\n<\/ul>\n<p><strong>XII Jornada Inclusiva:<\/strong> muestra de deportes adaptados abierta a todo el mundo, con modalidades como baloncesto y rugby en silla de ruedas, boccia o f\u00fatbol para personas ciegas, entre otras.<\/p>\n<ul>\n<li>D\u00eda y lugar: domingo 28 de septiembre, de 10.00 a 14.00 horas, en el paseo de Gr\u00e0cia.<\/li>\n<li>Medidas de accesibilidad: espacio reservado para personas con movilidad reducida.<\/li>\n<\/ul>\n<p><strong>Espacio tranquilo en los jardines de Joan Maragall:<\/strong> un espacio tranquilo dentro de los jardines pensado para personas neurodivergentes y para quienes buscan un ambiente relajado.<\/p>\n<ul>\n<li>D\u00eda y lugar: s\u00e1bado 27 de septiembre, de 11.00 a 14.00 horas y de 16.00 a 19.00 horas, y domingo 28 de septiembre, de 11.00 a 14.00 horas, en los jardines de Joan Maragall, en el Palacete Alb\u00e9niz.<\/li>\n<li>Medidas de accesibilidad: sesiones relajadas, aforo controlado y prioridad de acceso para personas neurodivergentes.<\/li>\n<li>Puedes consultar <a href=\"https:\/\/media-edg.barcelona.cat\/wp-content\/uploads\/2024\/09\/25122704\/Anticipacio-Festa-Merce_PalauAlbeniz_CAT.pdf\" rel=\"nofollow noopener\" target=\"_blank\">la gu\u00eda cognitivamente accesible del Palacete Alb\u00e9niz en este enlace<\/a>. Contiene informaci\u00f3n y recomendaciones sobre las actividades familiares y tradicionales para facilitar la visita y la participaci\u00f3n en estos espacios.<\/li>\n<\/ul>\n<p><strong>Cabalgata de La Merc\u00e8:<\/strong> gran jornada festiva con todas las colles geganteres de la ciudad y sus figuras, con bailes y coreograf\u00edas propias en la calle.<\/p>\n<ul>\n<li>El mi\u00e9rcoles 24 de septiembre, de 18.00 a 21.00 horas, empieza en la plaza de Catalunya y acaba en la plaza de Sant Jaume.<\/li>\n<li>Medidas de accesibilidad: se recomienda el uso de cascos antirruido para personas con sensibilidad auditiva. Tambi\u00e9n puedes consultar las dos gu\u00edas anticipadas cognitivamente accesibles para menores con TEA: para <a href=\"https:\/\/media-edg.barcelona.cat\/wp-content\/uploads\/2025\/09\/18101957\/Anticipacio-MostraGegants_CAT_final-1.pdf\" rel=\"nofollow noopener\" target=\"_blank\">la muestra de los gigantes<\/a> y para <a href=\"https:\/\/media-edg.barcelona.cat\/wp-content\/uploads\/2025\/09\/18102001\/Anticipacio-Cavalcada-Gegants_CAT_final-1.pdf\" rel=\"nofollow noopener\" target=\"_blank\">la cabalgata<\/a>.<\/li>\n<\/ul>\n<p><strong>Otras actividades accesibles para todo el mundo<\/strong><\/p>\n<p>La programaci\u00f3n de este a\u00f1o tambi\u00e9n incluye espect\u00e1culos que adoptan medidas de accesibilidad, como sesiones relajadas y espacios reservados para personas con movilidad reducida, como el espect\u00e1culo El lloc del desig, de teatro visual y m\u00fasica en directo, en el que el p\u00fablico viaja por diferentes espacios con dibujos y sonidos y participa activamente en la funci\u00f3n y en un peque\u00f1o taller final.<\/p>\n<p>Tambi\u00e9n hay talleres inclusivos dirigidos a todos los p\u00fablicos, pensados para favorecer la participaci\u00f3n de todas las personas. Destaca el taller de danza inclusiva RO-TES, dirigido especialmente a las personas con movilidad reducida que van en silla de ruedas\u2026 y quieren bailar.<\/p>\n<p>Por otra parte, habr\u00e1 instalaciones art\u00edsticas y l\u00fadicas que incorporan medidas de accesibilidad, como sesiones relajadas y espacios reservados para personas con movilidad reducida. La instalaci\u00f3n musical \u201cChaos Lab\u201d llama especialmente la atenci\u00f3n, ya que se trata de un espacio para escuchar y jugar con instrumentos que hacen sonidos especiales cambi\u00e1ndolos con pedales de efecto para crear diferentes paisajes sonoros.<\/p>\n<p>Consulta todos los espect\u00e1culos accesibles en el <a href=\"https:\/\/www.barcelona.cat\/lamerce\/es\/accesibilidad\" rel=\"nofollow noopener\" target=\"_blank\">web del Ayuntamiento de Barcelona<\/a>.<\/p>\n<p>Consulta el programa completo de La Merc\u00e8 2025 en el <a href=\"https:\/\/www.barcelona.cat\/lamerce\/es\/programa\" rel=\"nofollow noopener\" target=\"_blank\">web del Ayuntamiento de Barcelona<\/a> para descubrir todas las actividades accesibles.<\/p>\n","protected":false},"excerpt":{"rendered":"La Fiesta Mayor de Barcelona llega del 23 al 28 de septiembre con una programaci\u00f3n llena de actividades&hellip;\n","protected":false},"author":2,"featured_media":131877,"comment_status":"","ping_status":"","sticky":false,"template":"","format":"standard","meta":{"footnotes":""},"categories":[91],"tags":[146,147,25,24,8408,23],"class_list":{"0":"post-131876","1":"post","2":"type-post","3":"status-publish","4":"format-standard","5":"has-post-thumbnail","7":"category-entretenimiento","8":"tag-entertainment","9":"tag-entretenimiento","10":"tag-es","11":"tag-espana","12":"tag-info-barcelona","13":"tag-spain"},"share_on_mastodon":{"url":"","error":""},"_links":{"self":[{"href":"https:\/\/www.europesays.com\/es\/wp-json\/wp\/v2\/posts\/131876","targetHints":{"allow":["GET"]}}],"collection":[{"href":"https:\/\/www.europesays.com\/es\/wp-json\/wp\/v2\/posts"}],"about":[{"href":"https:\/\/www.europesays.com\/es\/wp-json\/wp\/v2\/types\/post"}],"author":[{"embeddable":true,"href":"https:\/\/www.europesays.com\/es\/wp-json\/wp\/v2\/users\/2"}],"replies":[{"embeddable":true,"href":"https:\/\/www.europesays.com\/es\/wp-json\/wp\/v2\/comments?post=131876"}],"version-history":[{"count":0,"href":"https:\/\/www.europesays.com\/es\/wp-json\/wp\/v2\/posts\/131876\/revisions"}],"wp:featuredmedia":[{"embeddable":true,"href":"https:\/\/www.europesays.com\/es\/wp-json\/wp\/v2\/media\/131877"}],"wp:attachment":[{"href":"https:\/\/www.europesays.com\/es\/wp-json\/wp\/v2\/media?parent=131876"}],"wp:term":[{"taxonomy":"category","embeddable":true,"href":"https:\/\/www.europesays.com\/es\/wp-json\/wp\/v2\/categories?post=131876"},{"taxonomy":"post_tag","embeddable":true,"href":"https:\/\/www.europesays.com\/es\/wp-json\/wp\/v2\/tags?post=131876"}],"curies":[{"name":"wp","href":"https:\/\/api.w.org\/{rel}","templated":true}]}}