{"id":131889,"date":"2025-09-22T13:55:08","date_gmt":"2025-09-22T13:55:08","guid":{"rendered":"https:\/\/www.europesays.com\/es\/131889\/"},"modified":"2025-09-22T13:55:08","modified_gmt":"2025-09-22T13:55:08","slug":"roca-rey-10-anos-de-alternativa","status":"publish","type":"post","link":"https:\/\/www.europesays.com\/es\/131889\/","title":{"rendered":"Roca Rey: 10 a\u00f1os de alternativa"},"content":{"rendered":"<p>Cerrando el c\u00edrculo iniciado hace una d\u00e9cada sobre la arena romana de Nimes, Andr\u00e9s Roca Rey volvi\u00f3 al sur de Francia para celebrar su aniversario como matador de toros, h\u00e9roe tr\u00e1gico y pol\u00e9mico de una modernidad proclive a lo contrario, la simulaci\u00f3n. Volvi\u00f3 como la figura del toreo en que se ha convertido. Categor\u00eda que supone escuchar el susurro de la muerte como modo de vida mientras se intenta danzar con una bestia salvaje.<\/p>\n<p>Son 10 a\u00f1os que se dicen r\u00e1pido, pero que ha costado vivirlos seg\u00fan la intensidad que demanda el toro. En el camino que hay entre los sue\u00f1os del ni\u00f1o que toreaba reses invisibles en plazas imaginarias al figur\u00f3n taurino que se ech\u00f3 una fiesta languideciente a la espalda para abrirse camino entre nuevas generaciones, Roca Rey ha dejado la piel, literalmente hablando. Sus huesos, articulaciones y tendones han sido reseteados por la furia de los toros. Han sido parte del sacrificio pagano en carne que ha puesto el nombre del Per\u00fa, casi siempre con admiraci\u00f3n y a veces con envidia, en la cumbre de la tauromaquia mundial.<\/p>\n<p>Su presentaci\u00f3n de aniversario en Nimes fue agridulce y al mismo tiempo celebratoria de su val\u00eda. La blanquirroja dispuesta sobre la estatua de Nime\u00f1o II, rey torero local que gobierna la entrada a la arena, hablaba de la expectativa reinante. Dentro del majestuoso coliseo romano el p\u00fablico estaba predispuesto al homenaje. Pero un primer toro ins\u00edpido y maligno, designio de la naturaleza, frustr\u00f3 la ilusi\u00f3n primera.<\/p>\n<p>El segundo en suerte, un toro bravo de Jandilla casi del mismo color de la arena llamado Truchero, permiti\u00f3 demostrar la exigencia, poder y arte que supone el toreo de Roca Rey. La fortaleza del animal qued\u00f3 confirmada cuando atropell\u00f3 al picador y su cabalgadura contra las tablas, haci\u00e9ndolo volar con destino incierto pero golpe seguro. Luego Roca Rey despleg\u00f3 su muleta, hipnotizando al toro en terrenos imposibles de ser compartidos entre torero y toro, pero que su destreza hace suponer normales.<\/p>\n<p>Ambos se enfrascaron en una coregograf\u00eda que parec\u00eda ensayada, naturalidad fruto del entendimiento cabal del esp\u00edritu del toro bravo, el que lucha a muerte por su vida. La faena avizoraba un rabo como trofeo mayor. Llegada la hora de la verdad los tendidos, tan sometidos al torero tal como lo estaba el toro, ped\u00edan el indulto del noble animal, dese\u00e1ndole un destino de semental reproductor de lo m\u00e1s digno del ganado de lidia: la bravura sin rendici\u00f3n.<\/p>\n<p>La presidencia pas\u00f3 por alto la demanda en un acto de arrogancia parecido a la torpeza. Andr\u00e9s no concedi\u00f3 a la facilidad populista, no aprovechando el requerimiento que le aseguraba el triunfo sin pasar por la espada. La consumaci\u00f3n de triunfo se frust\u00f3 en la espada. El p\u00fablico, reparando parcialmente el destino, pidi\u00f3 que diese la vuelta al ruedo tras algunos intentos de descabello. El declin\u00f3, saludando una ovaci\u00f3n con honesto tono de reconocimiento.<\/p>\n<p>Pero ni la vida ni el toreo acaban a\u00fan. Todav\u00eda no. Roca Rey tiene que estar contando las corridas que le faltan para volver a su tierra, a su plaza, a encerrarse en solitario frente a seis toros como confirmaci\u00f3n de una voluntad definitiva: la vida se entrega a lo que uno m\u00e1s quiere. Cualquier otra opci\u00f3n es vivir en vano. Ser\u00e1 en noviembre. Ser\u00e1 en Acho.<\/p>\n<p style=\"-webkit-text-stroke-width:0px;background-color:rgb(255, 255, 255);box-sizing:border-box;color:rgb(33, 37, 41);font-family:Lato;font-size:22px;font-style:normal;font-variant-caps:normal;font-variant-ligatures:normal;font-weight:400;letter-spacing:normal;margin-bottom:1rem;margin-top:0px;orphans:2;text-align:start;text-decoration-color:initial;text-decoration-style:initial;text-decoration-thickness:initial;text-indent:0px;text-transform:none;white-space:normal;widows:2;word-spacing:0px;\"><strong style=\"-webkit-text-stroke-width:0px;background-color:rgb(255, 255, 255);box-sizing:border-box;color:rgb(33, 37, 41);font-family:Lato;font-size:22px;font-style:normal;font-variant-caps:normal;font-variant-ligatures:normal;font-weight:bolder;letter-spacing:normal;orphans:2;text-align:start;text-decoration-color:initial;text-decoration-style:initial;text-decoration-thickness:initial;text-indent:0px;text-transform:none;white-space:normal;widows:2;word-spacing:0px;\">Recibe tu Per\u00fa21 por correo electr\u00f3nico o por WhatsApp. Suscr\u00edbete a nuestro peri\u00f3dico digital enriquecido. Aprovecha los descuentos<\/strong><a style=\"-webkit-text-stroke-width:0px;background-color:rgb(255, 255, 255);box-sizing:border-box;color:rgb(0, 60, 197);font-family:Lato;font-size:22px;font-style:normal;font-variant-caps:normal;font-variant-ligatures:normal;font-weight:400;letter-spacing:normal;orphans:2;text-align:start;text-decoration:underline;text-indent:0px;text-transform:none;white-space:normal;widows:2;word-spacing:0px;\" href=\"https:\/\/epaper.peru21.pe\/promociones\/\" rel=\"nofollow noopener\" target=\"_blank\"><strong style=\"box-sizing:border-box;font-weight:bolder;\"> aqu\u00ed<\/strong><\/a><strong style=\"-webkit-text-stroke-width:0px;background-color:rgb(255, 255, 255);box-sizing:border-box;color:rgb(33, 37, 41);font-family:Lato;font-size:22px;font-style:normal;font-variant-caps:normal;font-variant-ligatures:normal;font-weight:bolder;letter-spacing:normal;orphans:2;text-align:start;text-decoration-color:initial;text-decoration-style:initial;text-decoration-thickness:initial;text-indent:0px;text-transform:none;white-space:normal;widows:2;word-spacing:0px;\">. \u00a0<\/strong><\/p>\n<p><strong style=\"box-sizing:border-box;font-weight:bolder;\">VIDEO RECOMENDADO<\/strong><\/p>\n","protected":false},"excerpt":{"rendered":"Cerrando el c\u00edrculo iniciado hace una d\u00e9cada sobre la arena romana de Nimes, Andr\u00e9s Roca Rey volvi\u00f3 al&hellip;\n","protected":false},"author":2,"featured_media":131890,"comment_status":"","ping_status":"","sticky":false,"template":"","format":"standard","meta":{"footnotes":""},"categories":[277],"tags":[25881,373,168,25,24,23,167,374],"class_list":{"0":"post-131889","1":"post","2":"type-post","3":"status-publish","4":"format-standard","5":"has-post-thumbnail","7":"category-toreo","8":"tag-acho","9":"tag-bullfighting","10":"tag-deportes","11":"tag-es","12":"tag-espana","13":"tag-spain","14":"tag-sports","15":"tag-toreo"},"share_on_mastodon":{"url":"","error":""},"_links":{"self":[{"href":"https:\/\/www.europesays.com\/es\/wp-json\/wp\/v2\/posts\/131889","targetHints":{"allow":["GET"]}}],"collection":[{"href":"https:\/\/www.europesays.com\/es\/wp-json\/wp\/v2\/posts"}],"about":[{"href":"https:\/\/www.europesays.com\/es\/wp-json\/wp\/v2\/types\/post"}],"author":[{"embeddable":true,"href":"https:\/\/www.europesays.com\/es\/wp-json\/wp\/v2\/users\/2"}],"replies":[{"embeddable":true,"href":"https:\/\/www.europesays.com\/es\/wp-json\/wp\/v2\/comments?post=131889"}],"version-history":[{"count":0,"href":"https:\/\/www.europesays.com\/es\/wp-json\/wp\/v2\/posts\/131889\/revisions"}],"wp:featuredmedia":[{"embeddable":true,"href":"https:\/\/www.europesays.com\/es\/wp-json\/wp\/v2\/media\/131890"}],"wp:attachment":[{"href":"https:\/\/www.europesays.com\/es\/wp-json\/wp\/v2\/media?parent=131889"}],"wp:term":[{"taxonomy":"category","embeddable":true,"href":"https:\/\/www.europesays.com\/es\/wp-json\/wp\/v2\/categories?post=131889"},{"taxonomy":"post_tag","embeddable":true,"href":"https:\/\/www.europesays.com\/es\/wp-json\/wp\/v2\/tags?post=131889"}],"curies":[{"name":"wp","href":"https:\/\/api.w.org\/{rel}","templated":true}]}}