{"id":13190,"date":"2025-07-30T04:53:09","date_gmt":"2025-07-30T04:53:09","guid":{"rendered":"https:\/\/www.europesays.com\/es\/13190\/"},"modified":"2025-07-30T04:53:09","modified_gmt":"2025-07-30T04:53:09","slug":"mikel-iturriaga-contundente-con-dabiz-munoz-tras-escuchar-sus-palabras-sobre-la-comida-ultraprocesada-mal-camino-llevas","status":"publish","type":"post","link":"https:\/\/www.europesays.com\/es\/13190\/","title":{"rendered":"Mikel Iturriaga, contundente con Dabiz Mu\u00f1oz tras escuchar sus palabras sobre la comida ultraprocesada: \u00abMal camino llevas\u00bb"},"content":{"rendered":"<p>29\/07\/2025<br \/>\n<br \/><strong><br \/>\nActualizado a las 13:08h.<br \/>\n<\/strong><\/p>\n<p class=\"voc-p\" style=\"\">La <a href=\"https:\/\/www.abc.es\/sevilla\/salud\/nutricionista-pablo-ojeda-explica-pasa-cuerpo-dejamos-20250725142231-nts.html\" title=\"www.abc.es\" data-voc-vtm-id=\"in-text-traffic\" data-mrf-link=\"www.abc.es\" rel=\"nofollow noopener\" target=\"_blank\">alimentaci\u00f3n<\/a> es uno de los pilares fundamentales de nuestra salud. Comer sano y variado con productos que aporten los nutrientes esenciales para poder afrontar el d\u00eda a d\u00eda, pero tambi\u00e9n para evitar problemas futuros.<\/p>\n<p class=\"voc-p\" style=\"\">Cada vez m\u00e1s se insiste en la necesidad de comer productos de calidad y de evitar, por ejemplo, los <strong>ultraprocesados<\/strong>. En 2024 <strong>Dabiz Mu\u00f1oz<\/strong> fue a &#8216;El Hormiguero&#8217; y Pablo Motos le pregunt\u00f3 sobre el men\u00fa que le prepara a su hija.<\/p>\n<p class=\"voc-p\" style=\"\">El prestigioso chef <a href=\"https:\/\/www.abc.es\/play\/television\/noticias\/dabiz-munoz-desmonta-reproche-dieta-pablo-motos-20240425231655-nt.html\" title=\"www.abc.es\" data-voc-vtm-id=\"in-text-traffic\" data-mrf-link=\"www.abc.es\" rel=\"nofollow noopener\" target=\"_blank\">abog\u00f3 por la alimentaci\u00f3n de calidad<\/a> y carg\u00f3 contra los ultraprocesados: \u00ab<strong>Nunca le voy a dar boller\u00eda industrial<\/strong>, no le voy a dar nunca alimento ultraprocesado ni alimento con aditivos\u00bb.<\/p>\n<p class=\"voc-p\" style=\"\">Estas palabras ya generaron pol\u00e9mica en su momento debido, por ejemplo, a que el cocinero ha promocionado hamburguesas de una cada de comida r\u00e1pida o publicidad de una marca de boller\u00eda industrial, entre otros productos.<\/p>\n<p>\nMikel L\u00f3pez Iturriga, claro con las palabras de Dabiz Mu\u00f1oz\n<\/p>\n<p class=\"voc-p\" style=\"\">En el podcast &#8216;A pachas&#8217; han rescatado estas declaraciones de Dabiz Mu\u00f1oz y hablaron sobre ellas con el periodista gastron\u00f3mico <strong>Mikel L\u00f3pez Iturriaga<\/strong> que ha expresado su opini\u00f3n de una manera muy clara.<\/p>\n<p class=\"voc-p\" style=\"\">\u00abEs tan <strong>flagrante la contradicci\u00f3n<\/strong> en la que caes\u00bb, ha se\u00f1alado el periodista. Para \u00e9l, el chef est\u00e1 dando un discurso que no le parece \u00abmuy correcto\u00bb. \u00abEsto de no, no, no&#8230; yo es que no doy a mis hijos nunca ni ultraprocesados ni aditivos o sea con esta cosa un poco quimiof\u00f3bica rara&#8230;\u00bb, ha mostrado sus dudas L\u00f3pez Iturriaga.<\/p>\n<p class=\"voc-p\" style=\"\">Considera adem\u00e1s que \u00absi a tus hijos les empiezas a dar la turra con que no coman ultraprocesados <strong>mal camino llevas porque a los ni\u00f1os no hay que meterles ese rollo en la cabeza<\/strong> de lo que es bueno y lo que es malo con la comida porque ya sabemos en qu\u00e9 acaban estas cosas\u00bb.<\/p>\n<p class=\"voc-title\">\u00abSi a tus hijos les empiezas a dar la turra con que no coman ultraprocesados mal camino llevas\u00bb<\/p>\n<p class=\"voc-p\" style=\"\">En este sentido, el periodista, ha se\u00f1alado que es bueno trasladar el mensaje de que <strong>\u00abcuanto menos ultraprocesados comas mejor\u00bb<\/strong>, pero ha insistido en que<strong> no se puede criminalizar o culpar<\/strong> \u00aba la gente que da ultraprocesados a sus hijos porque o no puede darle otra cosa o no ha tenido la educaci\u00f3n alimentaria que has tenido t\u00fa\u00bb.<\/p>\n<p class=\"voc-p\" style=\"\">Estas palabras tambi\u00e9n han generado diversidad de opiniones. Est\u00e1n quienes opinan que \u00abel dinero es el dinero\u00bb y no creen que caiga en contradicci\u00f3n porque no d\u00e1rselo a tus hijos no implica no poder hacer negocio.<\/p>\n<p class=\"voc-p\" style=\"\">Por otro lado, est\u00e1n quienes se muestran de acuerdo con Mikel L\u00f3pez Iturriagan y consideran que personalidades as\u00ed deben actuar en consecuencia con sus palabras.<\/p>\n<p>Reportar un error<\/p>\n","protected":false},"excerpt":{"rendered":"29\/07\/2025 Actualizado a las 13:08h. La alimentaci\u00f3n es uno de los pilares fundamentales de nuestra salud. Comer sano&hellip;\n","protected":false},"author":2,"featured_media":13191,"comment_status":"","ping_status":"","sticky":false,"template":"","format":"standard","meta":{"footnotes":""},"categories":[81],"tags":[5141,119,123,124,8971,346,9032,25,6947,24,9031,9034,4627,5484,8360,1298,117,121,122,57,23,118,120,575,9033],"class_list":{"0":"post-13190","1":"post","2":"type-post","3":"status-publish","4":"format-standard","5":"has-post-thumbnail","7":"category-ciencia-y-tecnologia","8":"tag-camino","9":"tag-ciencia","10":"tag-ciencia-y-tecnologia","11":"tag-cienciaytecnologia","12":"tag-comida","13":"tag-contundente","14":"tag-dabiz","15":"tag-es","16":"tag-escuchar","17":"tag-espana","18":"tag-iturriaga","19":"tag-llevas","20":"tag-mal","21":"tag-mikel","22":"tag-munoz","23":"tag-palabras","24":"tag-science","25":"tag-science-and-technology","26":"tag-scienceandtechnology","27":"tag-sobre","28":"tag-spain","29":"tag-technology","30":"tag-tecnologia","31":"tag-tras","32":"tag-ultraprocesada"},"share_on_mastodon":{"url":"","error":""},"_links":{"self":[{"href":"https:\/\/www.europesays.com\/es\/wp-json\/wp\/v2\/posts\/13190","targetHints":{"allow":["GET"]}}],"collection":[{"href":"https:\/\/www.europesays.com\/es\/wp-json\/wp\/v2\/posts"}],"about":[{"href":"https:\/\/www.europesays.com\/es\/wp-json\/wp\/v2\/types\/post"}],"author":[{"embeddable":true,"href":"https:\/\/www.europesays.com\/es\/wp-json\/wp\/v2\/users\/2"}],"replies":[{"embeddable":true,"href":"https:\/\/www.europesays.com\/es\/wp-json\/wp\/v2\/comments?post=13190"}],"version-history":[{"count":0,"href":"https:\/\/www.europesays.com\/es\/wp-json\/wp\/v2\/posts\/13190\/revisions"}],"wp:featuredmedia":[{"embeddable":true,"href":"https:\/\/www.europesays.com\/es\/wp-json\/wp\/v2\/media\/13191"}],"wp:attachment":[{"href":"https:\/\/www.europesays.com\/es\/wp-json\/wp\/v2\/media?parent=13190"}],"wp:term":[{"taxonomy":"category","embeddable":true,"href":"https:\/\/www.europesays.com\/es\/wp-json\/wp\/v2\/categories?post=13190"},{"taxonomy":"post_tag","embeddable":true,"href":"https:\/\/www.europesays.com\/es\/wp-json\/wp\/v2\/tags?post=13190"}],"curies":[{"name":"wp","href":"https:\/\/api.w.org\/{rel}","templated":true}]}}