{"id":131907,"date":"2025-09-22T14:07:21","date_gmt":"2025-09-22T14:07:21","guid":{"rendered":"https:\/\/www.europesays.com\/es\/131907\/"},"modified":"2025-09-22T14:07:21","modified_gmt":"2025-09-22T14:07:21","slug":"leyendas-del-rock-cartel-actualizado-a-la-fecha","status":"publish","type":"post","link":"https:\/\/www.europesays.com\/es\/131907\/","title":{"rendered":"LEYENDAS DEL ROCK &#8211; Cartel actualizado a la fecha ."},"content":{"rendered":"<p>\u00a0<\/p>\n<p><strong>LEYENDAS DEL ROCK \u2013 Cartel actualizado a la fecha . <\/strong><br \/>\n<img fetchpriority=\"high\" decoding=\"async\" src=\"https:\/\/www.europesays.com\/es\/wp-content\/uploads\/2025\/09\/primer_cartel500x267.jpg\" alt=\"LEYENDAS\" width=\"500\" height=\"267\"\/><\/p>\n<p>Nos llega el cartel actualizado, a la fecha, del <strong><a href=\"https:\/\/www.leyendasdelrockfestival.com\/\" target=\"_blank\" rel=\"noopener nofollow\"><strong>LEYENDAS DEL ROCK<\/strong><\/a><\/strong><\/p>\n<p><img loading=\"lazy\" decoding=\"async\" src=\"https:\/\/www.europesays.com\/es\/wp-content\/uploads\/2025\/09\/cartel_act19sep.jpg\" alt=\"LEYENDAS\" width=\"500\" height=\"625\"\/><\/p>\n<p>Las bandas confirmadas para la edici\u00f3n 2026, de momento, son:<\/p>\n<ul>\n<li><strong>HELLOWEEN<\/strong>\u00a0(40\u00ba aniversario),<\/li>\n<li><strong>IN FLAMES<\/strong>\u00a0(Festival exclusivo en Espa\u00f1a),<strong>\u00a0<\/strong><\/li>\n<li><strong>SLAUGHTER TO PREVAIL<\/strong>\u00a0(Festival exclusivo en Espa\u00f1a),<\/li>\n<li><strong>GODSMACK<\/strong>\u00a0(Por primera vez en Espa\u00f1a),<\/li>\n<li><strong>WARCRY<\/strong>\u00a0(Festival exclusivo en Espa\u00f1a),<\/li>\n<li><strong>SEPULTURA<\/strong>\u00a0(\u00daltimo show de despedida en Espa\u00f1a),<\/li>\n<li><strong>NOTHING MORE<\/strong>,<\/li>\n<li><strong>DEICIDE<\/strong>,<\/li>\n<li><strong>DARK TRANQUILLITY<\/strong>,<\/li>\n<li><strong>OF MICE &amp; MEN<\/strong>,<\/li>\n<li><strong>MUSHROOMHEAD<\/strong>,<\/li>\n<li><strong>EIHWAR<\/strong>,<\/li>\n<li><strong>CHEZ KANE<\/strong>,<\/li>\n<li><strong>DARK MOOR<\/strong>,<\/li>\n<li><strong>HARDLINE<\/strong><\/li>\n<li><strong>LATZEN<\/strong><\/li>\n<li><strong>HEAVEN SHALL BURN<\/strong><\/li>\n<li><strong>SAVATAGE<\/strong>\u00a0 actuaci\u00f3n exclusiva en Espa\u00f1a<\/li>\n<li><strong>BLACK LABEL SOCIETY<\/strong><\/li>\n<li><strong>SAUROM<\/strong><\/li>\n<li><strong>SARATOGA<\/strong><\/li>\n<li><strong>CABAL<\/strong><\/li>\n<li><strong>THE BABOON SHOW <\/strong><\/li>\n<li><strong>CHELSEA GRIN <\/strong><\/li>\n<li><strong>TEN56<\/strong><\/li>\n<li><strong>NORTHLANE <\/strong><\/li>\n<li><strong>ORBIT CULTURE <\/strong><\/li>\n<\/ul>\n<p><strong><a href=\"https:\/\/www.leyendasdelrockfestival.com\/\" target=\"_blank\" rel=\"noopener nofollow\"><strong>LEYENDAS DEL ROCK<\/strong><\/a><\/strong> hace unos d\u00edas confirm\u00f3 a:<\/p>\n<p style=\"text-align: center;\"><strong>SAUROM<\/strong><\/p>\n<p><img loading=\"lazy\" decoding=\"async\" src=\"https:\/\/www.europesays.com\/es\/wp-content\/uploads\/2025\/09\/saurom.jpg\" alt=\"RAMMSTEIN\" width=\"500\" height=\"625\"\/><\/p>\n<p style=\"text-align: center;\"><strong>SARATOGA<\/strong><\/p>\n<p><img loading=\"lazy\" decoding=\"async\" src=\"https:\/\/www.europesays.com\/es\/wp-content\/uploads\/2025\/09\/saratoga.jpg\" alt=\"LEYENDAS\" width=\"500\" height=\"625\"\/><\/p>\n<p><strong>CABAL <\/strong><\/p>\n<p>Desde Dinamarca, una de las bandas m\u00e1s oscuras y pesadas de la escena moderna. Con su Deathcore cargado de atm\u00f3sferas opresivas, riffs aplastantes y voces desgarradoras, ofrecer\u00e1n un directo impactante a la vez que terror\u00edfico. Para fans de: THY ART IS MURDER, SLAUGTHER TO PREVAIL, HUMANITY\u2019S LAST BREATH.<\/p>\n<p><strong>THE BABOON SHOW <\/strong><\/p>\n<p>Con su Punk Rock directo, en\u00e9rgico y combativo, los de Cecilia Bostr\u00f6m no dejar\u00e1n a nadie indiferente.<br \/>Cada concierto suyo es una aut\u00e9ntica explosi\u00f3n de actitud y conexi\u00f3n con el p\u00fablico, donde nadie puede quedarse quieto.<br \/>Para fans de: THE INTERRUPTERS, DROPKICK MURPHYS, THE OFFSPRING.<\/p>\n<p><strong>CHELSEA GRIN <\/strong><\/p>\n<p>La banda americana liderada por el ex-LORNA SHORE, Tom Barber, llega por primera vez a Villena despu\u00e9s de mucho tiempo sin pisar Espa\u00f1a para ofrecer un show lleno de brutalidad, metal extremo y mosh-pits.<br \/>Para fans de: LORNA SHORE, SUICIDE SILENCE, WHITECHAPEL<\/p>\n<p><strong>TEN56<\/strong><\/p>\n<p>Los nuevos reyes del Nu-Hardcore, TEN56. llegan por primera vez a Leyendas del Rock para no perderse el XX Aniversario<br \/>Una descarga de intensidad pura, con breakdowns que har\u00e1n temblar el escenario de Villena.<br \/>Para fans de: ALPHA WOLF, THROWN, EMMURE<\/p>\n<p><strong>NORTHLANE <\/strong><\/p>\n<p>Con un sonido innovador que fusiona Metalcore, Djent y Electr\u00f3nica, NORTHLANE se ha consolidado como una de las bandas m\u00e1s influyentes de la escena moderna.<br \/>Para fans de: ARCHITECTS, SPIRITBOX, la pel\u00edcula Matrix.<\/p>\n<p><strong>ORBIT CULTURE <\/strong><\/p>\n<p>Matt Heafy de TRIVIUM: \u00abOrbit Culture ser\u00e1 una banda de metal de estadio\u2026 Recordad mis palabras.\u00bb<br \/>Sobran las descripciones, ORBIT CULTURE se ha posicionado como LA banda actual a tener en cuenta a nivel mundial.<br \/>Para fans de: GOJIRA, IN FLAMES, TRIVIUM.<\/p>\n<p>\u00a0<\/p>\n<p style=\"text-align: center;\"><strong>5-6-7-8 agosto 2026 \u2013 Villena, Alicante (Espa\u00f1a)<br \/>Entradas ya a la venta en <a href=\"https:\/\/www.leyendasdelrockfestival.com\/tickets\/\" target=\"_blank\" rel=\"noopener nofollow\">leyendasdelrockfestival.com<\/a><\/strong><\/p>\n<p>\u00a0<\/p>\n<p>\u00a0<\/p>\n<p>\u00a0<\/p>\n","protected":false},"excerpt":{"rendered":"\u00a0 LEYENDAS DEL ROCK \u2013 Cartel actualizado a la fecha . Nos llega el cartel actualizado, a la&hellip;\n","protected":false},"author":2,"featured_media":131908,"comment_status":"","ping_status":"","sticky":false,"template":"","format":"standard","meta":{"footnotes":""},"categories":[170],"tags":[146,147,25,24,18289,184,185,23],"class_list":{"0":"post-131907","1":"post","2":"type-post","3":"status-publish","4":"format-standard","5":"has-post-thumbnail","7":"category-musica","8":"tag-entertainment","9":"tag-entretenimiento","10":"tag-es","11":"tag-espana","12":"tag-leyendas-del-rock","13":"tag-music","14":"tag-musica","15":"tag-spain"},"share_on_mastodon":{"url":"","error":""},"_links":{"self":[{"href":"https:\/\/www.europesays.com\/es\/wp-json\/wp\/v2\/posts\/131907","targetHints":{"allow":["GET"]}}],"collection":[{"href":"https:\/\/www.europesays.com\/es\/wp-json\/wp\/v2\/posts"}],"about":[{"href":"https:\/\/www.europesays.com\/es\/wp-json\/wp\/v2\/types\/post"}],"author":[{"embeddable":true,"href":"https:\/\/www.europesays.com\/es\/wp-json\/wp\/v2\/users\/2"}],"replies":[{"embeddable":true,"href":"https:\/\/www.europesays.com\/es\/wp-json\/wp\/v2\/comments?post=131907"}],"version-history":[{"count":0,"href":"https:\/\/www.europesays.com\/es\/wp-json\/wp\/v2\/posts\/131907\/revisions"}],"wp:featuredmedia":[{"embeddable":true,"href":"https:\/\/www.europesays.com\/es\/wp-json\/wp\/v2\/media\/131908"}],"wp:attachment":[{"href":"https:\/\/www.europesays.com\/es\/wp-json\/wp\/v2\/media?parent=131907"}],"wp:term":[{"taxonomy":"category","embeddable":true,"href":"https:\/\/www.europesays.com\/es\/wp-json\/wp\/v2\/categories?post=131907"},{"taxonomy":"post_tag","embeddable":true,"href":"https:\/\/www.europesays.com\/es\/wp-json\/wp\/v2\/tags?post=131907"}],"curies":[{"name":"wp","href":"https:\/\/api.w.org\/{rel}","templated":true}]}}