{"id":131919,"date":"2025-09-22T14:13:07","date_gmt":"2025-09-22T14:13:07","guid":{"rendered":"https:\/\/www.europesays.com\/es\/131919\/"},"modified":"2025-09-22T14:13:07","modified_gmt":"2025-09-22T14:13:07","slug":"esta-nueva-funcion-de-orange-te-ahorrara-un-sinfin-de-llamadas-spam","status":"publish","type":"post","link":"https:\/\/www.europesays.com\/es\/131919\/","title":{"rendered":"Esta nueva funci\u00f3n de Orange te ahorrar\u00e1 un sinf\u00edn de llamadas spam"},"content":{"rendered":"<p><a title=\"Orange\" href=\"https:\/\/www.larazon.es\/tags\/orange-1\" target=\"_blank\" rel=\"nofollow noopener\">Orange<\/a> incorporar\u00e1 una nueva herramienta para sus clientes m\u00f3viles a partir de octubre sin coste adicional. Se trata de &#8216;Llamada visible&#8217;, un servicio que <b>mostrar\u00e1 en pantalla la identidad de la empresa que contacta con el usuario<\/b>, incluso si el n\u00famero no est\u00e1 guardado en la agenda. Con esta medida, la <a title=\"operadora\" href=\"https:\/\/www.larazon.es\/tags\/operadoras-1\" target=\"_blank\" rel=\"nofollow noopener\">operadora<\/a> busca aportar m\u00e1s transparencia a las llamadas entrantes y evitar la confusi\u00f3n habitual con los n\u00fameros desconocidos.<\/p>\n<p>La compa\u00f1\u00eda <b>desplegar\u00e1 esta funci\u00f3n de manera autom\u00e1tica <\/b>en los dispositivos compatibles. Su puesta en marcha no requiere de ninguna acci\u00f3n por parte del cliente, m\u00e1s all\u00e1 de disponer de un terminal con tecnolog\u00eda VoLTE activa. De esta forma, se ampl\u00eda la informaci\u00f3n que recibe el usuario en cada llamada y se ofrece una capa extra de control sobre qui\u00e9n est\u00e1 al otro lado de la l\u00ednea.<\/p>\n<p>C\u00f3mo funciona &#8216;Llamada invisible&#8217;<\/p>\n<p>El servicio se basa en la red VoLTE, un est\u00e1ndar que <b>ya est\u00e1 presente en la mayor\u00eda de smartphones actuales<\/b>. Gracias a esta tecnolog\u00eda, la voz se transmite mediante la red 4G en lugar de usar el 3G, lo que permite a\u00f1adir informaci\u00f3n adicional a las llamadas. En este caso, la novedad est\u00e1 en que la pantalla mostrar\u00e1 el nombre de la empresa que est\u00e1 llamando, algo especialmente \u00fatil para filtrar posibles intentos de spam o identificar contactos profesionales al instante.<\/p>\n<p><b>La activaci\u00f3n es autom\u00e1tica<\/b>, de modo que todos los clientes con un smartphone compatible recibir\u00e1n la funcionalidad en cuanto Orange la despliegue. Entre los fabricantes con terminales listos para su uso se encuentran Apple, Samsung, Xiaomi, OPPO, Motorola, Huawei y otros que incorporan VoLTE de serie. As\u00ed, gran parte de la base de clientes de la operadora podr\u00e1 beneficiarse desde el primer d\u00eda sin necesidad de configurar nada en el dispositivo.<\/p>\n<p>Para quienes prefieran no utilizarlo, Orange ha previsto un<b> sistema sencillo de desactivaci\u00f3n<\/b>. Basta con enviar un mensaje por WhatsApp al 653 85 00 85 o llamar directamente al 1470, n\u00fameros de atenci\u00f3n al cliente de Orange, para solicitar la baja de la funci\u00f3n. Si m\u00e1s adelante el usuario cambia de opini\u00f3n, <b>la reactivaci\u00f3n tambi\u00e9n es inmediata y gratuita<\/b>, por lo que no hay limitaciones para alternar entre activado y desactivado seg\u00fan las necesidades de cada persona.<\/p>\n<p>La ventaja llegar\u00e1 a todas las tarifas de Orange con m\u00f3vil, entre las que <b>se encuentran algunas como<\/b>:<\/p>\n<p>Con este movimiento, Orange se suma a la tendencia del sector de ofrecer soluciones que faciliten la gesti\u00f3n de las comunicaciones diarias. Aunque <b>no elimina las llamadas comerciales, s\u00ed permite identificarlas<\/b> de manera m\u00e1s clara, lo que puede marcar la diferencia en un contexto en el que el usuario cada vez exige m\u00e1s control sobre la informaci\u00f3n que recibe.<\/p>\n","protected":false},"excerpt":{"rendered":"Orange incorporar\u00e1 una nueva herramienta para sus clientes m\u00f3viles a partir de octubre sin coste adicional. Se trata&hellip;\n","protected":false},"author":2,"featured_media":131920,"comment_status":"","ping_status":"","sticky":false,"template":"","format":"standard","meta":{"footnotes":""},"categories":[80],"tags":[82,95,94,25,24,23],"class_list":{"0":"post-131919","1":"post","2":"type-post","3":"status-publish","4":"format-standard","5":"has-post-thumbnail","7":"category-economia","8":"tag-business","9":"tag-economia","10":"tag-economy","11":"tag-es","12":"tag-espana","13":"tag-spain"},"share_on_mastodon":{"url":"","error":""},"_links":{"self":[{"href":"https:\/\/www.europesays.com\/es\/wp-json\/wp\/v2\/posts\/131919","targetHints":{"allow":["GET"]}}],"collection":[{"href":"https:\/\/www.europesays.com\/es\/wp-json\/wp\/v2\/posts"}],"about":[{"href":"https:\/\/www.europesays.com\/es\/wp-json\/wp\/v2\/types\/post"}],"author":[{"embeddable":true,"href":"https:\/\/www.europesays.com\/es\/wp-json\/wp\/v2\/users\/2"}],"replies":[{"embeddable":true,"href":"https:\/\/www.europesays.com\/es\/wp-json\/wp\/v2\/comments?post=131919"}],"version-history":[{"count":0,"href":"https:\/\/www.europesays.com\/es\/wp-json\/wp\/v2\/posts\/131919\/revisions"}],"wp:featuredmedia":[{"embeddable":true,"href":"https:\/\/www.europesays.com\/es\/wp-json\/wp\/v2\/media\/131920"}],"wp:attachment":[{"href":"https:\/\/www.europesays.com\/es\/wp-json\/wp\/v2\/media?parent=131919"}],"wp:term":[{"taxonomy":"category","embeddable":true,"href":"https:\/\/www.europesays.com\/es\/wp-json\/wp\/v2\/categories?post=131919"},{"taxonomy":"post_tag","embeddable":true,"href":"https:\/\/www.europesays.com\/es\/wp-json\/wp\/v2\/tags?post=131919"}],"curies":[{"name":"wp","href":"https:\/\/api.w.org\/{rel}","templated":true}]}}