{"id":131921,"date":"2025-09-22T14:14:12","date_gmt":"2025-09-22T14:14:12","guid":{"rendered":"https:\/\/www.europesays.com\/es\/131921\/"},"modified":"2025-09-22T14:14:12","modified_gmt":"2025-09-22T14:14:12","slug":"continuan-los-retrasos-y-cancelaciones-por-el-ciberataque-en-los-aeropuertos-de-londres-berlin-y-bruselas","status":"publish","type":"post","link":"https:\/\/www.europesays.com\/es\/131921\/","title":{"rendered":"Contin\u00faan los retrasos y cancelaciones por el ciberataque en los aeropuertos de Londres, Berl\u00edn y Bruselas"},"content":{"rendered":"<p class=\"article-text\">\n        Los aeropuertos comerciales de Berl\u00edn y Bruselas, y la terminal de Heathrow de Londres, contin\u00faan afectadas por <a href=\"https:\/\/www.eldiario.es\/internacional\/ciberataque-afecta-aeropuertos-europeos-provocando-retrasos-cancelaciones_1_12618332.html\" data-mrf-recirculation=\"links-noticia\" class=\"link\" rel=\"nofollow noopener\" target=\"_blank\">el ciberataque que sufri\u00f3 el viernes Collins Aerospace<\/a>, una compa\u00f1\u00eda que presta servicios de facturaci\u00f3n y de embarque para la mayor\u00eda de vuelos europeos. El ataque inform\u00e1tico, de origen desconocido, ha afectado a decenas de miles de pasajeros. Provoc\u00f3 retrasos y cientos de cancelaciones en los tres aeropuertos. Todos ellos siguen sufriendo demoras y anulaciones de viaje, seg\u00fan han informado las terminales en redes sociales, que han aconsejado a los usuarios que comprueben el estado de su vuelto antes de salir de casa.\n    <\/p>\n<p class=\"article-text\">\n        El aeropuerto de Buselas se vio obligado a cancelar este domingo 44 de los 257 vuelos programados para salir desde la ciudad, adem\u00e1s de otros 28 viajes de llegada, pese a que el aeropuerto de la capital belga despleg\u00f3 a personal adicional. El operador ha solicitado a las compa\u00f1\u00edas a\u00e9reas susppender algunos de los viajes de este lunes y ha avisado a los pasajeros de que las operaciones tambi\u00e9n se van a ver interrumpidas durante el d\u00eda de hoy. \u201cConsulte el estado de su vuelo antes de acudir al aeropuerto\u201d, piden.\n    <\/p>\n<p class=\"article-text\">\n        Mensajes parecidos han publicado los aeropuertos de Londres y Berl\u00edn. \u201cContin\u00faan los trabajos para resolver y recuperarse de la interrupci\u00f3n del sistema de Collins Aerospace que ha afectado la facturaci\u00f3n. Pedimos disculpas a quienes han sufrido retrasos\u201d dicen desde Heathrow. En la terminal londinense agradecen sin embargo la colaboraci\u00f3n a las aerol\u00edneas, que ha permitido seguir operando la mayor\u00eda de vuelos. \u201cRecomendamos a los pasajeros que comprueben el estado de su vuelo antes de viajar a Heathrow y que lleguen no antes de tres horas para vuelos de larga distancia y de dos horas para vuelos de corta distancia\u201d, informan.\n    <\/p>\n<p class=\"article-text\">\n        \u201cEl ciberataque sigue teniendo repercusiones\u201d, comunica el aeropuerto Berl\u00edn-Brandeburgo. \u201cLos pasajeros deber\u00e1n esperar tiempos de espera m\u00e1s largos al comienzo de la semana\u201d, indica.\n    <\/p>\n<p>    <a href=\"https:\/\/www.eldiario.es\/internacional\/ciberataque-afecta-aeropuertos-europeos-provocando-retrasos-cancelaciones_1_12618332.html\" data-mrf-recirculation=\"saber-mas-abajo\" data-dl-event=\"saber-mas-abajo\" rel=\"nofollow noopener\" target=\"_blank\"><\/p>\n<p class=\"know-more__title\">Un ciberataque provoca retrasos y cancelaciones en tres aeropuertos<\/p>\n<p>            <img decoding=\"async\" class=\"lazy\" loading=\"lazy\" data-src=\"https:\/\/static.eldiario.es\/clip\/11d311c9-6538-4408-b12f-133c47b5ad15_16-9-aspect-ratio_default_0.jpg\" src=\"data:image\/svg+xml,%3Csvg xmlns=\" http:=\"\" viewbox=\"0 0 880 495\" alt=\"Un ciberataque provoca retrasos y cancelaciones en los aeropuertos de Heathrow (Reino Unido), Berl\u00edn y Bruselas\"\/><\/p>\n<p>                        <\/a><\/p>\n<p class=\"article-text\">\n        De momento, se ignora el origen del ciberataque, que no ha sido reivindicado. La incidencia en Collins Aerospace supuso que las operaciones de check-in y embarque tuvieran que hacerse de manera manual, lo que origin\u00f3 largas colas en los mostradores de los tres aeropuertos. Al tratarse de un problema de un tercero, sin embargo, el impacto ha sido diferente dentro de cada aer\u00f3dromo y solo hab\u00eda afectado a las aerol\u00edneas que utilizaban el sistema de la empresa afectada.\n    <\/p>\n","protected":false},"excerpt":{"rendered":"Los aeropuertos comerciales de Berl\u00edn y Bruselas, y la terminal de Heathrow de Londres, contin\u00faan afectadas por el&hellip;\n","protected":false},"author":2,"featured_media":131922,"comment_status":"","ping_status":"","sticky":false,"template":"","format":"standard","meta":{"footnotes":""},"categories":[42],"tags":[1161,9495,17,18,2317,42165,32196,21639,13,14,11,61,62,63,64,19,20,7228,9,10,15,16,14406,12,21,22,65,66,67],"class_list":{"0":"post-131921","1":"post","2":"type-post","3":"status-publish","4":"format-standard","5":"has-post-thumbnail","7":"category-internacional","8":"tag-aeropuertos","9":"tag-berlin","10":"tag-breaking-news","11":"tag-breakingnews","12":"tag-bruselas","13":"tag-cancelaciones","14":"tag-ciberataque","15":"tag-continuan","16":"tag-featured-news","17":"tag-featurednews","18":"tag-headlines","19":"tag-internacional","20":"tag-international","21":"tag-international-news","22":"tag-internationalnews","23":"tag-latest-news","24":"tag-latestnews","25":"tag-londres","26":"tag-news","27":"tag-noticias","28":"tag-noticias-destacadas","29":"tag-noticiasdestacadas","30":"tag-retrasos","31":"tag-titulares","32":"tag-ultimas-noticias","33":"tag-ultimasnoticias","34":"tag-world","35":"tag-world-news","36":"tag-worldnews"},"share_on_mastodon":{"url":"","error":""},"_links":{"self":[{"href":"https:\/\/www.europesays.com\/es\/wp-json\/wp\/v2\/posts\/131921","targetHints":{"allow":["GET"]}}],"collection":[{"href":"https:\/\/www.europesays.com\/es\/wp-json\/wp\/v2\/posts"}],"about":[{"href":"https:\/\/www.europesays.com\/es\/wp-json\/wp\/v2\/types\/post"}],"author":[{"embeddable":true,"href":"https:\/\/www.europesays.com\/es\/wp-json\/wp\/v2\/users\/2"}],"replies":[{"embeddable":true,"href":"https:\/\/www.europesays.com\/es\/wp-json\/wp\/v2\/comments?post=131921"}],"version-history":[{"count":0,"href":"https:\/\/www.europesays.com\/es\/wp-json\/wp\/v2\/posts\/131921\/revisions"}],"wp:featuredmedia":[{"embeddable":true,"href":"https:\/\/www.europesays.com\/es\/wp-json\/wp\/v2\/media\/131922"}],"wp:attachment":[{"href":"https:\/\/www.europesays.com\/es\/wp-json\/wp\/v2\/media?parent=131921"}],"wp:term":[{"taxonomy":"category","embeddable":true,"href":"https:\/\/www.europesays.com\/es\/wp-json\/wp\/v2\/categories?post=131921"},{"taxonomy":"post_tag","embeddable":true,"href":"https:\/\/www.europesays.com\/es\/wp-json\/wp\/v2\/tags?post=131921"}],"curies":[{"name":"wp","href":"https:\/\/api.w.org\/{rel}","templated":true}]}}