{"id":131923,"date":"2025-09-22T14:15:07","date_gmt":"2025-09-22T14:15:07","guid":{"rendered":"https:\/\/www.europesays.com\/es\/131923\/"},"modified":"2025-09-22T14:15:07","modified_gmt":"2025-09-22T14:15:07","slug":"el-cgpj-responde-que-igualdad-conocia-las-incidencias-con-pulseras-antimaltrato-desde-enero","status":"publish","type":"post","link":"https:\/\/www.europesays.com\/es\/131923\/","title":{"rendered":"El CGPJ responde que Igualdad conoc\u00eda las \u00abincidencias\u00bb con pulseras antimaltrato desde enero"},"content":{"rendered":"<p class=\"articleParagraph\">El Observatorio contra la Violencia de G\u00e9nero del Consejo General del Poder Judicial (CGPJ) envi\u00f3 en enero y febrero de 2025 sendas cartas a la Delegaci\u00f3n del Gobierno contra la Violencia de G\u00e9nero, dependiente del Ministerio de Igualdad, e<b>n las que le informaba de \u00abincidencias\u00bb con pulseras antimaltrato.<\/b><\/p>\n<p class=\"articleParagraph\">As\u00ed se desprende de una carta remitida este lunes por la presidenta del Observatorio contra la Violencia Dom\u00e9stica y de G\u00e9nero y vocal del CGPJ, Esther Erice, a la delegada del gobierno contra la Violencia de G\u00e9nero, Carmen Mart\u00ednez Perza, <b>en respuesta a la que esta le remiti\u00f3 la semana pasada expresando su \u00abpreocupaci\u00f3n\u00bb por la \u00abalarma innecesaria\u00bb creada sobre los fallos en estos dispositivos de seguimiento.<\/b><\/p>\n<p class=\"articleParagraph\">En concreto, Erice se refiere a dos informes remitidos por el presidente de la Audiencia Provincial de Granada informando de \u00abdiversas incidencias referidas por los \u00f3rganos judiciales de la provincia\u00bb y de los que, seg\u00fan asegura, \u00abse dio cuenta desde el Observatorio a la Delegaci\u00f3n del Gobierno contra la Violencia de G\u00e9nero mediante oficios de fechas 8 de enero y 21 de febrero de 2025, respectivamente\u00bb.<\/p>\n<p class=\"articleParagraph\">Asimismo, afirma que tambi\u00e9n se les comunic\u00f3 otra incidencia remitida por un \u00f3rgano judicial de Galicia, de la que dieron traslado a la Delegaci\u00f3n el 27 de febrero de 2025.<\/p>\n<p class=\"articleParagraph\">Aunque Erice apunta que las incidencias deben comunicarse \u00abal servicio competente de su gesti\u00f3n, que no son ni los juzgados y tribunales ni el CGPJ\u00bb, puntualiza que las que puedan recibirse en el Observatorio \u00abson trasladadas a los organismos competentes\u00bb para as\u00ed \u00abgarantizar el correcto cumplimiento de las medidas de alejamiento acordadas\u00bb.<\/p>\n<p>Reuni\u00f3n clave en febrero<\/p>\n<p class=\"articleParagraph\">Adem\u00e1s, Erice se\u00f1ala que la cuesti\u00f3n relativa a <b>\u00ablos problemas detectados en el funcionamiento del sistema de dispositivos electr\u00f3nicos\u00bb fue tratada \u00abde forma exhaustiva\u00bb en la reuni\u00f3n del pleno del Observatorio celebrada el 27 de febrero de este a\u00f1o.<\/b><\/p>\n<p class=\"articleParagraph\">En el curso de dicha reuni\u00f3n, se\u00f1ala la carta, \u00abintervinieron todas las instituciones concernidas que integran este \u00f3rgano y se adoptaron medidas para agilizar a\u00fan m\u00e1s, si cabe, la transmisi\u00f3n de las incidencias que pudieran producirse\u00bb.<\/p>\n<p class=\"articleParagraph\">En concreto, Erice destaca que por parte del Observatorio \u00abse interes\u00f3 de quien gestiona estos dispositivos que se adoptaran las medidas necesarias para solventar las incidencias y propiciar las mejoras adecuadas\u00bb.<\/p>\n<p class=\"articleParagraph\">Igualmente, indica que, en esa misma reuni\u00f3n, el Observatorio dio cuenta de la puesta en marcha de una encuesta dirigida a los titulares de los \u00f3rganos judiciales con competencias en materia de violencia sobre la mujer, iniciativa que se desarroll\u00f3 durante los meses de febrero y marzo y de cuyo resultado tienen previsto informar al resto de las instituciones en la reuni\u00f3n del Pleno del Observatorio que se celebrar\u00e1 previsiblemente el pr\u00f3ximo mes de octubre.<\/p>\n<p class=\"articleParagraph\">Desde el Observatorio precisan que, en esta reuni\u00f3n, se informar\u00e1 sobre las conclusiones de las \u00ab<b>disfunciones advertidas en el sistema\u00bb, que se alcanzaron en las XXIII Jornadas de Presidentes y Presidentas de Audiencias Provinciales, aprobadas el pasado 25 de marzo<\/b> y de las que la Comisi\u00f3n Permanente del CGPJ acord\u00f3 el 6 de mayo siguiente dar traslado al Ministerio de la Presidencia, Justicia y Relaciones con las Cortes.<\/p>\n<p class=\"articleParagraph\">Erice finaliza su carta confiando en que la informaci\u00f3n aportada sea de utilidad \u00ab<b>para una mayor protecci\u00f3n y seguridad de las v\u00edctimas\u00bb y reiterando \u00abel firme y leal compromiso del Observatorio y del Consejo General del Poder Judicial en la lucha contra la violencia de g\u00e9nero\u00bb<\/b>.<\/p>\n","protected":false},"excerpt":{"rendered":"El Observatorio contra la Violencia de G\u00e9nero del Consejo General del Poder Judicial (CGPJ) envi\u00f3 en enero y&hellip;\n","protected":false},"author":2,"featured_media":131924,"comment_status":"","ping_status":"","sticky":false,"template":"","format":"standard","meta":{"footnotes":""},"categories":[8],"tags":[17,18,25,24,13,14,11,19,20,9,10,15,16,23,12,21,22],"class_list":{"0":"post-131923","1":"post","2":"type-post","3":"status-publish","4":"format-standard","5":"has-post-thumbnail","7":"category-espana","8":"tag-breaking-news","9":"tag-breakingnews","10":"tag-es","11":"tag-espana","12":"tag-featured-news","13":"tag-featurednews","14":"tag-headlines","15":"tag-latest-news","16":"tag-latestnews","17":"tag-news","18":"tag-noticias","19":"tag-noticias-destacadas","20":"tag-noticiasdestacadas","21":"tag-spain","22":"tag-titulares","23":"tag-ultimas-noticias","24":"tag-ultimasnoticias"},"share_on_mastodon":{"url":"","error":""},"_links":{"self":[{"href":"https:\/\/www.europesays.com\/es\/wp-json\/wp\/v2\/posts\/131923","targetHints":{"allow":["GET"]}}],"collection":[{"href":"https:\/\/www.europesays.com\/es\/wp-json\/wp\/v2\/posts"}],"about":[{"href":"https:\/\/www.europesays.com\/es\/wp-json\/wp\/v2\/types\/post"}],"author":[{"embeddable":true,"href":"https:\/\/www.europesays.com\/es\/wp-json\/wp\/v2\/users\/2"}],"replies":[{"embeddable":true,"href":"https:\/\/www.europesays.com\/es\/wp-json\/wp\/v2\/comments?post=131923"}],"version-history":[{"count":0,"href":"https:\/\/www.europesays.com\/es\/wp-json\/wp\/v2\/posts\/131923\/revisions"}],"wp:featuredmedia":[{"embeddable":true,"href":"https:\/\/www.europesays.com\/es\/wp-json\/wp\/v2\/media\/131924"}],"wp:attachment":[{"href":"https:\/\/www.europesays.com\/es\/wp-json\/wp\/v2\/media?parent=131923"}],"wp:term":[{"taxonomy":"category","embeddable":true,"href":"https:\/\/www.europesays.com\/es\/wp-json\/wp\/v2\/categories?post=131923"},{"taxonomy":"post_tag","embeddable":true,"href":"https:\/\/www.europesays.com\/es\/wp-json\/wp\/v2\/tags?post=131923"}],"curies":[{"name":"wp","href":"https:\/\/api.w.org\/{rel}","templated":true}]}}