{"id":131929,"date":"2025-09-22T14:18:08","date_gmt":"2025-09-22T14:18:08","guid":{"rendered":"https:\/\/www.europesays.com\/es\/131929\/"},"modified":"2025-09-22T14:18:08","modified_gmt":"2025-09-22T14:18:08","slug":"mitin-antitaurino-en-el-congreso","status":"publish","type":"post","link":"https:\/\/www.europesays.com\/es\/131929\/","title":{"rendered":"Mitin antitaurino en el Congreso"},"content":{"rendered":"<p class=\"paragraph\" id=\"paragraph_1\">Una iniciativa legislativa popular antitaurina, ser\u00e1 formalmente presentada en el Congreso de los Diputados el pr\u00f3ximo martes 23 de septiembre ante la Comisi\u00f3n de Cultura del mismo. Y, tras esta presentaci\u00f3n, se fijar\u00e1 la fecha para la votaci\u00f3n en el pleno de la C\u00e1mara, que determinar\u00e1 si se toma en consideraci\u00f3n o decae.<\/p>\n<p class=\"paragraph\" id=\"paragraph_2\">En febrero \u00faltimo se present\u00f3 dicha iniciativa que seg\u00fan informan los promotores ten\u00eda 715.606 firmas, de las que fueron validadas 664.777 por la Junta Electoral Central, superando, por consiguiente, las 500.000 exigidas por la ley.<\/p>\n<p class=\"paragraph\" id=\"paragraph_3\">Por ello, si pasa este tr\u00e1mite entrar\u00e1 en el procedimiento legislativo ordinario como un proyecto o proposici\u00f3n de ley m\u00e1s.<\/p>\n<p class=\"paragraph\" id=\"paragraph_4\">Los partidos pol\u00edticos con representaci\u00f3n parlamentaria ya han expresado sus posiciones ante esta iniciativa que pretende la derogaci\u00f3n de la Ley 18\/2013 que declar\u00f3 la Tauromaquia como Patrimonio Cultural Inmaterial de Espa\u00f1a y que exige a los poderes p\u00fablicos el apoyo y protecci\u00f3n de la misma. PP y VOX est\u00e1n abiertamente en contra de esta iniciativa mientras que se declaran a favor Sumar, Podemos, ERC, Junts y otros partidos extraparlamentarios como Equo, Alianza Verde y el Pacma, que sostienen que \u201cning\u00fan gobierno que se pueda llamar progresista puede quedarse atr\u00e1s sin este avance hacia un pa\u00eds m\u00e1s libre, m\u00e1s \u00e9tico, m\u00e1s europeo y m\u00e1s respetuoso con nuestros compa\u00f1eros de planeta\u201d. <\/p>\n<p class=\"paragraph\" id=\"paragraph_5\">Mientras, la gran inc\u00f3gnita est\u00e1 en que har\u00e1 el PSOE, en el que hay diversas y encontradas posturas; solo cabr\u00eda decir que con que cara se presentar\u00edan ante sus electores los diputados socialistas de comunidades inequ\u00edvocamente taurinas como Andaluc\u00eda, Extremadura, Castilla La Mancha, Castilla y Le\u00f3n, etc\u2026, si votaran a favor de la iniciativa antitaurina.<\/p>\n<p class=\"paragraph\" id=\"paragraph_6\">A la portavoz de la promotora, seg\u00fan parece la abogada Cristina Ib\u00e1\u00f1ez Garc\u00eda y que ser\u00e1 la responsable de presentar el proyecto, habr\u00eda que recordarle lo que dijo Charles Chaplin \u00abEn las corridas se re\u00fane todo: color, alegr\u00eda, tragedia, valent\u00eda, ingenio, brutalidad, energ\u00eda y fuerza, gracia, emoci\u00f3n&#8230; Es el espect\u00e1culo m\u00e1s completo. De ahora en adelante, ya no podr\u00e9 seguir sin corridas de toros\u201d.<\/p>\n<p class=\"paragraph\" id=\"paragraph_7\">Y a\u00f1adir, \u00bfes que el inigualable Charles Chaplin, como tantos otros genios de la cultura que apoyaron y apoyan los toros, son contrarios al progreso, a la libertad, a la \u00e9tica y a Europa por ser aficionados a la tauromaquia?.<\/p>\n<p class=\"paragraph\" id=\"paragraph_8\">Decir, por \u00faltimo, que un partido como el PSOE, declarado desde su fundaci\u00f3n, hace m\u00e1s de un siglo, como espa\u00f1ol, \u00bfpuede estar en contra de la fiesta m\u00e1s espa\u00f1ola que existe?.<\/p>\n","protected":false},"excerpt":{"rendered":"Una iniciativa legislativa popular antitaurina, ser\u00e1 formalmente presentada en el Congreso de los Diputados el pr\u00f3ximo martes 23&hellip;\n","protected":false},"author":2,"featured_media":131930,"comment_status":"","ping_status":"","sticky":false,"template":"","format":"standard","meta":{"footnotes":""},"categories":[277],"tags":[373,14892,168,25,24,1925,952,23,167,374,444],"class_list":{"0":"post-131929","1":"post","2":"type-post","3":"status-publish","4":"format-standard","5":"has-post-thumbnail","7":"category-toreo","8":"tag-bullfighting","9":"tag-congreso-de-los-diputados","10":"tag-deportes","11":"tag-es","12":"tag-espana","13":"tag-opinion","14":"tag-politica","15":"tag-spain","16":"tag-sports","17":"tag-toreo","18":"tag-toros"},"share_on_mastodon":{"url":"","error":""},"_links":{"self":[{"href":"https:\/\/www.europesays.com\/es\/wp-json\/wp\/v2\/posts\/131929","targetHints":{"allow":["GET"]}}],"collection":[{"href":"https:\/\/www.europesays.com\/es\/wp-json\/wp\/v2\/posts"}],"about":[{"href":"https:\/\/www.europesays.com\/es\/wp-json\/wp\/v2\/types\/post"}],"author":[{"embeddable":true,"href":"https:\/\/www.europesays.com\/es\/wp-json\/wp\/v2\/users\/2"}],"replies":[{"embeddable":true,"href":"https:\/\/www.europesays.com\/es\/wp-json\/wp\/v2\/comments?post=131929"}],"version-history":[{"count":0,"href":"https:\/\/www.europesays.com\/es\/wp-json\/wp\/v2\/posts\/131929\/revisions"}],"wp:featuredmedia":[{"embeddable":true,"href":"https:\/\/www.europesays.com\/es\/wp-json\/wp\/v2\/media\/131930"}],"wp:attachment":[{"href":"https:\/\/www.europesays.com\/es\/wp-json\/wp\/v2\/media?parent=131929"}],"wp:term":[{"taxonomy":"category","embeddable":true,"href":"https:\/\/www.europesays.com\/es\/wp-json\/wp\/v2\/categories?post=131929"},{"taxonomy":"post_tag","embeddable":true,"href":"https:\/\/www.europesays.com\/es\/wp-json\/wp\/v2\/tags?post=131929"}],"curies":[{"name":"wp","href":"https:\/\/api.w.org\/{rel}","templated":true}]}}