{"id":131931,"date":"2025-09-22T14:22:14","date_gmt":"2025-09-22T14:22:14","guid":{"rendered":"https:\/\/www.europesays.com\/es\/131931\/"},"modified":"2025-09-22T14:22:14","modified_gmt":"2025-09-22T14:22:14","slug":"miren-artaraz-brilla-en-el-estatal-master-de-ciclismo","status":"publish","type":"post","link":"https:\/\/www.europesays.com\/es\/131931\/","title":{"rendered":"Miren Artaraz brilla en el Estatal m\u00e1ster de ciclismo"},"content":{"rendered":"<p>\n        La localidad soriana de San Leonardo de Yag\u00fce ha sido testigo durante este fin de semana del Campeonato de Espa\u00f1a M\u00e1ster de ciclismo. En \u00e9l, <strong>una vitoriana ha vuelto a dejar bien alto el pabell\u00f3n con la conquista de dos metales<\/strong>.\n<\/p>\n<p class=\"article-body__text \">\n        Entre los cerca de 170 corredores que han participado en dicha prueba, Miren Artaraz Mi\u00f1on ha brillado con luz propia <strong>tanto en la prueba contrarreloj mediante la consecuci\u00f3n de la medalla de bronce como en la de l\u00ednea, subi\u00e9ndose aqu\u00ed a lo m\u00e1s alto del podio<\/strong> en su prueba de M\u00e1ster 50B.\n<\/p>\n<p class=\"article-photo__footer\">\n            Miren Artaraz, en el podio tras ganar el oro en ruta            DNA        <\/p>\n<p class=\"article-body__text \">\n        Una magn\u00edfica recompensa para<strong> una mujer repleta de vitalidad y con un elogiable esp\u00edritu de superaci\u00f3n<\/strong> que a sus 54 a\u00f1os practica el ciclismo desde 2011, es decir apenas 14 a\u00f1os.\n<\/p>\n<p class=\"article-body__text \">\n        Perteneciente al club Benetan Gasteiz y <strong>profesora investigadora de la Universidad del Pa\u00eds Vasco\/Euskal Herriko Unibertsitatea<\/strong>, Miren Artaraz se ha dedicado en cuerpo y alma a este Campeonato de Espa\u00f1a durante los \u00faltimos meses. Y los frutos no se han hecho esperar.\n<\/p>\n<p>            <a href=\"https:\/\/www.noticiasdealava.eus\/deportes\/2024\/09\/22\/vitoriana-rompe-moldes-estatal-master-8718282.html\" title=\"Una vitoriana rompe moldes en el Estatal M\u00e1ster 50 de ciclismo\" class=\"new__media\" rel=\"nofollow noopener\" target=\"_blank\"><\/p>\n<p>                <img alt=\"Una vitoriana rompe moldes en el Estatal M\u00e1ster 50 de ciclismo\" data-src=\"https:\/\/www.europesays.com\/es\/wp-content\/uploads\/2025\/09\/1ae39b40-f8a9-42ba-bde0-98c53a75a83b_16-9-aspect-ratio_default_0_x1745y806.jpg\" class=\"lozad\"\/><\/p>\n<p>        <\/a><\/p>\n<p>        <a href=\"https:\/\/www.noticiasdealava.eus\/deportes\/2024\/09\/22\/vitoriana-rompe-moldes-estatal-master-8718282.html\" title=\"Una vitoriana rompe moldes en el Estatal M\u00e1ster 50 de ciclismo\" class=\"new__headline\" rel=\"nofollow noopener\" target=\"_blank\"><br \/>\n            Una vitoriana rompe moldes en el Estatal M\u00e1ster 50 de ciclismo<br \/>\n        <\/a><\/p>\n<p class=\"article-body__text \">\n        Primero con el bronce en la contrarreloj de 12 kil\u00f3metros, donde tan solo se vio superada por Raquel Monta\u00f1\u00e9s y Almudena Valle pese a que a diferencia de ellas,<strong> no utiliz\u00f3 una bicicleta espec\u00edfica para contrarreloj, con acoples y ruedas lenticulares <\/strong>que permiten incrementar la velocidad -la c\u00e9lebre cabra-.\n<\/p>\n<p class=\"article-body__text \">\n        En la prueba de l\u00ednea de 49 kil\u00f3metros, y en la que tambi\u00e9n participaban las ciclistas M\u00e1ster 30 y 40, <strong>resisti\u00f3 el ritmo de las mejores hasta pr\u00e1cticamente el final de la prueba<\/strong> y termin\u00f3 ganando el oro de su categor\u00eda, aventajando a Mari Paz S\u00e1nchez, segunda clasificada, en m\u00e1s de un minuto.\n<\/p>\n<p>        \u00abAhora me siento m\u00e1s madura sobre la bicicleta. He ganado en potencia y t\u00e9cnica. He entrenado con m\u00e1s intensidad a la hora de subir puertos y hacer bajadas\u00bb<\/p>\n<p class=\"article-body__text \">\n        \u201cAhora me siento m\u00e1s madura sobre la bicicleta. <strong>He ganado en potencia y t\u00e9cnica. He entrenado con m\u00e1s intensidad a la hora de subir puertos y hacer bajadas<\/strong>\u201d, reconoce Artaraz, quien suele participar en pruebas cicloturistas para matar el gusanillo y dar rienda suelta a su fervor por el ciclismo.\n<\/p>\n<p class=\"article-body__text \">\n        Esta gasteiztarra ya se subi\u00f3 al podio hace un a\u00f1o en este Estatal tras lograr <strong>un brillante tercer puesto en su prueba de M\u00e1ster 50A<\/strong>. En estos eventos se re\u00fanen los mejores ciclistas veteranos de Espa\u00f1a que en algunos casos llegaron a ser profesionales con anterioridad.\n<\/p>\n<p class=\"article-body__text \">\n        \u201cM<strong>e volver\u00e9 a plantear este reto dentro de un a\u00f1o y espero seguir al pie del ca\u00f1\u00f3n<\/strong>\u201d, concluye Miren Artaraz, que forma parte del grupo de Los Madrugadores de Benetan que sale antes de que amanezca para volver pronto y no alterar el plan familiar.<\/p>\n","protected":false},"excerpt":{"rendered":"La localidad soriana de San Leonardo de Yag\u00fce ha sido testigo durante este fin de semana del Campeonato&hellip;\n","protected":false},"author":2,"featured_media":131932,"comment_status":"","ping_status":"","sticky":false,"template":"","format":"standard","meta":{"footnotes":""},"categories":[273],"tags":[42166,8236,313,312,168,25,24,19697,10320,14751,23,167],"class_list":{"0":"post-131931","1":"post","2":"type-post","3":"status-publish","4":"format-standard","5":"has-post-thumbnail","7":"category-ciclismo","8":"tag-artaraz","9":"tag-brilla","10":"tag-ciclismo","11":"tag-cycling","12":"tag-deportes","13":"tag-es","14":"tag-espana","15":"tag-estatal","16":"tag-master","17":"tag-miren","18":"tag-spain","19":"tag-sports"},"share_on_mastodon":{"url":"","error":""},"_links":{"self":[{"href":"https:\/\/www.europesays.com\/es\/wp-json\/wp\/v2\/posts\/131931","targetHints":{"allow":["GET"]}}],"collection":[{"href":"https:\/\/www.europesays.com\/es\/wp-json\/wp\/v2\/posts"}],"about":[{"href":"https:\/\/www.europesays.com\/es\/wp-json\/wp\/v2\/types\/post"}],"author":[{"embeddable":true,"href":"https:\/\/www.europesays.com\/es\/wp-json\/wp\/v2\/users\/2"}],"replies":[{"embeddable":true,"href":"https:\/\/www.europesays.com\/es\/wp-json\/wp\/v2\/comments?post=131931"}],"version-history":[{"count":0,"href":"https:\/\/www.europesays.com\/es\/wp-json\/wp\/v2\/posts\/131931\/revisions"}],"wp:featuredmedia":[{"embeddable":true,"href":"https:\/\/www.europesays.com\/es\/wp-json\/wp\/v2\/media\/131932"}],"wp:attachment":[{"href":"https:\/\/www.europesays.com\/es\/wp-json\/wp\/v2\/media?parent=131931"}],"wp:term":[{"taxonomy":"category","embeddable":true,"href":"https:\/\/www.europesays.com\/es\/wp-json\/wp\/v2\/categories?post=131931"},{"taxonomy":"post_tag","embeddable":true,"href":"https:\/\/www.europesays.com\/es\/wp-json\/wp\/v2\/tags?post=131931"}],"curies":[{"name":"wp","href":"https:\/\/api.w.org\/{rel}","templated":true}]}}