{"id":131933,"date":"2025-09-22T14:23:07","date_gmt":"2025-09-22T14:23:07","guid":{"rendered":"https:\/\/www.europesays.com\/es\/131933\/"},"modified":"2025-09-22T14:23:07","modified_gmt":"2025-09-22T14:23:07","slug":"claro-que-verstappen-es-candidato-al-titulo","status":"publish","type":"post","link":"https:\/\/www.europesays.com\/es\/131933\/","title":{"rendered":"Claro que Verstappen es candidato al t\u00edtulo"},"content":{"rendered":"<p class=\"L6-news-detail__text\"><b>Oscar Piastri<\/b>, contra el muro; <b>Lando Norris,<\/b> atrapado en la s\u00e9ptima posici\u00f3n. As\u00ed finaliz\u00f3 el fin de semana de McLaren en el Gran Premio de Azerbaiy\u00e1n. Un aut\u00e9ntico desastre teniendo en cuenta que <b><a title=\"Max Verstappen\" href=\"https:\/\/www.lasexta.com\/noticias\/deportes\/motor\/formula1\/verstappen-saca-calculadora-despues-baku-tiene-opciones-ser-campeon_2025092268d140d06b16e40392d8350c.html\" target=\"_blank\" rel=\"nofollow noopener\">Max Verstappen<\/a><\/b> ha vuelto a sumar 25 puntos por segunda carrera consecutiva.<\/p>\n<p class=\"L6-news-detail__text\">Y en McLaren <b>asumen que el neerland\u00e9s se ha metido de lleno en la pelea por el mundial.<\/b> Sobre todo porque sus dos pilotos no est\u00e1n aprovechando las oportunidades que tienen ante ellos.<\/p>\n<p class=\"L6-news-detail__text\">Esto dice <b>Andrea Stella<\/b> en palabras que recoge &#8216;Motorsport&#8217; este lunes: \u00abLa conclusi\u00f3n que hemos sacado de la carrera en Monza, y la forma en que lo hemos evaluado internamente y ajustado nuestra mentalidad para el \u00faltimo tercio de la temporada, es que el <b>rendimiento de Red Bull en Monza no debe considerarse una excepci\u00f3n\u00bb.<\/b><\/p>\n<p class=\"L6-news-detail__text\">\u00abRed Bull es absolutamente un serio candidato para ganar carreras y <b>un serio aspirante al campeonato de pilotos<\/b>\u00ab, dice el jefe de los papaya.<\/p>\n<p class=\"L6-news-detail__text\">Adem\u00e1s, medirse a Max no es cualquier cosa: <b>\u00abNo debemos olvidar qui\u00e9n es Max Verstappen<\/b>: el campe\u00f3n mundial de los \u00faltimos cuatro a\u00f1os. En un coche r\u00e1pido. Como ya dije: habr\u00e1 carreras en las que McLaren no tenga ventaja competitiva\u00bb.<\/p>\n<p class=\"L6-news-detail__text\">Max podr\u00eda aprovecharse tambi\u00e9n de que los McLaren se roben puntos entre ellos: \u00abA veces Lando sumar\u00e1 m\u00e1s puntos, otras veces Oscar. As\u00ed que se quitan puntos entre ellos. Somos muy conscientes de eso, pero los dejamos competir, porque ambos tienen derecho a perseguir sus ambiciones\u00bb.<\/p>\n<p class=\"L6-news-detail__text\">\u00abAs\u00ed que s\u00ed, <b>Verstappen y Red Bull siguen absolutamente en la lucha por el campeonato<\/b>\u00ab, dice para terminar Andrea Stella.<\/p>\n<p class=\"L6-support-news-video__title\">&#8216;El Chiringuito&#8217;<\/p>\n<p>            <a href=\"https:\/\/www.lasexta.com\/noticias\/deportes\/futbol\/claves-caso-negreira-chiringuito-estrategia-javier-enriquez-desmarcarse-padre_2025091968ccf4c3394a8138738eac84.html\" class=\"L6-news__link\" rel=\"nofollow noopener\" target=\"_blank\"><br \/>\n                Las claves del caso Negreira en &#8216;El Chiringuito&#8217;: \u00abLa estrategia de Javier Enr\u00edquez es desmarcarse de su padre\u00bb<\/p>\n<p class=\"recirculation-video-desc\">Alfonso P\u00e9rez Medina, jefe de Tribunales de laSexta, da las claves del caso Negreira despu\u00e9s de las declaraciones de Sandro Rosell y de Bartomeu, expresidentes del FC Barcelona.<\/p>\n<p>            <\/a><\/p>\n","protected":false},"excerpt":{"rendered":"Oscar Piastri, contra el muro; Lando Norris, atrapado en la s\u00e9ptima posici\u00f3n. As\u00ed finaliz\u00f3 el fin de semana&hellip;\n","protected":false},"author":2,"featured_media":131934,"comment_status":"","ping_status":"","sticky":false,"template":"","format":"standard","meta":{"footnotes":""},"categories":[270],"tags":[168,25,24,306,271,272,23,167],"class_list":{"0":"post-131933","1":"post","2":"type-post","3":"status-publish","4":"format-standard","5":"has-post-thumbnail","7":"category-formula-1","8":"tag-deportes","9":"tag-es","10":"tag-espana","11":"tag-f1","12":"tag-formula-1","13":"tag-formula1","14":"tag-spain","15":"tag-sports"},"share_on_mastodon":{"url":"","error":""},"_links":{"self":[{"href":"https:\/\/www.europesays.com\/es\/wp-json\/wp\/v2\/posts\/131933","targetHints":{"allow":["GET"]}}],"collection":[{"href":"https:\/\/www.europesays.com\/es\/wp-json\/wp\/v2\/posts"}],"about":[{"href":"https:\/\/www.europesays.com\/es\/wp-json\/wp\/v2\/types\/post"}],"author":[{"embeddable":true,"href":"https:\/\/www.europesays.com\/es\/wp-json\/wp\/v2\/users\/2"}],"replies":[{"embeddable":true,"href":"https:\/\/www.europesays.com\/es\/wp-json\/wp\/v2\/comments?post=131933"}],"version-history":[{"count":0,"href":"https:\/\/www.europesays.com\/es\/wp-json\/wp\/v2\/posts\/131933\/revisions"}],"wp:featuredmedia":[{"embeddable":true,"href":"https:\/\/www.europesays.com\/es\/wp-json\/wp\/v2\/media\/131934"}],"wp:attachment":[{"href":"https:\/\/www.europesays.com\/es\/wp-json\/wp\/v2\/media?parent=131933"}],"wp:term":[{"taxonomy":"category","embeddable":true,"href":"https:\/\/www.europesays.com\/es\/wp-json\/wp\/v2\/categories?post=131933"},{"taxonomy":"post_tag","embeddable":true,"href":"https:\/\/www.europesays.com\/es\/wp-json\/wp\/v2\/tags?post=131933"}],"curies":[{"name":"wp","href":"https:\/\/api.w.org\/{rel}","templated":true}]}}