{"id":131937,"date":"2025-09-22T14:25:10","date_gmt":"2025-09-22T14:25:10","guid":{"rendered":"https:\/\/www.europesays.com\/es\/131937\/"},"modified":"2025-09-22T14:25:10","modified_gmt":"2025-09-22T14:25:10","slug":"el-malaga-entrena-en-la-ciudad-deportiva-con-ocho-bajas","status":"publish","type":"post","link":"https:\/\/www.europesays.com\/es\/131937\/","title":{"rendered":"El M\u00e1laga entrena en la Ciudad Deportiva con ocho bajas"},"content":{"rendered":"<p><a href=\"https:\/\/www.merchanendirecto.es\/wp-content\/uploads\/2025\/09\/convocatoria-entrenamiento-pellicer-charla-1536x1026-1.webp\" data-caption=\"Foto: MCF\" rel=\"nofollow noopener\" target=\"_blank\"><img loading=\"lazy\" decoding=\"async\" width=\"696\" height=\"465\" class=\"entry-thumb td-modal-image\" src=\"https:\/\/www.europesays.com\/es\/wp-content\/uploads\/2025\/09\/convocatoria-entrenamiento-pellicer-charla-1536x1026-1-696x465.webp.webp\"   alt=\"\" title=\"convocatoria-entrenamiento-pellicer-charla-1536x1026\"\/><\/a>Foto: MCF<\/p>\n<p><strong>Sergio Pellicer<\/strong> ha citado a la plantilla malaguista en un escenario diferente este lunes tras la <a href=\"https:\/\/www.merchanendirecto.es\/malaga-cf\/cronica-el-cadiz-resalta-las-carencias-del-malaga-y-asalta-la-rosaleda-0-1-1\/\" target=\"_blank\" rel=\"noreferrer noopener nofollow\">segunda derrota consecutiva de la temporada ante el C\u00e1diz CF.<\/a> El equipo se ejercit\u00f3 en el <strong>campo 1<\/strong> de la <strong>Ciudad Deportiva Fundaci\u00f3n<a href=\"http:\/\/malagacf.com\" rel=\"nofollow noopener\" target=\"_blank\"> MCF<\/a>.<\/strong> Un trabajo que comenz\u00f3 con una <strong>charla t\u00e9cnica grupal<\/strong> y continu\u00f3 en el c\u00e9sped con din\u00e1micas diferenciadas en funci\u00f3n de la carga de minutos en el derbi ante el C\u00e1diz. Los futbolistas que fueron titulares en el derbi andaluz centraron su labor en <strong>tareas de recuperaci\u00f3n f\u00edsica<\/strong>, con la excepci\u00f3n de <strong>Alfonso Herrero<\/strong>, que se ejercit\u00f3 en porter\u00eda a menor intensidad junto a <strong>Carlos L\u00f3pez<\/strong> y <strong>Andr\u00e9s C\u00e9spedes<\/strong>. Un M\u00e1laga que entren\u00f3 en la Ciudad Deportiva con <strong>ocho bajas. <\/strong><\/p>\n<p>El resto de la plantilla complet\u00f3 una <strong>sesi\u00f3n intensa con bal\u00f3n y ejercicios t\u00e9cnicos<\/strong>. En paralelo, en las instalaciones de La Rosaleda, <strong>Ram\u00f3n, Moussa, Puga, Joaqu\u00edn y el propio Ni\u00f1o<\/strong> desarrollaron un plan espec\u00edfico en el gimnasio, enfocado en la recuperaci\u00f3n y tratamiento de sus molestias f\u00edsicas. El parte de bajas lo completaron los lesionados de larga duraci\u00f3n <strong>Luismi y Pastor<\/strong>, adem\u00e1s de <strong>Izan Merino<\/strong>, concentrado ya con la selecci\u00f3n espa\u00f1ola Sub-20 para preparar la Copa del Mundo de Chile bajo las \u00f3rdenes de Paco Gallardo. <\/p>\n<p>Pellicer dar\u00e1 <strong>descanso este martes<\/strong>, mientras que a partir del <strong>mi\u00e9rcoles<\/strong> el equipo retomar\u00e1 las sesiones matinales habituales a las <strong>10:30 horas de nuevo en la Ciudad Deportiva Fundaci\u00f3n MCF<\/strong>, con la vista puesta en el pr\u00f3ximo compromiso liguero.<\/p>\n","protected":false},"excerpt":{"rendered":"Foto: MCF Sergio Pellicer ha citado a la plantilla malaguista en un escenario diferente este lunes tras la&hellip;\n","protected":false},"author":2,"featured_media":131938,"comment_status":"","ping_status":"","sticky":false,"template":"","format":"standard","meta":{"footnotes":""},"categories":[268],"tags":[8917,21496,168,8346,25,24,280,282,1963,281,23,167],"class_list":{"0":"post-131937","1":"post","2":"type-post","3":"status-publish","4":"format-standard","5":"has-post-thumbnail","7":"category-futbol","8":"tag-bajas","9":"tag-ciudad-deportiva","10":"tag-deportes","11":"tag-entrenamiento","12":"tag-es","13":"tag-espana","14":"tag-football","15":"tag-futbol","16":"tag-malaga-cf","17":"tag-soccer","18":"tag-spain","19":"tag-sports"},"share_on_mastodon":{"url":"","error":""},"_links":{"self":[{"href":"https:\/\/www.europesays.com\/es\/wp-json\/wp\/v2\/posts\/131937","targetHints":{"allow":["GET"]}}],"collection":[{"href":"https:\/\/www.europesays.com\/es\/wp-json\/wp\/v2\/posts"}],"about":[{"href":"https:\/\/www.europesays.com\/es\/wp-json\/wp\/v2\/types\/post"}],"author":[{"embeddable":true,"href":"https:\/\/www.europesays.com\/es\/wp-json\/wp\/v2\/users\/2"}],"replies":[{"embeddable":true,"href":"https:\/\/www.europesays.com\/es\/wp-json\/wp\/v2\/comments?post=131937"}],"version-history":[{"count":0,"href":"https:\/\/www.europesays.com\/es\/wp-json\/wp\/v2\/posts\/131937\/revisions"}],"wp:featuredmedia":[{"embeddable":true,"href":"https:\/\/www.europesays.com\/es\/wp-json\/wp\/v2\/media\/131938"}],"wp:attachment":[{"href":"https:\/\/www.europesays.com\/es\/wp-json\/wp\/v2\/media?parent=131937"}],"wp:term":[{"taxonomy":"category","embeddable":true,"href":"https:\/\/www.europesays.com\/es\/wp-json\/wp\/v2\/categories?post=131937"},{"taxonomy":"post_tag","embeddable":true,"href":"https:\/\/www.europesays.com\/es\/wp-json\/wp\/v2\/tags?post=131937"}],"curies":[{"name":"wp","href":"https:\/\/api.w.org\/{rel}","templated":true}]}}