{"id":131939,"date":"2025-09-22T14:26:09","date_gmt":"2025-09-22T14:26:09","guid":{"rendered":"https:\/\/www.europesays.com\/es\/131939\/"},"modified":"2025-09-22T14:26:09","modified_gmt":"2025-09-22T14:26:09","slug":"james-van-der-beek-dawson-no-acudira-al-reencuentro-de-dawson-crece-no-podre-dar-las-gracias-por-acompanarme-en-mi-lucha-contra-el-cancer-gente","status":"publish","type":"post","link":"https:\/\/www.europesays.com\/es\/131939\/","title":{"rendered":"James Van Der Beek: Dawson no acudir\u00e1 al reencuentro de \u2018Dawson crece\u2019: \u201cNo podr\u00e9 dar las gracias por acompa\u00f1arme en mi lucha contra el c\u00e1ncer\u201d | Gente"},"content":{"rendered":"<p class=\"\">Este lunes 22 de septiembre era el d\u00eda que James Van Der Beek (Connecticut, 47 a\u00f1os) \u201cm\u00e1s esperaba\u201d. Pero, finalmente, el actor que interpret\u00f3 a Dawson en la famosa serie de adolescentes Dawson Crece no podr\u00e1 acudir <a href=\"https:\/\/elpais.com\/gente\/2025-08-21\/el-reparto-de-dawson-crece-se-reunira-20-anos-despues-por-una-buena-causa.html\" target=\"_blank\" rel=\"noreferrer nofollow noopener\" title=\"https:\/\/elpais.com\/gente\/2025-08-21\/el-reparto-de-dawson-crece-se-reunira-20-anos-despues-por-una-buena-causa.html\">al esperado reencuentro de sus protagonistas <\/a>en Nueva York por problemas de salud. <a href=\"https:\/\/elpais.com\/gente\/2024-11-04\/james-van-der-beek-actor-de-dawson-crece-revela-que-tiene-cancer-de-colon-hay-motivos-para-el-optimismo-y-me-siento-bien.html\" target=\"_self\" rel=\"nofollow noopener\" title=\"https:\/\/elpais.com\/gente\/2024-11-04\/james-van-der-beek-actor-de-dawson-crece-revela-que-tiene-cancer-de-colon-hay-motivos-para-el-optimismo-y-me-siento-bien.html\">Hace casi un a\u00f1o que anunci\u00f3 que padec\u00eda c\u00e1ncer de colon<\/a> y esta reuni\u00f3n busca recaudar fondos para quienes padecen la enfermedad, pero \u201cdos virus estomacales\u201d impedir\u00e1n su presencia, seg\u00fan ha comunicado \u00e9l mismo en una publicaci\u00f3n en <a href=\"https:\/\/www.instagram.com\/p\/DO4eN1dDnxa\/\" target=\"_blank\" rel=\"noreferrer nofollow noopener\" title=\"https:\/\/www.instagram.com\/p\/DO4eN1dDnxa\/\">su cuenta de Instagram<\/a>. \u201cPueden imaginarse lo destrozado que me sent\u00ed\u201c, insisti\u00f3 en la red social, donde cuenta con 1,6 millones de seguidores.<\/p>\n<p class=\"\">\u201cA pesar de todos mis esfuerzos no podr\u00e9 estar all\u00ed. No podr\u00e9 subir a ese escenario y dar las gracias a todas y cada una de las personas del teatro por acompa\u00f1arme en mi lucha contra el c\u00e1ncer, cuando m\u00e1s lo necesitaba\u201d, lamenta Van Der Beek. Eso s\u00ed, tambi\u00e9n anuncia que el actor, productor y compositor <a href=\"https:\/\/elpais.com\/television\/2020-06-23\/las-luchas-que-se-libraron-en-la-fundacion-de-ee-uu-siguen-abiertas.html\" target=\"_blank\" rel=\"noreferrer nofollow noopener\" title=\"https:\/\/elpais.com\/television\/2020-06-23\/las-luchas-que-se-libraron-en-la-fundacion-de-ee-uu-siguen-abiertas.html\">Lin-Manuel Miranda <\/a>ser\u00e1 quien le reemplace en el teatro junto a sus excompa\u00f1eros para la lectura de guion de uno de los episodios de la serie. \u201cTengo un reemplazo rid\u00edculamente sobrecualificado que habr\u00eda sido el n\u00famero uno en mi lista de deseos. Alguien que mis hijos definitivamente considerar\u00edan una mejora con respecto a m\u00ed. Adem\u00e1s, \u00e9l ya sabe c\u00f3mo llegar al teatro\u201d, agreg\u00f3 con humor el int\u00e9rprete sobre su sustituto, para quien tambi\u00e9n tiene palabras de agradecimiento: \u201cAntes eras un h\u00e9roe para mis hijos&#8230; ahora eres un semidi\u00f3s\u201d.<\/p>\n<p>M\u00e1s informaci\u00f3n<\/p>\n<p class=\"\">Los protagonistas de<a href=\"https:\/\/elpais.com\/elpais\/2018\/01\/22\/album\/1516624070_271597.html\" rel=\"nofollow noopener\" title=\"https:\/\/elpais.com\/elpais\/2018\/01\/22\/album\/1516624070_271597.html\" target=\"_blank\"> Dawson crece<\/a> se reunir\u00e1n este lunes por primera vez en m\u00e1s de 20 a\u00f1os en el teatro Richard Rodger de Nueva York para leer el guion del episodio piloto y reunir fondos para la organizaci\u00f3n Fuck Cancer, que da informaci\u00f3n y apoyo a quienes padecen la enfermedad. Adem\u00e1s de los actores principales, entre ellos Michelle Williams, <a href=\"https:\/\/elpais.com\/smoda\/placeres\/2025-08-16\/por-que-queremos-que-katie-holmes-y-joshua-jackson-se-enamoren-20-anos-despues-de-dawson-crece.html\" target=\"_blank\" rel=\"noreferrer nofollow noopener\" title=\"https:\/\/elpais.com\/smoda\/placeres\/2025-08-16\/por-que-queremos-que-katie-holmes-y-joshua-jackson-se-enamoren-20-anos-despues-de-dawson-crece.html\">Katie Holmes y Joshua Jackson,<\/a> tambi\u00e9n participan Jason Moore, Kerr Smith, Busy Philipps y Meredith Monroe, as\u00ed como el creador de la serie, Kevin Williamson. \u201cQue todos disfruten de todo el amor que hay en esa sala. Denle un poco a mi familia. Yo estar\u00e9 radiante y recibi\u00e9ndolo desde lejos en una cama en Austin\u201d, concluye Van Der Beek su publicaci\u00f3n.<\/p>\n<p class=\"\">\u201cQuer\u00edamos reunirnos con nuestro querido amigo James y recordarle que todos estamos aqu\u00ed. Siempre lo hemos estado y siempre lo estaremos. Y s\u00e9 que los fans de Dawson crece sienten lo mismo\u00bb, comparti\u00f3 en su d\u00eda Williams, que tambi\u00e9n es una de las productoras del evento. <\/p>\n<p class=\"\">El pasado 30 de julio, Van Der Beek <a href=\"https:\/\/www.youtube.com\/watch?v=hPf8ttVkMWk\" rel=\"nofollow noopener\" title=\"https:\/\/www.youtube.com\/watch?v=hPf8ttVkMWk\" target=\"_blank\">explic\u00f3 en el programa Today<\/a> que se sent\u00eda genial: \u201cHa sido todo un viaje. Hay tantos altibajos y tantas inc\u00f3gnitas. El c\u00e1ncer es&#8230; lo llamo un trabajo de tiempo completo&#8230; es un proceso. Probablemente, lo ser\u00e1 el resto de mi vida\u201d.<\/p>\n<p><img alt=\"'Dawson crece' en 1998\" decoding=\"auto\" class=\"_re lazyload a_m-h\" height=\"321\"  width=\"414\"  src=\"https:\/\/www.europesays.com\/es\/wp-content\/uploads\/2025\/09\/JEU3T3TY7ZBKXAC5ZQCWKSUCQI.jpg\" loading=\"lazy\"\/>James Van Der Beek, Katie Holmes, Joshua Jackson, Meredith Monroe, Kerr Smith, y Michelle Williams en una imagen de la serie &#8216;Dawson crece&#8217; (1998).Columbia TriStar (IMDB)<\/p>\n<p class=\"\"><a href=\"https:\/\/elpais.com\/smoda\/placeres\/pedanteria-melodrama-el-primer-beso-homosexual-de-la-tele-y-katie-holmes-razones-para-regresar-a-dawson-crece.html\" rel=\"nofollow noopener\" title=\"https:\/\/elpais.com\/smoda\/placeres\/pedanteria-melodrama-el-primer-beso-homosexual-de-la-tele-y-katie-holmes-razones-para-regresar-a-dawson-crece.html\" target=\"_blank\">Dawson crece<\/a> es un referente cultural de los a\u00f1os noventa para toda una generaci\u00f3n. De 1998 a 2003, sus cap\u00edtulos abordaron las complejidades de la adolescencia, las relaciones y los problemas sociales.<\/p>\n<p><script async src=\"\/\/www.instagram.com\/embed.js\"><\/script><\/p>\n","protected":false},"excerpt":{"rendered":"Este lunes 22 de septiembre era el d\u00eda que James Van Der Beek (Connecticut, 47 a\u00f1os) \u201cm\u00e1s esperaba\u201d.&hellip;\n","protected":false},"author":2,"featured_media":131940,"comment_status":"","ping_status":"","sticky":false,"template":"","format":"standard","meta":{"footnotes":""},"categories":[174],"tags":[1014,1066,19627,255,146,147,25,24,256,260,42167,166,8189,23],"class_list":{"0":"post-131939","1":"post","2":"type-post","3":"status-publish","4":"format-standard","5":"has-post-thumbnail","7":"category-famosos","8":"tag-actores","9":"tag-cancer","10":"tag-cancer-colon","11":"tag-celebrities","12":"tag-entertainment","13":"tag-entretenimiento","14":"tag-es","15":"tag-espana","16":"tag-famosos","17":"tag-gente","18":"tag-james-van-der-beek","19":"tag-salud","20":"tag-series-television","21":"tag-spain"},"share_on_mastodon":{"url":"","error":""},"_links":{"self":[{"href":"https:\/\/www.europesays.com\/es\/wp-json\/wp\/v2\/posts\/131939","targetHints":{"allow":["GET"]}}],"collection":[{"href":"https:\/\/www.europesays.com\/es\/wp-json\/wp\/v2\/posts"}],"about":[{"href":"https:\/\/www.europesays.com\/es\/wp-json\/wp\/v2\/types\/post"}],"author":[{"embeddable":true,"href":"https:\/\/www.europesays.com\/es\/wp-json\/wp\/v2\/users\/2"}],"replies":[{"embeddable":true,"href":"https:\/\/www.europesays.com\/es\/wp-json\/wp\/v2\/comments?post=131939"}],"version-history":[{"count":0,"href":"https:\/\/www.europesays.com\/es\/wp-json\/wp\/v2\/posts\/131939\/revisions"}],"wp:featuredmedia":[{"embeddable":true,"href":"https:\/\/www.europesays.com\/es\/wp-json\/wp\/v2\/media\/131940"}],"wp:attachment":[{"href":"https:\/\/www.europesays.com\/es\/wp-json\/wp\/v2\/media?parent=131939"}],"wp:term":[{"taxonomy":"category","embeddable":true,"href":"https:\/\/www.europesays.com\/es\/wp-json\/wp\/v2\/categories?post=131939"},{"taxonomy":"post_tag","embeddable":true,"href":"https:\/\/www.europesays.com\/es\/wp-json\/wp\/v2\/tags?post=131939"}],"curies":[{"name":"wp","href":"https:\/\/api.w.org\/{rel}","templated":true}]}}