{"id":131945,"date":"2025-09-22T14:29:08","date_gmt":"2025-09-22T14:29:08","guid":{"rendered":"https:\/\/www.europesays.com\/es\/131945\/"},"modified":"2025-09-22T14:29:08","modified_gmt":"2025-09-22T14:29:08","slug":"una-artista-con-mas-de-28-000-millones-de-reproducciones-para-asesorar-a-ana-mena","status":"publish","type":"post","link":"https:\/\/www.europesays.com\/es\/131945\/","title":{"rendered":"una artista con m\u00e1s de 28.000 millones de reproducciones para asesorar a Ana Mena"},"content":{"rendered":"\n<p> Antena 3 ya prepara el regreso de La Voz Kids con importantes novedades en su equipo art\u00edstico. A los ya confirmados coaches \u2014Ana Mena, Edurne, Luis Fonsi y Antonio Orozco\u2014 se suman ahora cuatro figuras de primer nivel que ejercer\u00e1n como asesores en la pr\u00f3xima edici\u00f3n del talent show: <strong>Melody, Becky G, Leire Mart\u00ednez y Anto\u00f1ito Molina<\/strong>. <\/p>\n<p> El programa, conducido nuevamente por Eva Gonz\u00e1lez, <strong>afronta sus nuevas grabaciones tras haberse consolidado en la \u00faltima temporada como l\u00edder <\/strong>absoluto de la noche de los s\u00e1bados con una media de 13,2% de cuota y m\u00e1s de un mill\u00f3n de espectadores. <\/p>\n<p> El espacio de Atresmedia busca mantener su tir\u00f3n entre la audiencia mezclando veteranas caras del formato, como Antonio Orozo y Luis Fonsi, con artistas nacionales punteras y de m\u00e1xima actualidad como Ana Mena o Melody. Adem\u00e1s, tratar\u00e1 de lograr<strong> un plus de inter\u00e9s y expectaci\u00f3n con la incorporaci\u00f3n de un fichaje internacional de la talla de Becky G<\/strong>, siguiendo la estela de la versi\u00f3n de adultos con Mika. <\/p>\n<p>                Melody. (Atresmedia)           Los nuevos asesores de La Voz Kids           <\/p>\n<p> &#8211; <strong>Melody, que vivi\u00f3 un a\u00f1o hist\u00f3rico tras representar a Espa\u00f1a en Eurovisi\u00f3n 2025, se une al equipo de Luis Fonsi.<\/strong> La sevillana se encuentra en plena gira nacional con todas las entradas agotadas y prepara el que ser\u00e1 su salto internacional de cara a 2026, cuando celebrar\u00e1 sus 25 a\u00f1os de carrera con un espect\u00e1culo de gran formato en Espa\u00f1a y Latinoam\u00e9rica. <\/p>\n<p> &#8211; <strong>Becky G ser\u00e1 la asesora de Ana Mena. La artista multiplatino, nominada en cinco ocasiones al Latin Grammy<\/strong>, combina su faceta musical con incursiones en el cine y la televisi\u00f3n. Con m\u00e1s de 28.000 millones de reproducciones en plataformas, la estadounidense de ra\u00edces mexicanas es hoy una de las voces m\u00e1s influyentes del panorama internacional. <\/p>\n<p> &#8211; <strong>Leire Mart\u00ednez, tras m\u00e1s de quince a\u00f1os como vocalista de La Oreja de Van Gogh, acompa\u00f1ar\u00e1 a Edurne<\/strong>. La cantante donostiarra acaba de iniciar su etapa en solitario con un proyecto m\u00e1s \u00edntimo y personal, en el que busca reconectar con su esencia y ofrecer al p\u00fablico una versi\u00f3n renovada de su talento. <\/p>\n<p> &#8211; <strong>Anto\u00f1ito Molina, que ejercer\u00e1 de asesor de Antonio Orozco, es una de las grandes promesas de la m\u00fasica en espa\u00f1ol.<\/strong> Con m\u00e1s de un mill\u00f3n de oyentes mensuales en Spotify y giras con numerosos sold out, el gaditano se ha consolidado como referente emergente del pop mel\u00f3dico gracias a su autenticidad y cercan\u00eda. <\/p>\n<p> Antena 3 ya prepara el regreso de La Voz Kids con importantes novedades en su equipo art\u00edstico. A los ya confirmados coaches \u2014Ana Mena, Edurne, Luis Fonsi y Antonio Orozco\u2014 se suman ahora cuatro figuras de primer nivel que ejercer\u00e1n como asesores en la pr\u00f3xima edici\u00f3n del talent show: <strong>Melody, Becky G, Leire Mart\u00ednez y Anto\u00f1ito Molina<\/strong>. <\/p>\n","protected":false},"excerpt":{"rendered":"Antena 3 ya prepara el regreso de La Voz Kids con importantes novedades en su equipo art\u00edstico. A&hellip;\n","protected":false},"author":2,"featured_media":131946,"comment_status":"","ping_status":"","sticky":false,"template":"","format":"standard","meta":{"footnotes":""},"categories":[171],"tags":[146,147,25,24,23,214],"class_list":{"0":"post-131945","1":"post","2":"type-post","3":"status-publish","4":"format-standard","5":"has-post-thumbnail","7":"category-tv","8":"tag-entertainment","9":"tag-entretenimiento","10":"tag-es","11":"tag-espana","12":"tag-spain","13":"tag-tv"},"share_on_mastodon":{"url":"","error":""},"_links":{"self":[{"href":"https:\/\/www.europesays.com\/es\/wp-json\/wp\/v2\/posts\/131945","targetHints":{"allow":["GET"]}}],"collection":[{"href":"https:\/\/www.europesays.com\/es\/wp-json\/wp\/v2\/posts"}],"about":[{"href":"https:\/\/www.europesays.com\/es\/wp-json\/wp\/v2\/types\/post"}],"author":[{"embeddable":true,"href":"https:\/\/www.europesays.com\/es\/wp-json\/wp\/v2\/users\/2"}],"replies":[{"embeddable":true,"href":"https:\/\/www.europesays.com\/es\/wp-json\/wp\/v2\/comments?post=131945"}],"version-history":[{"count":0,"href":"https:\/\/www.europesays.com\/es\/wp-json\/wp\/v2\/posts\/131945\/revisions"}],"wp:featuredmedia":[{"embeddable":true,"href":"https:\/\/www.europesays.com\/es\/wp-json\/wp\/v2\/media\/131946"}],"wp:attachment":[{"href":"https:\/\/www.europesays.com\/es\/wp-json\/wp\/v2\/media?parent=131945"}],"wp:term":[{"taxonomy":"category","embeddable":true,"href":"https:\/\/www.europesays.com\/es\/wp-json\/wp\/v2\/categories?post=131945"},{"taxonomy":"post_tag","embeddable":true,"href":"https:\/\/www.europesays.com\/es\/wp-json\/wp\/v2\/tags?post=131945"}],"curies":[{"name":"wp","href":"https:\/\/api.w.org\/{rel}","templated":true}]}}