{"id":131948,"date":"2025-09-22T14:31:08","date_gmt":"2025-09-22T14:31:08","guid":{"rendered":"https:\/\/www.europesays.com\/es\/131948\/"},"modified":"2025-09-22T14:31:08","modified_gmt":"2025-09-22T14:31:08","slug":"esta-es-la-pelicula-de-terror-que-dos-anos-despues-triunfa-en-netflix-y-ha-conseguido-sorprender-a-la-audiencia","status":"publish","type":"post","link":"https:\/\/www.europesays.com\/es\/131948\/","title":{"rendered":"Esta es la pel\u00edcula de terror que dos a\u00f1os despu\u00e9s triunfa en Netflix y ha conseguido sorprender a la audiencia"},"content":{"rendered":"<p class=\"\"><a href=\"https:\/\/as.com\/meristation\/series\/todos-los-estrenos-y-novedades-de-netflix-en-septiembre-de-2025-n\/\" target=\"_blank\" rel=\"noreferrer nofollow noopener\" title=\"https:\/\/as.com\/meristation\/series\/todos-los-estrenos-y-novedades-de-netflix-en-septiembre-de-2025-n\/\"><b>Netflix<\/b><\/a>, la plataforma de streaming de v\u00eddeo m\u00e1s popular del mundo, tiene la capacidad para sorprendernos eventualmente con pel\u00edculas y series que consiguen destacar varios a\u00f1os despu\u00e9s de su lanzamiento. Ese es el caso de &#8216;<b>No tengas miedo<\/b>\u2018, un film de terror conocido originalmente como \u2018<a href=\"https:\/\/as.com\/meristation\/noticias\/cobweb-la-pelicula-de-terror-mas-infravalorada-del-ano-n\/\" target=\"_blank\" rel=\"nofollow noopener\" title=\"https:\/\/as.com\/meristation\/noticias\/cobweb-la-pelicula-de-terror-mas-infravalorada-del-ano-n\/\"><b>Cobweb<\/b><\/a>\u2018, que sali\u00f3 en el a\u00f1o 2023 y que recientemente ha conseguido situarse entre las 10 pel\u00edculas m\u00e1s vistas, siendo una antesala perfecta para <b>Halloween<\/b>.<\/p>\n<p class=\"\">\u2018No tengas miedo\u2019 recaud\u00f3 tan solo 10 millones de d\u00f3lares a nivel mundial cuando se estren\u00f3, siendo eclipsada por otras pel\u00edculas del mismo g\u00e9nero como \u2018Five Nights at Freddy\u2019s, pero ahora empieza a hacerse un hueco entre el p\u00fablico. Un reparto destacado que cuenta con <b>Antony Starr<\/b>, conocido por su papel de Patriota en \u2018The Boys\u2019, Lizzy Caplan y Cleopatra Coleman entre otros. <\/p>\n<p>Un film infravalorado que comienza a ser reconocido<\/p>\n<p class=\"\">Una pel\u00edcula de terror llena de oscuridad y que ha sido ignorada en los \u00faltimos a\u00f1os, con un <b>final<\/b> capaz de sorprender a la audiencia y acabar convirti\u00e9ndose en un cl\u00e1sico que ahora, un par de a\u00f1os despu\u00e9s de su estreno, destaca en Netflix a poco m\u00e1s de un mes para Halloween.<\/p>\n<p class=\"\">\u00bfDe qu\u00e9 trata \u2018No tengas miedo (Cobweb)\u2019? La <b>sinopsis <\/b>de la pel\u00edcula dice lo siguiente: \u00abPeter, de ocho a\u00f1os, vive atormentado por culpa de los misteriosos golpes provenientes del interior de la pared de su dormitorio. Sus padres insisten en que s\u00f3lo est\u00e1n en su imaginaci\u00f3n. A medida que el miedo de Peter se intensifica, empieza a creer que sus padres podr\u00edan estar escondiendo un terrible y peligroso secreto&#8230; \u00bfQu\u00e9 hay m\u00e1s aterrador para un ni\u00f1o que dejar de confiar en su familia?\u00bb <\/p>\n<p>Noticias relacionadas<\/p>\n<p class=\"\">Suscr\u00edbete al <a href=\"https:\/\/www.youtube.com\/@meristation\" target=\"_self\" rel=\"nofollow noopener\" title=\"https:\/\/www.youtube.com\/@meristation\">canal de MeriStation en YouTube<\/a>, tu web de videojuegos y entretenimiento para conocer todas las noticias y novedades sobre el mundo del videojuego, cine, series, manga y anime. An\u00e1lisis, entrevistas, tr\u00e1ileres, gameplays, p\u00f3dcast y mucho m\u00e1s. Tambi\u00e9n te animamos a seguir <a href=\"https:\/\/www.tiktok.com\/@meristation\" rel=\"nofollow noopener\" title=\"https:\/\/www.tiktok.com\/@meristation\" target=\"_blank\">nuestra cuenta de TikTok<\/a>. <\/p>\n<p class=\"\">\u00a1S\u00edguenos en ambas y, si est\u00e1s interesado en licenciar este contenido, pincha <a href=\"https:\/\/profesional.elpais.com\/soluciones-sindicacion?utm_medium=interno&amp;utm_source=crosslinking&amp;utm_campaign=sindicacion_as_pie_articulos\" target=\"_blank\" rel=\"nofollow noopener\" title=\"https:\/\/profesional.elpais.com\/soluciones-sindicacion?utm_medium=interno&amp;utm_source=crosslinking&amp;utm_campaign=sindicacion_as_pie_articulos\">aqu\u00ed<\/a>!<\/p>\n<p><script async src=\"\/\/www.tiktok.com\/embed.js\"><\/script><\/p>\n","protected":false},"excerpt":{"rendered":"Netflix, la plataforma de streaming de v\u00eddeo m\u00e1s popular del mundo, tiene la capacidad para sorprendernos eventualmente con&hellip;\n","protected":false},"author":2,"featured_media":131949,"comment_status":"","ping_status":"","sticky":false,"template":"","format":"standard","meta":{"footnotes":""},"categories":[169],"tags":[177,146,147,25,24,176,175,23],"class_list":{"0":"post-131948","1":"post","2":"type-post","3":"status-publish","4":"format-standard","5":"has-post-thumbnail","7":"category-cine","8":"tag-cine","9":"tag-entertainment","10":"tag-entretenimiento","11":"tag-es","12":"tag-espana","13":"tag-film","14":"tag-movies","15":"tag-spain"},"share_on_mastodon":{"url":"","error":""},"_links":{"self":[{"href":"https:\/\/www.europesays.com\/es\/wp-json\/wp\/v2\/posts\/131948","targetHints":{"allow":["GET"]}}],"collection":[{"href":"https:\/\/www.europesays.com\/es\/wp-json\/wp\/v2\/posts"}],"about":[{"href":"https:\/\/www.europesays.com\/es\/wp-json\/wp\/v2\/types\/post"}],"author":[{"embeddable":true,"href":"https:\/\/www.europesays.com\/es\/wp-json\/wp\/v2\/users\/2"}],"replies":[{"embeddable":true,"href":"https:\/\/www.europesays.com\/es\/wp-json\/wp\/v2\/comments?post=131948"}],"version-history":[{"count":0,"href":"https:\/\/www.europesays.com\/es\/wp-json\/wp\/v2\/posts\/131948\/revisions"}],"wp:featuredmedia":[{"embeddable":true,"href":"https:\/\/www.europesays.com\/es\/wp-json\/wp\/v2\/media\/131949"}],"wp:attachment":[{"href":"https:\/\/www.europesays.com\/es\/wp-json\/wp\/v2\/media?parent=131948"}],"wp:term":[{"taxonomy":"category","embeddable":true,"href":"https:\/\/www.europesays.com\/es\/wp-json\/wp\/v2\/categories?post=131948"},{"taxonomy":"post_tag","embeddable":true,"href":"https:\/\/www.europesays.com\/es\/wp-json\/wp\/v2\/tags?post=131948"}],"curies":[{"name":"wp","href":"https:\/\/api.w.org\/{rel}","templated":true}]}}