{"id":131954,"date":"2025-09-22T14:34:07","date_gmt":"2025-09-22T14:34:07","guid":{"rendered":"https:\/\/www.europesays.com\/es\/131954\/"},"modified":"2025-09-22T14:34:07","modified_gmt":"2025-09-22T14:34:07","slug":"cuarenta-anos-de-semana-de-la-moda-en-madrid-de-una-pequena-carpa-de-colon-a-las-pasarelas-en-cibeles-noticias-de-madrid","status":"publish","type":"post","link":"https:\/\/www.europesays.com\/es\/131954\/","title":{"rendered":"Cuarenta a\u00f1os de semana de la moda en Madrid: de una peque\u00f1a carpa de Col\u00f3n a las pasarelas en Cibeles | Noticias de Madrid"},"content":{"rendered":"<p class=\"\">Madrid no siempre fue durante una semana al a\u00f1o capital mundial de la moda. Hace cuarenta a\u00f1os, en una carpa de circo alquilada a Teresa Rabal y plantada en plena plaza de Col\u00f3n, seis dise\u00f1adores espa\u00f1oles decidieron que era hora de cambiar eso. All\u00ed, en febrero de 1985, <a href=\"https:\/\/elpais.com\/estilo\/2024-02-14\/madrid-es-moda-se-perfila-como-el-punto-de-encuentro-de-la-mejor-moda-espanola.html\" target=\"_self\" rel=\"nofollow noopener\" title=\"https:\/\/elpais.com\/estilo\/2024-02-14\/madrid-es-moda-se-perfila-como-el-punto-de-encuentro-de-la-mejor-moda-espanola.html\">naci\u00f3 lo que hoy conocemos como la Mercedes-Benz Fashion Week Madrid<\/a>. Jes\u00fas del Pozo, Manuel Pi\u00f1a, Roberto Verino, Antonio Alvarado, Jorge Gonz\u00e1lvez y Mar\u00eda Moreira inauguraron con sus colecciones una cita que ha terminado por convertirse en <a href=\"https:\/\/elpais.com\/smoda\/moda\/2025-02-11\/teresa-helbig-apuesta-por-el-pret-a-porter-es-un-cambio-de-idioma-que-estamos-empezando-a-hablar.html\" target=\"_self\" rel=\"nofollow noopener\" title=\"https:\/\/elpais.com\/smoda\/moda\/2025-02-11\/teresa-helbig-apuesta-por-el-pret-a-porter-es-un-cambio-de-idioma-que-estamos-empezando-a-hablar.html\">el gran escaparate del dise\u00f1o espa\u00f1ol<\/a>. Luz Sagal\u00e9s Roca de Vi\u00f1als, directora de comunicaci\u00f3n y marketing de la pasarela, vivi\u00f3 los inicios desde dentro: \u201cCuando pienso en aquellos primeros desfiles, la carpa en Plaza de Col\u00f3n, los nervios y la ilusi\u00f3n, me viene a la mente la idea de un taller colectivo que se ha ido convirtiendo en un taller m\u00e1s grande: la suma de muchas manos y muchas voces\u201d.<\/p>\n<p class=\"\">Este a\u00f1o, el Ayuntamiento de Madrid <a href=\"https:\/\/elpais.com\/smoda\/moda\/2024-09-09\/madrid-es-moda-inaugura-la-semana-de-la-moda-con-un-desfile-en-la-puerta-de-alcala.html\" target=\"_self\" rel=\"nofollow noopener\" title=\"https:\/\/elpais.com\/smoda\/moda\/2024-09-09\/madrid-es-moda-inaugura-la-semana-de-la-moda-con-un-desfile-en-la-puerta-de-alcala.html\">ha reforzado su compromiso con el sector<\/a>. Hasta este domingo, m\u00e1s de 65 dise\u00f1adores y 250 modelos han participado en las actividades programadas en toda la ciudad. Como parte de ese impulso, la Junta de Gobierno aprob\u00f3 la semana pasada una subvenci\u00f3n directa de 250.000 euros a Madrid es Moda, adem\u00e1s de un presupuesto global de al menos 1,15 millones de euros destinados a la promoci\u00f3n del sector. \u201cAunque su impacto directo en t\u00e9rminos de p\u00fablico es m\u00e1s limitado que el de grandes conciertos, su valor reside en el efecto de marca y en la red de relaciones empresariales que genera. Es un p\u00fablico selecto, orientado al mundo de la moda y lo que se produce es un retorno m\u00e1s intangible, ligado al posicionamiento de Madrid frente a otras capitales europeas\u201d, explica Albert Guivernau, investigador de OBS Business School y director de la Fundaci\u00f3n Civismo. <\/p>\n<p class=\"\">La moda representa el 2,9% del PIB espa\u00f1ol, genera el 3,7% del empleo y supone el 8,2% de las exportaciones de bienes. \u201cLa Comunidad de Madrid roza los 52.100 trabajadores en la industria de la moda y, concretamente en el sector textil, emple\u00f3 a m\u00e1s de 4.500 personas en 2024, adem\u00e1s de liderar el ranking auton\u00f3mico de facturaci\u00f3n, al concentrar el 17,54% del total nacional\u201d, han explicado durante la presentaci\u00f3n de la semana de la moda. Para las personas dentro del sector, <a href=\"https:\/\/elpais.com\/smoda\/madrid-es-moda-inauguracion-disenadores-agenda-actividades.html\" target=\"_self\" rel=\"nofollow noopener\" title=\"https:\/\/elpais.com\/smoda\/madrid-es-moda-inauguracion-disenadores-agenda-actividades.html\">el impacto es global<\/a>. \u201cSe mide en visitantes, en cobertura medi\u00e1tica, en la activaci\u00f3n de hoteles, restaurantes y comercios. Pero hay otros retornos menos cuantificables y, para m\u00ed, igual de valiosos: el posicionamiento de la moda espa\u00f1ola\u201d, sostiene Sagal\u00e9s. <\/p>\n<p class=\"\">El evento, queha celebrado su 40\u00ba aniversario, se consolida como el principal escaparate del dise\u00f1o espa\u00f1ol, arrebat\u00e1ndole el puesto a Barcelona. Para el profesor Guivernau<a href=\"https:\/\/elpais.com\/smoda\/moda\/moda-arte-y-regueton-juan-duyos-presenta-su-nueva-coleccion-en-el-museo-cerralbo.html\" target=\"_self\" rel=\"nofollow noopener\" title=\"https:\/\/elpais.com\/smoda\/moda\/moda-arte-y-regueton-juan-duyos-presenta-su-nueva-coleccion-en-el-museo-cerralbo.html\"> el cambio de foco respecto a Barcelona responde<\/a>, en gran parte, a la fuerte apuesta institucional, que han facilitado escenarios hist\u00f3ricos y apoyado la organizaci\u00f3n. \u201cHoy la moda representa un porcentaje significativo del PIB nacional y Madrid concentra cada vez m\u00e1s firmas, profesionales y visitantes atra\u00eddos por este sector. La inversi\u00f3n p\u00fablica, que ronda el mill\u00f3n y medio de euros, funciona como una campa\u00f1a de marketing global que coloca a la ciudad en el mapa del dise\u00f1o internacional. \u201cLa tradici\u00f3n de Par\u00eds o Mil\u00e1n a\u00fan marca una diferencia, pero Madrid ya se percibe como un destino tur\u00edstico y creativo de moda en Europa\u201d, a\u00f1ade Guivernau.<\/p>\n<p class=\"\">Durante estas d\u00e9cadas, la semana de la moda ha cambiado de nombre, de ubicaci\u00f3n y de direcci\u00f3n. Aunque naci\u00f3 en Col\u00f3n, pronto cambi\u00f3 de escenario. En su segunda edici\u00f3n se traslad\u00f3 al Museo del Ferrocarril, en la antigua estaci\u00f3n de Delicias, con la incorporaci\u00f3n de creadores como Sybilla, Elisa Bracci o Adolfo Dom\u00ednguez. Despu\u00e9s, se traslad\u00f3 al recinto ferial de la Casa de Campo, y posteriormente al Palacio de Congresos y Exposiciones.<\/p>\n<p class=\"\">La modelo y empresaria Nieves \u00c1lvarez tambi\u00e9n guarda un recuerdo personal de aquellos a\u00f1os. \u201cCreo que era la temporada primavera-verano del 93, y desfil\u00e9 para Pedro del Hierro, Roberto Verino y Devota &amp; Lomba. All\u00ed aprend\u00ed a desfilar. \u00c9ramos una familia. Esther Garc\u00eda, que sigue al frente de la producci\u00f3n, nos cuidaba en todo momento, y Yolanda Gonz\u00e1lez, directora de maquillaje, era como una madre para todas\u201d, recuerda. Con cierta nostalgia, lamenta que ahora se respire otra energ\u00eda en los desfiles. \u201cCada salida se aplaud\u00eda. Hoy eso ya no ocurre porque la gente est\u00e1 grabando con los m\u00f3viles\u201d, a\u00f1ade.<\/p>\n<p class=\"\">El gran salto lleg\u00f3 en 1995, cuando la pasarela se traslad\u00f3 al Parque Ferial Juan Carlos I y, al a\u00f1o siguiente, pas\u00f3 a ser gestionada por IFEMA, que consolid\u00f3 el evento en su ubicaci\u00f3n actual, con la excepci\u00f3n de tres ediciones celebradas entre 2006 y 2007 (septiembre de 2006 y febrero y septiembre de 2007) en el Parque del Retiro. En 2012, una alianza con la automovil\u00edstica alemana Mercedes-Benz rebautiz\u00f3 el evento como Mercedes-Benz Fashion Week Madrid, lo que permiti\u00f3 su integraci\u00f3n en el circuito internacional de pasarelas patrocinadas por la marca. Desde 2006, IFEMA tambi\u00e9n organiza la plataforma EGO para j\u00f3venes talentos, que en 2013 pas\u00f3 a llamarse Samsung EGO, consolid\u00e1ndose como cantera de nuevos dise\u00f1adores.<\/p>\n<p class=\"\">Sagal\u00e9s destaca el papel de la pasarela como trampol\u00edn para el dise\u00f1o nacional. \u201c<a href=\"https:\/\/elpais.com\/smoda\/madrid-es-moda-firmas-autor-primavera-2022.html\" target=\"_self\" rel=\"nofollow noopener\" title=\"https:\/\/elpais.com\/smoda\/madrid-es-moda-firmas-autor-primavera-2022.html\">Fue el primer gran escaparate<\/a>, la puerta para que compradores y prensa internacional descubrieran nuestro trabajo. Ha hecho que Madrid se vea como lo que es: una ciudad viva, creativa, donde la moda dialoga con el arte, la gastronom\u00eda y otras disciplinas. La moda espa\u00f1ola siempre ha sido m\u00e1s \u00edntima, m\u00e1s ligada al oficio y a la mujer real. Y la semana de la moda de Madrid es imprescindible para detectar talento y tendencias aut\u00e9nticas\u201d.<\/p>\n<p class=\"\"><b>La ciudad como escenario<\/b><\/p>\n<p class=\"\">En esta edici\u00f3n, el evento ocupa m\u00e1s de 14.000 metros cuadrados en IFEMA, con dos pasarelas y un espacio expositivo conocido como Cibelespacio. Adem\u00e1s, se extiende a enclaves del centro hist\u00f3rico de Madrid como Conde Duque, CentroCentro,<a href=\"https:\/\/elpais.com\/smoda\/mercedes-benz-fashion-week-madrid-es-moda-septiembre-2021.html\" target=\"_self\" rel=\"nofollow noopener\" title=\"https:\/\/elpais.com\/smoda\/mercedes-benz-fashion-week-madrid-es-moda-septiembre-2021.html\"> el Palacio de Cibeles o la Casa de la Panader\u00eda<\/a>.<\/p>\n<p class=\"\">La direcci\u00f3n creativa actual est\u00e1 en manos de Valentina Su\u00e1rez-Zuloaga, que ha asumido el reto de renovar la pasarela: \u201cSiempre he pensado en Cibeles como el place to be del amante de la moda en Espa\u00f1a. Hoy nos toca replantear todo el proyecto, conceptualizar hacia d\u00f3nde queremos ir y qu\u00e9 lugar puede tener Madrid en un panorama cultural y econ\u00f3mico nuevo\u201d, explica.<\/p>\n<p class=\"\">Su\u00e1rez-Zuloaga ha impulsado un plan de internacionalizaci\u00f3n, ha programado inauguraciones en espacios emblem\u00e1ticos como el Ayuntamiento de Madrid y ha reforzado el di\u00e1logo con los dise\u00f1adores: \u201cLo primero que hice fue sentarme con ellos y preguntarles qu\u00e9 necesitaban. La pasarela de Madrid tiene que estar m\u00e1s en la ciudad, pero tambi\u00e9n ganar relevancia internacional\u201d, afirma.<\/p>\n<p class=\"\">En este aniversario, por primera vez habr\u00e1 una dise\u00f1adora internacional invitada: la colombiana Silvia Tcherassi, reconocida por una trayectoria de m\u00e1s de tres d\u00e9cadas. Su desfile en la galer\u00eda de Cristal del Palacio de Cibeles coincidir\u00e1 con el d\u00e9cimo aniversario de la apertura de su boutique en Madrid. \u201cEspero que mi presentaci\u00f3n sea una oportunidad para estrechar m\u00e1s los lazos art\u00edsticos, culturales y de negocios entre Espa\u00f1a y Latinoam\u00e9rica. Que este evento se convierta en la gran plataforma de la moda iberoamericana\u201d, se\u00f1ala.<\/p>\n<p class=\"\">En paralelo, cerca de 20 empresas de moda, joyer\u00eda, complementos y artesan\u00edas \u2014surgidas en mercados populares de Bogot\u00e1\u2014 participar\u00e1n en la feria de moda en IFEMA, con el respaldo de ProColombia y la C\u00e1mara de Comercio de Bogot\u00e1. \u201cLa relaci\u00f3n comercial con Espa\u00f1a es cada vez m\u00e1s importante para nosotros, y el sector de la moda forma ya parte fundamental de esta canasta\u201d, subraya Carmen Caballero, presidenta de ProColombia.<\/p>\n<p>La moda toma la calle<\/p>\n<p class=\"\">La Vogue Fashion\u2019s Night Out ha regresado con su XVII edici\u00f3n consolidada como una de las grandes fiestas urbanas de la moda en Madrid. Lo que naci\u00f3 en 2009 de la mano de Anna Wintour para reactivar el consumo tras la crisis de 2008, se ha transformado en un encuentro que conecta moda, belleza y m\u00fasica en plena calle.<\/p>\n<p class=\"\">Este a\u00f1o ha adoptado formato de mini-festival, con actuaciones gratuitas de artistas como Marina Reche y Mafalda Cardenal en el escenario de Ortega y Gasset con Lagasca. La cita ha contado con experiencias interactivas \u2014desde maquillarse para un festival hasta posar en una portada de Vogue\u2014 y con una zona VIP en el Hotel Rosewood Villa Magna que ha acogido Casa Vogue como extensi\u00f3n exclusiva del evento dando el pistoletazo de salida para inaugurar el mes de la moda en la capital. <\/p>\n","protected":false},"excerpt":{"rendered":"Madrid no siempre fue durante una semana al a\u00f1o capital mundial de la moda. Hace cuarenta a\u00f1os, en&hellip;\n","protected":false},"author":2,"featured_media":131955,"comment_status":"","ping_status":"","sticky":false,"template":"","format":"standard","meta":{"footnotes":""},"categories":[91],"tags":[1467,6873,14048,146,147,25,24,205,42169,42170,1023,42168,3383,23264,23],"class_list":{"0":"post-131954","1":"post","2":"type-post","3":"status-publish","4":"format-standard","5":"has-post-thumbnail","7":"category-entretenimiento","8":"tag-comunidad-de-madrid","9":"tag-disenadores","10":"tag-disenadores-moda","11":"tag-entertainment","12":"tag-entretenimiento","13":"tag-es","14":"tag-espana","15":"tag-madrid","16":"tag-madrid-es-moda","17":"tag-mbfw-madrid","18":"tag-moda","19":"tag-moda-alternativa","20":"tag-modelos","21":"tag-pasarelas-moda","22":"tag-spain"},"share_on_mastodon":{"url":"","error":""},"_links":{"self":[{"href":"https:\/\/www.europesays.com\/es\/wp-json\/wp\/v2\/posts\/131954","targetHints":{"allow":["GET"]}}],"collection":[{"href":"https:\/\/www.europesays.com\/es\/wp-json\/wp\/v2\/posts"}],"about":[{"href":"https:\/\/www.europesays.com\/es\/wp-json\/wp\/v2\/types\/post"}],"author":[{"embeddable":true,"href":"https:\/\/www.europesays.com\/es\/wp-json\/wp\/v2\/users\/2"}],"replies":[{"embeddable":true,"href":"https:\/\/www.europesays.com\/es\/wp-json\/wp\/v2\/comments?post=131954"}],"version-history":[{"count":0,"href":"https:\/\/www.europesays.com\/es\/wp-json\/wp\/v2\/posts\/131954\/revisions"}],"wp:featuredmedia":[{"embeddable":true,"href":"https:\/\/www.europesays.com\/es\/wp-json\/wp\/v2\/media\/131955"}],"wp:attachment":[{"href":"https:\/\/www.europesays.com\/es\/wp-json\/wp\/v2\/media?parent=131954"}],"wp:term":[{"taxonomy":"category","embeddable":true,"href":"https:\/\/www.europesays.com\/es\/wp-json\/wp\/v2\/categories?post=131954"},{"taxonomy":"post_tag","embeddable":true,"href":"https:\/\/www.europesays.com\/es\/wp-json\/wp\/v2\/tags?post=131954"}],"curies":[{"name":"wp","href":"https:\/\/api.w.org\/{rel}","templated":true}]}}