{"id":131958,"date":"2025-09-22T14:36:25","date_gmt":"2025-09-22T14:36:25","guid":{"rendered":"https:\/\/www.europesays.com\/es\/131958\/"},"modified":"2025-09-22T14:36:25","modified_gmt":"2025-09-22T14:36:25","slug":"dos-mecanicos-revelan-la-mejor-marca-de-coches-del-momento-practicamente-no-se-rompen","status":"publish","type":"post","link":"https:\/\/www.europesays.com\/es\/131958\/","title":{"rendered":"Dos mec\u00e1nicos revelan la mejor marca de coches del momento: \u00abPr\u00e1cticamente no se rompen\u00bb"},"content":{"rendered":"<p class=\"ft-text\"><strong>No es nada sencillo encontrar el coche ideal<\/strong>, a pesar de que hay muchos modelos disponibles en el mercado. Una de las principales dificultades que los ciudadanos se encuentran en el concesionario es que el veh\u00edculo cumpla con todas las necesidades.<\/p>\n<p class=\"ft-text\">Aunque al final todas las personas\u00a0buscan un <a class=\"ft-link ft-link--decoration\" href=\"https:\/\/www.elperiodicodearagon.com\/tags\/automovil\/\" target=\"_blank\" rel=\"nofollow noopener\">autom\u00f3vil<\/a> seguro, fiable<strong>\u00a0<\/strong>y que en el fututo no tenga problemas en el motor o en cualquiera otra parte. Por este motivo,\u00a0<strong>dos mec\u00e1nicos han revelado en TikTok la marca de coches del momento<\/strong>.<\/p>\n<p class=\"ft-text\">Los expertos en coches empiezan diciendo que \u00ab<strong>se nos inunda el desguace con esta marca<\/strong>.\u00a0Y es que no paran de entrar.\u00a0Es raro el mes que no entre alguno\u00bb. Se trata de la marca asi\u00e1tica MG, conocida por su pasado de origen ingl\u00e9s.<\/p>\n<p>\u00abPrecios rompedores\u00bb<\/p>\n<p class=\"ft-text\">\u00abComo bien sab\u00e9is, son coches chinos, con la calidad justa para echar d\u00edas.\u00a0A unos precios rompedores, muy baratos.\u00a0Pero lamento deciros a los &#8216;haters&#8217;\u00a0<strong>de la marca que son coches que est\u00e1n dando muy buenos resultados<\/strong>\u00ab, se\u00f1alan.<\/p>\n<p class=\"ft-text\">Los mec\u00e1nicos comentan que estos veh\u00edculos \u00ab<strong>pr\u00e1cticamente no se rompen<\/strong>\u00ab, aunque muchos llegan a los talleres debido a accidentes o problemas derivados de la conducci\u00f3n. A pesar de su resistencia mec\u00e1nica, los percances no est\u00e1n exentos de ocurrir.<\/p>\n<p class=\"ft-text\">En cuanto al costo de reparaci\u00f3n, se se\u00f1ala que \u00ab<strong>es el mismo que el valor de venta del coche<\/strong>\u00ab. Esto convierte cualquier arreglo en una decisi\u00f3n econ\u00f3mica importante para los propietarios.<\/p>\n<p class=\"ft-text\">Otro factor que influye es la cantidad de MG en <a class=\"ft-link ft-link--decoration\" href=\"https:\/\/www.elperiodicodearagon.com\/tags\/circulacion\/\" target=\"_blank\" rel=\"nofollow noopener\">circulaci\u00f3n<\/a>. Cuantos m\u00e1s veh\u00edculos de este tipo hay en la carretera,\u00a0<strong>mayor es la probabilidad de incidentes que requieran reparaci\u00f3n<\/strong>.<\/p>\n<p class=\"ft-text\">Adem\u00e1s,\u00a0<strong>se han matriculado m\u00e1s de 100.000 unidades en los \u00faltimos cinco a\u00f1os<\/strong>, lo que explica por qu\u00e9 los talleres reciben tantos de estos coches, pese a su reputaci\u00f3n de durabilidad.<\/p>\n","protected":false},"excerpt":{"rendered":"No es nada sencillo encontrar el coche ideal, a pesar de que hay muchos modelos disponibles en el&hellip;\n","protected":false},"author":2,"featured_media":131959,"comment_status":"","ping_status":"","sticky":false,"template":"","format":"standard","meta":{"footnotes":""},"categories":[80],"tags":[41317,82,1558,4482,95,94,25,24,3841,9614,42171,2812,846,23,7830],"class_list":{"0":"post-131958","1":"post","2":"type-post","3":"status-publish","4":"format-standard","5":"has-post-thumbnail","7":"category-economia","8":"tag-automoviles","9":"tag-business","10":"tag-coches","11":"tag-dv","12":"tag-economia","13":"tag-economy","14":"tag-es","15":"tag-espana","16":"tag-marca","17":"tag-marcas","18":"tag-mecanicos","19":"tag-momento","20":"tag-revelan","21":"tag-spain","22":"tag-talleres"},"share_on_mastodon":{"url":"","error":""},"_links":{"self":[{"href":"https:\/\/www.europesays.com\/es\/wp-json\/wp\/v2\/posts\/131958","targetHints":{"allow":["GET"]}}],"collection":[{"href":"https:\/\/www.europesays.com\/es\/wp-json\/wp\/v2\/posts"}],"about":[{"href":"https:\/\/www.europesays.com\/es\/wp-json\/wp\/v2\/types\/post"}],"author":[{"embeddable":true,"href":"https:\/\/www.europesays.com\/es\/wp-json\/wp\/v2\/users\/2"}],"replies":[{"embeddable":true,"href":"https:\/\/www.europesays.com\/es\/wp-json\/wp\/v2\/comments?post=131958"}],"version-history":[{"count":0,"href":"https:\/\/www.europesays.com\/es\/wp-json\/wp\/v2\/posts\/131958\/revisions"}],"wp:featuredmedia":[{"embeddable":true,"href":"https:\/\/www.europesays.com\/es\/wp-json\/wp\/v2\/media\/131959"}],"wp:attachment":[{"href":"https:\/\/www.europesays.com\/es\/wp-json\/wp\/v2\/media?parent=131958"}],"wp:term":[{"taxonomy":"category","embeddable":true,"href":"https:\/\/www.europesays.com\/es\/wp-json\/wp\/v2\/categories?post=131958"},{"taxonomy":"post_tag","embeddable":true,"href":"https:\/\/www.europesays.com\/es\/wp-json\/wp\/v2\/tags?post=131958"}],"curies":[{"name":"wp","href":"https:\/\/api.w.org\/{rel}","templated":true}]}}