{"id":131960,"date":"2025-09-22T14:37:15","date_gmt":"2025-09-22T14:37:15","guid":{"rendered":"https:\/\/www.europesays.com\/es\/131960\/"},"modified":"2025-09-22T14:37:15","modified_gmt":"2025-09-22T14:37:15","slug":"trayectoria-del-huracan-gabrielle-donde-esta-y-hacia-donde-se-dirige","status":"publish","type":"post","link":"https:\/\/www.europesays.com\/es\/131960\/","title":{"rendered":"Trayectoria del hurac\u00e1n Gabrielle: d\u00f3nde est\u00e1 y hacia d\u00f3nde se dirige"},"content":{"rendered":"<p>      CNN<br \/>\n        \u00a0\u2014\u00a0<\/p>\n<p class=\"paragraph inline-placeholder vossi-paragraph\" data-uri=\"es.cms.cnn.com\/_components\/paragraph\/instances\/cmfv2d0ys009y26p43uegecg4@published\" data-editable=\"text\" data-component-name=\"paragraph\" data-article-gutter=\"true\">\n            El hurac\u00e1n Gabrielle se intensific\u00f3 con fuerza en el Atl\u00e1ntico el lunes por la ma\u00f1ana y ahora es un hurac\u00e1n de categor\u00eda 3 con vientos sostenidos de 193 km\/h, seg\u00fan el Centro Nacional de Huracanes (NHC, por sus siglas en ingl\u00e9s).\n    <\/p>\n<p class=\"paragraph inline-placeholder vossi-paragraph\" data-uri=\"es.cms.cnn.com\/_components\/paragraph\/instances\/cmfv5g1mo00023b6ih1yezfk8@published\" data-editable=\"text\" data-component-name=\"paragraph\" data-article-gutter=\"true\">\n            Gabrielle se encontraba a unos 320 km al sureste de Bermudas a las 9:00 a. m. ET del lunes y seguir\u00e1 rumbo al norte durante el d\u00eda. No se espera que toque tierra en Bermudas, y los impactos deber\u00edan ser m\u00ednimos, pero continuar\u00e1 provocando fuertes olas en la isla, junto con posibles lluvias y vientos.\n    <\/p>\n<p>       <img decoding=\"async\" src=\"https:\/\/www.europesays.com\/es\/wp-content\/uploads\/2025\/09\/gabriella-trayectoria.png\" alt=\"gabriella trayectoria.png\" class=\"image__dam-img image__dam-img--loading\" onload=\"this.classList.remove('image__dam-img--loading')\" onerror=\"imageLoadError(this)\" height=\"491\" width=\"828\" loading=\"lazy\"\/><\/p>\n<p class=\"paragraph inline-placeholder vossi-paragraph\" data-uri=\"es.cms.cnn.com\/_components\/paragraph\/instances\/cmfv5g1mo00033b6i23lcvwoq@published\" data-editable=\"text\" data-component-name=\"paragraph\" data-article-gutter=\"true\">\n            El hurac\u00e1n continuar\u00e1 intensific\u00e1ndose r\u00e1pidamente el lunes y podr\u00eda alcanzar la categor\u00eda 4 a media tarde, seg\u00fan el NHC.\n    <\/p>\n<p class=\"paragraph inline-placeholder vossi-paragraph\" data-uri=\"es.cms.cnn.com\/_components\/paragraph\/instances\/cmfv5g1mo00043b6ihl5aa8ht@published\" data-editable=\"text\" data-component-name=\"paragraph\" data-article-gutter=\"true\">\n            La r\u00e1pida intensificaci\u00f3n se est\u00e1 produciendo con mayor frecuencia en un contexto de calentamiento global debido a la contaminaci\u00f3n por combustibles f\u00f3siles. Gabrielle es el segundo hurac\u00e1n de la temporada atl\u00e1ntica de 2025 y el segundo en intensificarse r\u00e1pidamente hasta convertirse en un hurac\u00e1n mayor de categor\u00eda 3, 4 o 5.\n    <\/p>\n<p class=\"paragraph inline-placeholder vossi-paragraph\" data-uri=\"es.cms.cnn.com\/_components\/paragraph\/instances\/cmfv5g1mo00053b6idk4gxwdn@published\" data-editable=\"text\" data-component-name=\"paragraph\" data-article-gutter=\"true\">\n            Es probable que Gabrielle alcance su m\u00e1ximo nivel de intensidad a finales del lunes y se mantenga bastante potente, pero comenzar\u00e1 a perder fuerza gradualmente el martes y mi\u00e9rcoles a medida que gira y se dirige hacia el este sobre el Atl\u00e1ntico abierto.\n    <\/p>\n<p class=\"paragraph inline-placeholder vossi-paragraph\" data-uri=\"es.cms.cnn.com\/_components\/paragraph\/instances\/cmfv2itts000k356nu9xa599m@published\" data-editable=\"text\" data-component-name=\"paragraph\" data-article-gutter=\"true\">\n            \u201cAunque las probabilidades de impactos siguen disminuyendo, los habitantes de Bermudas deben seguir atentos a las actualizaciones del pron\u00f3stico, ya que a\u00fan son posibles algunos efectos de viento y lluvia\u201d, advirti\u00f3 el centro de huracanes.\n    <\/p>\n<p class=\"paragraph inline-placeholder vossi-paragraph\" data-uri=\"es.cms.cnn.com\/_components\/paragraph\/instances\/cmfv2irr7000h356nobi8c605@published\" data-editable=\"text\" data-component-name=\"paragraph\" data-article-gutter=\"true\">\n            Gabrielle ya genera marejadas que afectan a Bermudas y que alcanzan la costa este de Estados Unidos desde Carolina del Norte hacia el norte, as\u00ed como a las provincias atl\u00e1nticas de Canad\u00e1. Estas marejadas continuar\u00e1n durante los pr\u00f3ximos d\u00edas y probablemente causen corrientes de resaca y condiciones de oleaje peligrosas.\n    <\/p>\n<p class=\"paragraph inline-placeholder vossi-paragraph\" data-uri=\"es.cms.cnn.com\/_components\/paragraph\/instances\/cmfv2ii4j000e356nihhpfzsp@published\" data-editable=\"text\" data-component-name=\"paragraph\" data-article-gutter=\"true\">\n            Gabrielle fue la primera tormenta tropical en el Atl\u00e1ntico desde que Fernand se debilit\u00f3 el 28 de agosto.\n    <\/p>\n<p class=\"paragraph inline-placeholder vossi-paragraph\" data-uri=\"es.cms.cnn.com\/_components\/paragraph\/instances\/cmfv2luct000r356nd51dijby@published\" data-editable=\"text\" data-component-name=\"paragraph\" data-article-gutter=\"true\">\n            Por segunda vez desde 1950, el Atl\u00e1ntico estuvo libre de tormentas del 29 de agosto al 16 de septiembre, <a href=\"https:\/\/tropical.colostate.edu\/Forecast\/2025_0909_seasondiscussion.pdf\" target=\"_blank\" rel=\"nofollow noopener\">seg\u00fan el Dr. Phil Klotzbach<\/a>, experto en huracanes e investigador de la Universidad Estatal de Colorado.\n    <\/p>\n<p class=\"paragraph inline-placeholder vossi-paragraph\" data-uri=\"es.cms.cnn.com\/_components\/paragraph\/instances\/cmfv2luct000s356nmyjey9so@published\" data-editable=\"text\" data-component-name=\"paragraph\" data-article-gutter=\"true\">\n            La \u00faltima vez que esto ocurri\u00f3 fue durante un periodo de calma tras el devastador paso del hurac\u00e1n Andrew por Estados Unidos, en 1992.\n    <\/p>\n<p>       <img decoding=\"async\" src=\"https:\/\/www.europesays.com\/es\/wp-content\/uploads\/2025\/09\/gabrielle-trayectoria.jpg\" alt=\"Gabrielle trayectoria.jpg\" class=\"image__dam-img image__dam-img--loading\" onload=\"this.classList.remove('image__dam-img--loading')\" onerror=\"imageLoadError(this)\" height=\"720\" width=\"877\" loading=\"lazy\"\/><\/p>\n","protected":false},"excerpt":{"rendered":"CNN \u00a0\u2014\u00a0 El hurac\u00e1n Gabrielle se intensific\u00f3 con fuerza en el Atl\u00e1ntico el lunes por la ma\u00f1ana y&hellip;\n","protected":false},"author":2,"featured_media":131961,"comment_status":"","ping_status":"","sticky":false,"template":"","format":"standard","meta":{"footnotes":""},"categories":[42],"tags":[17,18,13,14,11,42172,61,62,63,64,19,20,9,10,15,16,12,42173,21,22,65,66,67],"class_list":{"0":"post-131960","1":"post","2":"type-post","3":"status-publish","4":"format-standard","5":"has-post-thumbnail","7":"category-internacional","8":"tag-breaking-news","9":"tag-breakingnews","10":"tag-featured-news","11":"tag-featurednews","12":"tag-headlines","13":"tag-huracan-gabrielle","14":"tag-internacional","15":"tag-international","16":"tag-international-news","17":"tag-internationalnews","18":"tag-latest-news","19":"tag-latestnews","20":"tag-news","21":"tag-noticias","22":"tag-noticias-destacadas","23":"tag-noticiasdestacadas","24":"tag-titulares","25":"tag-tormenta-tropical","26":"tag-ultimas-noticias","27":"tag-ultimasnoticias","28":"tag-world","29":"tag-world-news","30":"tag-worldnews"},"share_on_mastodon":{"url":"","error":""},"_links":{"self":[{"href":"https:\/\/www.europesays.com\/es\/wp-json\/wp\/v2\/posts\/131960","targetHints":{"allow":["GET"]}}],"collection":[{"href":"https:\/\/www.europesays.com\/es\/wp-json\/wp\/v2\/posts"}],"about":[{"href":"https:\/\/www.europesays.com\/es\/wp-json\/wp\/v2\/types\/post"}],"author":[{"embeddable":true,"href":"https:\/\/www.europesays.com\/es\/wp-json\/wp\/v2\/users\/2"}],"replies":[{"embeddable":true,"href":"https:\/\/www.europesays.com\/es\/wp-json\/wp\/v2\/comments?post=131960"}],"version-history":[{"count":0,"href":"https:\/\/www.europesays.com\/es\/wp-json\/wp\/v2\/posts\/131960\/revisions"}],"wp:featuredmedia":[{"embeddable":true,"href":"https:\/\/www.europesays.com\/es\/wp-json\/wp\/v2\/media\/131961"}],"wp:attachment":[{"href":"https:\/\/www.europesays.com\/es\/wp-json\/wp\/v2\/media?parent=131960"}],"wp:term":[{"taxonomy":"category","embeddable":true,"href":"https:\/\/www.europesays.com\/es\/wp-json\/wp\/v2\/categories?post=131960"},{"taxonomy":"post_tag","embeddable":true,"href":"https:\/\/www.europesays.com\/es\/wp-json\/wp\/v2\/tags?post=131960"}],"curies":[{"name":"wp","href":"https:\/\/api.w.org\/{rel}","templated":true}]}}