{"id":131962,"date":"2025-09-22T14:38:09","date_gmt":"2025-09-22T14:38:09","guid":{"rendered":"https:\/\/www.europesays.com\/es\/131962\/"},"modified":"2025-09-22T14:38:09","modified_gmt":"2025-09-22T14:38:09","slug":"la-jueza-abre-juicio-oral-contra-la-pareja-de-ayuso-gonzalez-amador-por-presunto-fraude-fiscal-y-organizacion-criminal","status":"publish","type":"post","link":"https:\/\/www.europesays.com\/es\/131962\/","title":{"rendered":"La jueza abre juicio oral contra la pareja de Ayuso, Gonz\u00e1lez Amador, por presunto fraude fiscal y organizaci\u00f3n criminal"},"content":{"rendered":"<p>La magistrada que investiga a Alberto Gonz\u00e1lez Amador, pareja de la presidenta de la Comunidad de Madrid, Isabel D\u00edaz Ayuso, ha acordado abrirle juicio oral por presunto fraude fiscal, delito continuado contable y pertenencia a organizaci\u00f3n criminal. <\/p>\n<p>En un auto fechado este lunes y al que ha tenido acceso RTVE, el juzgado de instrucci\u00f3n 19 de Madrid acuerda la apertura de juicio y \u00abtiene por formulada la acusaci\u00f3n\u00bb contra el empresario por defraudar presuntamente a Hacienda 350.951 euros y servirse de una trama de facturas falsas para ello. <\/p>\n<p>La jueza Inmaculada Iglesias, ya apartada del juzgado al solicitar la jubilaci\u00f3n voluntaria, proces\u00f3 a Gonz\u00e1lez Amador por la presunta comisi\u00f3n de dos delitos fiscales y uno de falsedad documental en relaci\u00f3n a un supuesto fraude fiscal cometido en 2020 y 2021. Ahora, ser\u00e1 juzgado por ello y se a\u00f1ade un posible delito de pertenencia a organizaci\u00f3n criminal, tal y como solicitaban las acusaciones. <\/p>\n<p>El pasado 24 de febrero, el novio de la presidenta regional se neg\u00f3 a declarar ante la magistrada. Gonz\u00e1lez Amador se acogi\u00f3 a su derecho a no declarar por consejo de sus letrados hasta que se resolviera el recurso que estaba entonces pendiente sobre la apertura de la pieza separada. <\/p>\n<p>(NOTICIA EN AMPLIACI\u00d3N) <\/p>\n","protected":false},"excerpt":{"rendered":"La magistrada que investiga a Alberto Gonz\u00e1lez Amador, pareja de la presidenta de la Comunidad de Madrid, Isabel&hellip;\n","protected":false},"author":2,"featured_media":90366,"comment_status":"","ping_status":"","sticky":false,"template":"","format":"standard","meta":{"footnotes":""},"categories":[8],"tags":[17,18,25,24,13,14,11,19,20,9,10,15,16,23,12,21,22],"class_list":{"0":"post-131962","1":"post","2":"type-post","3":"status-publish","4":"format-standard","5":"has-post-thumbnail","7":"category-espana","8":"tag-breaking-news","9":"tag-breakingnews","10":"tag-es","11":"tag-espana","12":"tag-featured-news","13":"tag-featurednews","14":"tag-headlines","15":"tag-latest-news","16":"tag-latestnews","17":"tag-news","18":"tag-noticias","19":"tag-noticias-destacadas","20":"tag-noticiasdestacadas","21":"tag-spain","22":"tag-titulares","23":"tag-ultimas-noticias","24":"tag-ultimasnoticias"},"share_on_mastodon":{"url":"","error":""},"_links":{"self":[{"href":"https:\/\/www.europesays.com\/es\/wp-json\/wp\/v2\/posts\/131962","targetHints":{"allow":["GET"]}}],"collection":[{"href":"https:\/\/www.europesays.com\/es\/wp-json\/wp\/v2\/posts"}],"about":[{"href":"https:\/\/www.europesays.com\/es\/wp-json\/wp\/v2\/types\/post"}],"author":[{"embeddable":true,"href":"https:\/\/www.europesays.com\/es\/wp-json\/wp\/v2\/users\/2"}],"replies":[{"embeddable":true,"href":"https:\/\/www.europesays.com\/es\/wp-json\/wp\/v2\/comments?post=131962"}],"version-history":[{"count":0,"href":"https:\/\/www.europesays.com\/es\/wp-json\/wp\/v2\/posts\/131962\/revisions"}],"wp:featuredmedia":[{"embeddable":true,"href":"https:\/\/www.europesays.com\/es\/wp-json\/wp\/v2\/media\/90366"}],"wp:attachment":[{"href":"https:\/\/www.europesays.com\/es\/wp-json\/wp\/v2\/media?parent=131962"}],"wp:term":[{"taxonomy":"category","embeddable":true,"href":"https:\/\/www.europesays.com\/es\/wp-json\/wp\/v2\/categories?post=131962"},{"taxonomy":"post_tag","embeddable":true,"href":"https:\/\/www.europesays.com\/es\/wp-json\/wp\/v2\/tags?post=131962"}],"curies":[{"name":"wp","href":"https:\/\/api.w.org\/{rel}","templated":true}]}}